{"id":129828,"date":"2021-03-29T17:30:00","date_gmt":"2021-03-29T16:30:00","guid":{"rendered":"http:\/\/www.tucomarca.com\/wordpress\/segunda\/?p=129828"},"modified":"2021-03-29T17:57:58","modified_gmt":"2021-03-29T16:57:58","slug":"maria-amparo-pardo-es-elegida-nova-presidenta-del-partit-popular-de-godelleta","status":"publish","type":"post","link":"https:\/\/tucomarca.whitekongsoftware.com\/ca\/maria-amparo-pardo-es-elegida-nova-presidenta-del-partit-popular-de-godelleta\/","title":{"rendered":"Mar\u00eda Amparo Pardo \u00e9s elegida nova presidenta del Partit Popular de Godelleta"},"content":{"rendered":"\n<p class=\"wp-block-paragraph\">Aquest diumenge, dia 28 de mar\u00e7, en la localitat de Godelleta, es va celebrar l&#8217;Assemblea Local del Partit Popular, l&#8217;acte del qual va comen\u00e7ar a les 9,00 hores.<\/p>\n\n\n\n<p class=\"wp-block-paragraph\">&#8220;Despr\u00e9s d&#8217;un mat\u00ed entre amics, amb una candidatura encap\u00e7alada per M\u00aa Amparo Pardo Luj\u00e1n, queda proclamada Presidenta Local del Partit Popular en la localitat de Godelleta&#8221;, tal com han informat fonts del partit.<\/p>\n\n\n\n<p class=\"wp-block-paragraph\">&#8220;Estem segurs que ha sigut una bona elecci\u00f3. Sabem que tenim molta faena per davant, i M\u00aa Amparo \u00e9s la candidata perfecta per a portar la presid\u00e8ncia del partit&#8221;, han afegit.<\/p>\n\n\n\n<p class=\"wp-block-paragraph\">&#8220;Amb ella, el partit agafa un rumb de comprom\u00eds i responsabilitat. Una etapa dirigida a afrontar els pr\u00f2xims comicis i enfortir el partit en el municipi&#8221;.<\/p>\n\n\n\n<p class=\"wp-block-paragraph\">&#8220;Apostar per persones compromeses i treballadores per a recuperar la for\u00e7a del projecte i treballar pels ve\u00efns, \u00e9s el que el partit necessita. I amb ella ho aconseguirem&#8221;, han finalitzat.<\/p>\n","protected":false},"excerpt":{"rendered":"<div class=\"mh-excerpt\">Aquest diumenge, dia 28 de mar\u00e7, en la localitat de Godelleta, es va celebrar l&#8217;Assemblea Local del Partit Popular, l&#8217;acte del qual va comen\u00e7ar a les 9,00 hores. &#8220;Despr\u00e9s d&#8217;un mat\u00ed entre amics, amb una <a class=\"mh-excerpt-more\" href=\"https:\/\/tucomarca.whitekongsoftware.com\/ca\/maria-amparo-pardo-es-elegida-nova-presidenta-del-partit-popular-de-godelleta\/\" title=\"Mar\u00eda Amparo Pardo \u00e9s elegida nova presidenta del Partit Popular de Godelleta\">[+] <\/a><\/div>\n","protected":false},"author":1,"featured_media":129826,"comment_status":"open","ping_status":"open","sticky":false,"template":"","format":"standard","meta":{"footnotes":""},"categories":[10977,10948,10894,10912,10947,10896],"tags":[11087,10914,11978],"class_list":["post-129828","post","type-post","status-publish","format-standard","has-post-thumbnail","category-godelleta-ca","category-infraestructuras-ca","category-la-comarca-ca","category-la-hoya-ca","category-politica","category-seccion-ca","tag-godelleta-ca","tag-la-hoya-de-bunol-chiva-ca","tag-partido-popular-ca"],"_links":{"self":[{"href":"https:\/\/tucomarca.whitekongsoftware.com\/ca\/wp-json\/wp\/v2\/posts\/129828","targetHints":{"allow":["GET"]}}],"collection":[{"href":"https:\/\/tucomarca.whitekongsoftware.com\/ca\/wp-json\/wp\/v2\/posts"}],"about":[{"href":"https:\/\/tucomarca.whitekongsoftware.com\/ca\/wp-json\/wp\/v2\/types\/post"}],"author":[{"embeddable":true,"href":"https:\/\/tucomarca.whitekongsoftware.com\/ca\/wp-json\/wp\/v2\/users\/1"}],"replies":[{"embeddable":true,"href":"https:\/\/tucomarca.whitekongsoftware.com\/ca\/wp-json\/wp\/v2\/comments?post=129828"}],"version-history":[{"count":0,"href":"https:\/\/tucomarca.whitekongsoftware.com\/ca\/wp-json\/wp\/v2\/posts\/129828\/revisions"}],"wp:featuredmedia":[{"embeddable":true,"href":"https:\/\/tucomarca.whitekongsoftware.com\/ca\/wp-json\/wp\/v2\/media\/129826"}],"wp:attachment":[{"href":"https:\/\/tucomarca.whitekongsoftware.com\/ca\/wp-json\/wp\/v2\/media?parent=129828"}],"wp:term":[{"taxonomy":"category","embeddable":true,"href":"https:\/\/tucomarca.whitekongsoftware.com\/ca\/wp-json\/wp\/v2\/categories?post=129828"},{"taxonomy":"post_tag","embeddable":true,"href":"https:\/\/tucomarca.whitekongsoftware.com\/ca\/wp-json\/wp\/v2\/tags?post=129828"}],"curies":[{"name":"wp","href":"https:\/\/api.w.org\/{rel}","templated":true}]}}