{"id":129713,"date":"2021-03-28T18:05:00","date_gmt":"2021-03-28T17:05:00","guid":{"rendered":"http:\/\/www.tucomarca.com\/wordpress\/segunda\/?p=129713"},"modified":"2021-03-28T20:33:02","modified_gmt":"2021-03-28T19:33:02","slug":"el-pspv-psoe-planteja-un-pla-contra-la-despoblacio-i-per-a-la-creacio-docupacio-en-larea-de-cofrents-despres-del-tancament-de-la-central-nuclear","status":"publish","type":"post","link":"https:\/\/tucomarca.whitekongsoftware.com\/ca\/el-pspv-psoe-planteja-un-pla-contra-la-despoblacio-i-per-a-la-creacio-docupacio-en-larea-de-cofrents-despres-del-tancament-de-la-central-nuclear\/","title":{"rendered":"El PSPV-PSOE planteja un pla contra la despoblaci\u00f3 i per a la creaci\u00f3 d&#8217;ocupaci\u00f3 en l&#8217;\u00e0rea de Cofrents despr\u00e9s del tancament de la central nuclear"},"content":{"rendered":"\n<h4 class=\"wp-block-heading\"><strong>Els portaveus d&#8217;Agricultura i Medi Ambient del Grup Socialista en Les Corts, David Calvo i Paco Gil, presenten una PNL per a aprovar un pla pluriennal en col\u00b7laboraci\u00f3 amb el Govern central, les administracions locals i els agents afectats per a \u201canticipar-se a les conseq\u00fc\u00e8ncies socioecon\u00f2miques\u201d del cessament d&#8217;activitat de la central, previst per a 2030<\/strong><\/h4>\n\n\n\n<h4 class=\"wp-block-heading\"><strong>Plantegen que s&#8217;impulse el Pla E\u00f2lic i l&#8217;energia fotovoltaica per a aconseguir una capacitat el\u00e8ctrica equiparable, aix\u00ed com que el Consell oferisca incentius per a afavorir la inversi\u00f3 privada en aquesta \u00e0rea<\/strong><\/h4>\n\n\n\n<p class=\"wp-block-paragraph\">Els portaveus d&#8217;Agricultura i Medi Ambient del Grup Socialista en Les Corts, David Calvo i Paco Gil, han presentat una Proposici\u00f3 No de Llei (PNL) que proposa aprovar un pla de dinamitzaci\u00f3 de l&#8217;ocupaci\u00f3 en l&#8217;\u00e0rea de Cofrentes despr\u00e9s del tancament de la central nuclear, previst per a 2030, aix\u00ed com la reindustralizaci\u00f3n de la zona de la Vall d&#8217;Ayora-Cofrentes i Requena-Utiel, i l&#8217;impuls de les energies renovables. Aix\u00ed ho recull la iniciativa, que planteja que el Consell incentive a les empreses que creen ocupaci\u00f3 en la zona i contribu\u00efsquen a la reindustrialitzaci\u00f3 d&#8217;aquestes comarques i a evitar la despoblaci\u00f3 despr\u00e9s del tancament de la planta.\u201cAra que ja s&#8217;ha aprovat el cessament definitiu d&#8217;activitat de la central, s&#8217;obri l&#8217;oportunitat de planificar el futur de la zona en la qual es troba la nuclear, i hem de centrar els esfor\u00e7os en el dia despr\u00e9s de pitjar al bot\u00f3 d&#8217;apagat\u201d, ha considerat Calvo, que ha apostat per \u201cuna transici\u00f3 justa en l&#8217;\u00e0rea d&#8217;influ\u00e8ncia de la central\u201d a trav\u00e9s de \u201cun pla real i efectiu de dinamitzaci\u00f3 empresarial des d&#8217;una mirada sostenible\u201d. Per part seua, Paco Gil ha afegit que \u201c\u00e9s el moment de fomentar les energies renovables per a poder substituir la producci\u00f3 energ\u00e8tica nuclear quan el tancament de la central siga efectiu\u201d i ha recordat que tots dos diputats tenen prevista una visita a la zona i una reuni\u00f3 amb l&#8217;alcalde de Cofrentes per a abordar aquestes iniciatives.<\/p>\n\n\n\n<p class=\"wp-block-paragraph\">En concret, la PNL planteja l&#8217;elaboraci\u00f3 d&#8217;un pla contra la despoblaci\u00f3 i per la reactivaci\u00f3 econ\u00f2mica per a l&#8217;\u00e0rea d&#8217;influ\u00e8ncia de la Central Nuclear de Cofrentes, que incloga alternatives industrials per al manteniment de l&#8217;activitat econ\u00f2mica i l&#8217;ocupaci\u00f3. Un pla, ha explicat Calvo, que ser\u00e0 pluriennal i que es desenvolupar\u00e0 en col\u00b7laboraci\u00f3 amb el Govern d&#8217;Espanya, les administracions territorials implicades, com a ajuntaments o mancomunitats, i els agents sociecon\u00f3micos. En el terreny econ\u00f2mic, en la iniciativa es planteja la posada en marxa de plans de dinamitzaci\u00f3 de l&#8217;ocupaci\u00f3 local en el marc del Pla Avalem Territori, aix\u00ed com la concessi\u00f3 d&#8217;incentius per part del Consell per a afavorir la inversi\u00f3 privada en aquest \u00e0rea. Per a finan\u00e7ar aquestes accions, es proposa incloure l\u00ednies espec\u00edfiques en els pressupostos de la Generalitat, a m\u00e9s d&#8217;estudiar l&#8217;aplicaci\u00f3 de fons europeus i programes de finan\u00e7ament del Banc Europeu d&#8217;Inversi\u00f3 per al foment de l&#8217;emprenedoria. En la iniciativa, a m\u00e9s, s&#8217;insta el Govern d&#8217;Espanya a cofinan\u00e7ar aquests plans amb els Pressupostos Generals de l&#8217;Estat.<\/p>\n\n\n\n<p class=\"wp-block-paragraph\">\u201cQueda quasi una d\u00e8cada per a iniciar el desmantellament definitiu de la central, i tenim temps per a fer les coses b\u00e9\u201d, ha ressaltat el portaveu socialista d&#8217;Agricultura, que ha cridat a \u201cplanificar, desenvolupar i posar en marxa un projecte que contemple el futur de les comarques de la Vall d&#8217;Ayora-Cofrentes i Requena-Utiel des de tots els punts de vista\u201d. \u201cEls i les socialistes tenim un comprom\u00eds amb la transici\u00f3 energ\u00e8tica, per\u00f2 aquesta ha de ser rigorosa i justa, especialment en una zona que ha dep\u00e9s del sector de l&#8217;energia durant d\u00e8cades\u201d, ha considerat, i ha concl\u00f2s que \u201c\u00e9s el moment de fer un treball conscienci\u00f3s i pensar ja en el dia de despr\u00e9s del tancament per a aconseguir que ning\u00fa es quede arrere\u201d.<\/p>\n","protected":false},"excerpt":{"rendered":"<div class=\"mh-excerpt\">Els portaveus d&#8217;Agricultura i Medi Ambient del Grup Socialista en Les Corts, David Calvo i Paco Gil, presenten una PNL per a aprovar un pla pluriennal en col\u00b7laboraci\u00f3 amb el Govern central, les administracions locals <a class=\"mh-excerpt-more\" href=\"https:\/\/tucomarca.whitekongsoftware.com\/ca\/el-pspv-psoe-planteja-un-pla-contra-la-despoblacio-i-per-a-la-creacio-docupacio-en-larea-de-cofrents-despres-del-tancament-de-la-central-nuclear\/\" title=\"El PSPV-PSOE planteja un pla contra la despoblaci\u00f3 i per a la creaci\u00f3 d&#8217;ocupaci\u00f3 en l&#8217;\u00e0rea de Cofrents despr\u00e9s del tancament de la central nuclear\">[+] <\/a><\/div>\n","protected":false},"author":12,"featured_media":126478,"comment_status":"open","ping_status":"open","sticky":false,"template":"","format":"standard","meta":{"footnotes":""},"categories":[10951,10955,10948,10894,10904,10903,10947,10909,10897],"tags":[12446,11480,12166,11319,10910,11440],"class_list":["post-129713","post","type-post","status-publish","format-standard","has-post-thumbnail","category-ayora-cofrentes-ca","category-cofrentes-ca","category-infraestructuras-ca","category-la-comarca-ca","category-sin-categorizar-ca","category-medio-ambiente-la-comarca-ca","category-politica","category-requena-utiel-ca","category-sucesos-la-comarca-ca","tag-central-nuclear-ca","tag-cofrentes-ca","tag-medio-ambiente-ca","tag-pspv-psoe-ca","tag-requena-utiel-ca","tag-valle-de-ayora-cofrentes-ca"],"_links":{"self":[{"href":"https:\/\/tucomarca.whitekongsoftware.com\/ca\/wp-json\/wp\/v2\/posts\/129713","targetHints":{"allow":["GET"]}}],"collection":[{"href":"https:\/\/tucomarca.whitekongsoftware.com\/ca\/wp-json\/wp\/v2\/posts"}],"about":[{"href":"https:\/\/tucomarca.whitekongsoftware.com\/ca\/wp-json\/wp\/v2\/types\/post"}],"author":[{"embeddable":true,"href":"https:\/\/tucomarca.whitekongsoftware.com\/ca\/wp-json\/wp\/v2\/users\/12"}],"replies":[{"embeddable":true,"href":"https:\/\/tucomarca.whitekongsoftware.com\/ca\/wp-json\/wp\/v2\/comments?post=129713"}],"version-history":[{"count":0,"href":"https:\/\/tucomarca.whitekongsoftware.com\/ca\/wp-json\/wp\/v2\/posts\/129713\/revisions"}],"wp:featuredmedia":[{"embeddable":true,"href":"https:\/\/tucomarca.whitekongsoftware.com\/ca\/wp-json\/wp\/v2\/media\/126478"}],"wp:attachment":[{"href":"https:\/\/tucomarca.whitekongsoftware.com\/ca\/wp-json\/wp\/v2\/media?parent=129713"}],"wp:term":[{"taxonomy":"category","embeddable":true,"href":"https:\/\/tucomarca.whitekongsoftware.com\/ca\/wp-json\/wp\/v2\/categories?post=129713"},{"taxonomy":"post_tag","embeddable":true,"href":"https:\/\/tucomarca.whitekongsoftware.com\/ca\/wp-json\/wp\/v2\/tags?post=129713"}],"curies":[{"name":"wp","href":"https:\/\/api.w.org\/{rel}","templated":true}]}}