{"id":129678,"date":"2021-03-27T13:00:00","date_gmt":"2021-03-27T12:00:00","guid":{"rendered":"http:\/\/www.tucomarca.com\/wordpress\/segunda\/?p=129678"},"modified":"2021-03-28T02:51:18","modified_gmt":"2021-03-28T01:51:18","slug":"la-biblioteca-de-riba-roja-es-reinventa-a-lepoca-del-covid-i-organitza-la-ii-marato-de-contes-infantils-per-fomentar-ne-la-lectura","status":"publish","type":"post","link":"https:\/\/tucomarca.whitekongsoftware.com\/ca\/la-biblioteca-de-riba-roja-es-reinventa-a-lepoca-del-covid-i-organitza-la-ii-marato-de-contes-infantils-per-fomentar-ne-la-lectura\/","title":{"rendered":"La biblioteca de Riba-roja es reinventa a l\u2019\u00e8poca del Covid i organitza la II Marat\u00f3 de contes infantils per fomentar-ne la lectura"},"content":{"rendered":"\n<h4 class=\"wp-block-heading\">L\u2019acte coincidir\u00e0 amb el Dia de Llibre que se celebrar\u00e0 el proper 2 d\u2019abril&nbsp;<\/h4>\n\n\n\n<p class=\"wp-block-paragraph\">La impossibilitat del contacte f\u00edsic ha emp\u00e8s la Biblioteca Municipal de Riba-roja de T\u00faria ha reinventar-se i adaptar-se a l\u2019\u00e8poca del Covid-19 amb l\u2019organitzaci\u00f3 de la \u201cII Marat\u00f3 de contes: Quants contes pots contar\u201d, adre\u00e7at als infants de tercer i quart de prim\u00e0ria dels col\u00b7legis de la localitat. Els actes coincideixen, precisament, per commemorar el Dia del Llibre Infantil que tindr\u00e0 lloc el proper 2 d\u2019abril.&nbsp;<\/p>\n\n\n\n<p class=\"wp-block-paragraph\">La situaci\u00f3 de pand\u00e8mia que va comen\u00e7ar en mar\u00e7 de l\u2019any passat va emp\u00e8nyer els responsables de la biblioteca municipal de Riba-roja de T\u00faria a buscar alternatives al confinament de forma que una activitat l\u00fadica i alhora cultural i d\u2019aprenentatge poguera omplir el temps de lleure dels xiquets i xiquetes de la localitat en un moment en qu\u00e8 no era possible ixir al carrer ni reunir-se amb els amics.&nbsp; &nbsp;<\/p>\n\n\n\n<p class=\"wp-block-paragraph\">Amb l\u2019experi\u00e8ncia de la improvisaci\u00f3 amb qu\u00e8 es va organitzar la primera marat\u00f3 de l\u2019any passat, enguany s\u2019han incorporat nous aspectes en el desenvolupament d\u2019una activitat que pret\u00e9n ser-ne una eina essencial per fomentar-ne la lectura i les habilitats dels participants a l\u2019hora d\u2019aprofundir en la seua capacitat d\u2019inventar hist\u00f2ries i al mateix temps de saber plasmar-les en un registre oral.&nbsp;<\/p>\n\n\n\n<p class=\"wp-block-paragraph\">La II Marat\u00f3 de Contes de Riba-roja est\u00e0 adre\u00e7ada a tots els xiquets i xiquetes de la localitat del segon cicle de prim\u00e0ria, tercer i quart curs, i, per aix\u00f2, enguany s\u2019ha adre\u00e7at una carta a tots els centres educatius p\u00fablics i concertats a fi que hi haja el major nombre de participants en esta activitat cultural. Els participants potencials tindran fins el proper 12 de mar\u00e7 per lliurar els seus treballs.&nbsp;<\/p>\n\n\n\n<p class=\"wp-block-paragraph\">Precisament, per participar-hi hauran d\u2019inventar un conte i narrar-lo per mitj\u00e0 d\u2019un \u00e0udio d\u2019una durada m\u00e0xima de tres minuts i, a continuaci\u00f3, remetre\u2019l a la biblioteca municipal de Riba-roja de T\u00faria. Els contes es podran narrar, indistintament, en valenci\u00e0 o en castell\u00e0.&nbsp;<\/p>\n\n\n\n<p class=\"wp-block-paragraph\">Despr\u00e9s, els responsables de la biblioteca se n\u2019encarregaran d\u2019unir els contes de tots els participants, per mitj\u00e0 d\u2019eines t\u00e8cniques adients, de forma que, finalment, es podran escoltar tots seguits a totes les xarxes socials de l\u2019Ajuntament de Riba-roja de T\u00faria i als mitjans de comunicaci\u00f3 p\u00fablics. De fet, els participants de l\u2019edici\u00f3 anterior van permetre reunir fins a 35 minuts de contes.&nbsp;<\/p>\n\n\n\n<p class=\"wp-block-paragraph\">Els \u00e0udios units es podran escoltar tot coincidint amb el Dia del Llibre Infantil del proper 2 d\u2019abril que, tot i la situaci\u00f3 de pand\u00e8mia, es pret\u00e9n que els m\u00e9s joves puguen endinsar-se en el m\u00f3n de la literatura i alhora desenvolupen les capacitats orals que els servir\u00e0 als seus estudis lectius, especialment en l\u2019estructura del discurs narratiu i en un major bagatge del seu vocabulari, tant en castell\u00e0 com en valenci\u00e0.&nbsp;<\/p>\n\n\n\n<p class=\"wp-block-paragraph\">Tot i que els contes es presentaran en un registre oral tot adaptant-se als nous temps en qu\u00e8 predominen els mitjans tecnol\u00f2gics de darrera generaci\u00f3, l\u2019activitat de la Biblioteca Municipal de Riba-roja de T\u00faria pret\u00e9n incloure un tarann\u00e0 transversal als estudis dels mateixos participants de forma que puguen dominar, en un futur, els vessants escrits i orals de la literatura i la seua estima per la lectura. &nbsp;<\/p>\n\n\n\n<p class=\"wp-block-paragraph\">La Regidora de Cultura, Z\u00e1fira P\u00e9rez, ha destacat \u201cl\u2019enorme treball, esfor\u00e7 i enginy de les treballadores de la biblioteca municipal de Riba-roja per a continuar fomentant activitats i actes dels nostres joves tot adaptant-se a les circumst\u00e0ncies a qu\u00e8 ens obliga la pand\u00e8mia per q\u00fcestions de contacte f\u00edsic o dist\u00e0ncia social, m\u00e9s tenint en compte l\u2019\u00e8xit notable que va tindre este mateix acte durant els durs mesos de confinament\u201d.<\/p>\n\n\n\n<figure class=\"wp-block-gallery columns-3 is-cropped wp-block-gallery-1 is-layout-flex wp-block-gallery-is-layout-flex\"><ul class=\"blocks-gallery-grid\"><li class=\"blocks-gallery-item\"><figure><img loading=\"lazy\" decoding=\"async\" width=\"900\" height=\"600\" src=\"http:\/\/www.tucomarca.com\/wordpress\/segunda\/wp-content\/uploads\/2021\/03\/CARTELLMARAT0.jpg\" alt=\"\" data-id=\"129667\" data-full-url=\"http:\/\/www.tucomarca.com\/wordpress\/segunda\/wp-content\/uploads\/2021\/03\/CARTELLMARAT0.jpg\" data-link=\"http:\/\/www.tucomarca.com\/wordpress\/segunda\/?attachment_id=129667\" class=\"wp-image-129667\" srcset=\"https:\/\/tucomarca.whitekongsoftware.com\/wp-content\/uploads\/2021\/03\/CARTELLMARAT0.jpg 900w, https:\/\/tucomarca.whitekongsoftware.com\/wp-content\/uploads\/2021\/03\/CARTELLMARAT0-300x200.jpg 300w, https:\/\/tucomarca.whitekongsoftware.com\/wp-content\/uploads\/2021\/03\/CARTELLMARAT0-768x512.jpg 768w\" sizes=\"auto, (max-width: 900px) 100vw, 900px\" \/><\/figure><\/li><li class=\"blocks-gallery-item\"><figure><img loading=\"lazy\" decoding=\"async\" width=\"1024\" height=\"680\" src=\"http:\/\/www.tucomarca.com\/wordpress\/segunda\/wp-content\/uploads\/2021\/03\/ConteEdu-1024x680.jpg\" alt=\"\" data-id=\"129669\" data-full-url=\"http:\/\/www.tucomarca.com\/wordpress\/segunda\/wp-content\/uploads\/2021\/03\/ConteEdu.jpg\" data-link=\"http:\/\/www.tucomarca.com\/wordpress\/segunda\/?attachment_id=129669\" class=\"wp-image-129669\" srcset=\"https:\/\/tucomarca.whitekongsoftware.com\/wp-content\/uploads\/2021\/03\/ConteEdu-1024x680.jpg 1024w, https:\/\/tucomarca.whitekongsoftware.com\/wp-content\/uploads\/2021\/03\/ConteEdu-300x199.jpg 300w, https:\/\/tucomarca.whitekongsoftware.com\/wp-content\/uploads\/2021\/03\/ConteEdu-768x510.jpg 768w, https:\/\/tucomarca.whitekongsoftware.com\/wp-content\/uploads\/2021\/03\/ConteEdu.jpg 1356w\" sizes=\"auto, (max-width: 1024px) 100vw, 1024px\" \/><\/figure><\/li><li class=\"blocks-gallery-item\"><figure><img loading=\"lazy\" decoding=\"async\" width=\"1024\" height=\"798\" src=\"http:\/\/www.tucomarca.com\/wordpress\/segunda\/wp-content\/uploads\/2021\/03\/ConteEvaiAnaM-1024x798.jpg\" alt=\"\" data-id=\"129671\" data-full-url=\"http:\/\/www.tucomarca.com\/wordpress\/segunda\/wp-content\/uploads\/2021\/03\/ConteEvaiAnaM.jpg\" data-link=\"http:\/\/www.tucomarca.com\/wordpress\/segunda\/?attachment_id=129671\" class=\"wp-image-129671\" srcset=\"https:\/\/tucomarca.whitekongsoftware.com\/wp-content\/uploads\/2021\/03\/ConteEvaiAnaM-1024x798.jpg 1024w, https:\/\/tucomarca.whitekongsoftware.com\/wp-content\/uploads\/2021\/03\/ConteEvaiAnaM-300x234.jpg 300w, https:\/\/tucomarca.whitekongsoftware.com\/wp-content\/uploads\/2021\/03\/ConteEvaiAnaM-768x599.jpg 768w, https:\/\/tucomarca.whitekongsoftware.com\/wp-content\/uploads\/2021\/03\/ConteEvaiAnaM-1536x1197.jpg 1536w, https:\/\/tucomarca.whitekongsoftware.com\/wp-content\/uploads\/2021\/03\/ConteEvaiAnaM.jpg 1600w\" sizes=\"auto, (max-width: 1024px) 100vw, 1024px\" \/><\/figure><\/li><li class=\"blocks-gallery-item\"><figure><img loading=\"lazy\" decoding=\"async\" width=\"1024\" height=\"768\" src=\"http:\/\/www.tucomarca.com\/wordpress\/segunda\/wp-content\/uploads\/2021\/03\/ConteMonica-1024x768.jpg\" alt=\"\" data-id=\"129673\" data-full-url=\"http:\/\/www.tucomarca.com\/wordpress\/segunda\/wp-content\/uploads\/2021\/03\/ConteMonica.jpg\" data-link=\"http:\/\/www.tucomarca.com\/wordpress\/segunda\/?attachment_id=129673\" class=\"wp-image-129673\" srcset=\"https:\/\/tucomarca.whitekongsoftware.com\/wp-content\/uploads\/2021\/03\/ConteMonica-1024x768.jpg 1024w, https:\/\/tucomarca.whitekongsoftware.com\/wp-content\/uploads\/2021\/03\/ConteMonica-300x225.jpg 300w, https:\/\/tucomarca.whitekongsoftware.com\/wp-content\/uploads\/2021\/03\/ConteMonica-768x576.jpg 768w, https:\/\/tucomarca.whitekongsoftware.com\/wp-content\/uploads\/2021\/03\/ConteMonica-1536x1152.jpg 1536w, https:\/\/tucomarca.whitekongsoftware.com\/wp-content\/uploads\/2021\/03\/ConteMonica-678x509.jpg 678w, https:\/\/tucomarca.whitekongsoftware.com\/wp-content\/uploads\/2021\/03\/ConteMonica-326x245.jpg 326w, https:\/\/tucomarca.whitekongsoftware.com\/wp-content\/uploads\/2021\/03\/ConteMonica-80x60.jpg 80w, https:\/\/tucomarca.whitekongsoftware.com\/wp-content\/uploads\/2021\/03\/ConteMonica.jpg 1600w\" sizes=\"auto, (max-width: 1024px) 100vw, 1024px\" \/><\/figure><\/li><li class=\"blocks-gallery-item\"><figure><img loading=\"lazy\" decoding=\"async\" width=\"709\" height=\"1024\" src=\"http:\/\/www.tucomarca.com\/wordpress\/segunda\/wp-content\/uploads\/2021\/03\/ContePaula-709x1024.jpg\" alt=\"\" data-id=\"129675\" data-full-url=\"http:\/\/www.tucomarca.com\/wordpress\/segunda\/wp-content\/uploads\/2021\/03\/ContePaula.jpg\" data-link=\"http:\/\/www.tucomarca.com\/wordpress\/segunda\/?attachment_id=129675\" class=\"wp-image-129675\" srcset=\"https:\/\/tucomarca.whitekongsoftware.com\/wp-content\/uploads\/2021\/03\/ContePaula-709x1024.jpg 709w, https:\/\/tucomarca.whitekongsoftware.com\/wp-content\/uploads\/2021\/03\/ContePaula-208x300.jpg 208w, https:\/\/tucomarca.whitekongsoftware.com\/wp-content\/uploads\/2021\/03\/ContePaula-768x1109.jpg 768w, https:\/\/tucomarca.whitekongsoftware.com\/wp-content\/uploads\/2021\/03\/ContePaula-1064x1536.jpg 1064w, https:\/\/tucomarca.whitekongsoftware.com\/wp-content\/uploads\/2021\/03\/ContePaula.jpg 1108w\" sizes=\"auto, (max-width: 709px) 100vw, 709px\" \/><\/figure><\/li><\/ul><\/figure>\n","protected":false},"excerpt":{"rendered":"<div class=\"mh-excerpt\">L\u2019acte coincidir\u00e0 amb el Dia de Llibre que se celebrar\u00e0 el proper 2 d\u2019abril&nbsp; La impossibilitat del contacte f\u00edsic ha emp\u00e8s la Biblioteca Municipal de Riba-roja de T\u00faria ha reinventar-se i adaptar-se a l\u2019\u00e8poca del <a class=\"mh-excerpt-more\" href=\"https:\/\/tucomarca.whitekongsoftware.com\/ca\/la-biblioteca-de-riba-roja-es-reinventa-a-lepoca-del-covid-i-organitza-la-ii-marato-de-contes-infantils-per-fomentar-ne-la-lectura\/\" title=\"La biblioteca de Riba-roja es reinventa a l\u2019\u00e8poca del Covid i organitza la II Marat\u00f3 de contes infantils per fomentar-ne la lectura\">[+] <\/a><\/div>\n","protected":false},"author":12,"featured_media":129666,"comment_status":"open","ping_status":"open","sticky":false,"template":"","format":"standard","meta":{"footnotes":""},"categories":[11019,10892,10948,10894,11007,10906,10896],"tags":[12104,10899,10907],"class_list":["post-129678","post","type-post","status-publish","format-standard","has-post-thumbnail","category-agenda-ca","category-camp-de-turia-ca","category-infraestructuras-ca","category-la-comarca-ca","category-ocio-y-cultura-ca","category-riba-roja-ca","category-seccion-ca","tag-biblioteca-publica-municipal-de-bunol-ca","tag-camp-de-turia-ca","tag-riba-roja-del-turia-ca"],"_links":{"self":[{"href":"https:\/\/tucomarca.whitekongsoftware.com\/ca\/wp-json\/wp\/v2\/posts\/129678","targetHints":{"allow":["GET"]}}],"collection":[{"href":"https:\/\/tucomarca.whitekongsoftware.com\/ca\/wp-json\/wp\/v2\/posts"}],"about":[{"href":"https:\/\/tucomarca.whitekongsoftware.com\/ca\/wp-json\/wp\/v2\/types\/post"}],"author":[{"embeddable":true,"href":"https:\/\/tucomarca.whitekongsoftware.com\/ca\/wp-json\/wp\/v2\/users\/12"}],"replies":[{"embeddable":true,"href":"https:\/\/tucomarca.whitekongsoftware.com\/ca\/wp-json\/wp\/v2\/comments?post=129678"}],"version-history":[{"count":0,"href":"https:\/\/tucomarca.whitekongsoftware.com\/ca\/wp-json\/wp\/v2\/posts\/129678\/revisions"}],"wp:featuredmedia":[{"embeddable":true,"href":"https:\/\/tucomarca.whitekongsoftware.com\/ca\/wp-json\/wp\/v2\/media\/129666"}],"wp:attachment":[{"href":"https:\/\/tucomarca.whitekongsoftware.com\/ca\/wp-json\/wp\/v2\/media?parent=129678"}],"wp:term":[{"taxonomy":"category","embeddable":true,"href":"https:\/\/tucomarca.whitekongsoftware.com\/ca\/wp-json\/wp\/v2\/categories?post=129678"},{"taxonomy":"post_tag","embeddable":true,"href":"https:\/\/tucomarca.whitekongsoftware.com\/ca\/wp-json\/wp\/v2\/tags?post=129678"}],"curies":[{"name":"wp","href":"https:\/\/api.w.org\/{rel}","templated":true}]}}