{"id":129580,"date":"2021-03-26T20:10:00","date_gmt":"2021-03-26T19:10:00","guid":{"rendered":"http:\/\/www.tucomarca.com\/wordpress\/segunda\/?p=129580"},"modified":"2021-03-27T02:07:51","modified_gmt":"2021-03-27T01:07:51","slug":"un-passeig-amb-bici-i-una-nordic-walk-centren-les-activitats-de-pasqua-de-benaguasil","status":"publish","type":"post","link":"https:\/\/tucomarca.whitekongsoftware.com\/ca\/un-passeig-amb-bici-i-una-nordic-walk-centren-les-activitats-de-pasqua-de-benaguasil\/","title":{"rendered":"Un passeig amb bici i una nordic walk centren les activitats de Pasqua de Benaguasil"},"content":{"rendered":"\n<h4 class=\"wp-block-heading\">Les activitats es realitzaran els dies 6 i 8 d&#8217;abril mantenint totes les mesures de seguretat i higiene requerides.<\/h4>\n\n\n\n<figure class=\"wp-block-image size-large\"><img loading=\"lazy\" decoding=\"async\" width=\"787\" height=\"538\" src=\"http:\/\/www.tucomarca.com\/wordpress\/segunda\/wp-content\/uploads\/2021\/03\/BenaguasilPascua2.jpg\" alt=\"\" class=\"wp-image-129578\" srcset=\"https:\/\/tucomarca.whitekongsoftware.com\/wp-content\/uploads\/2021\/03\/BenaguasilPascua2.jpg 787w, https:\/\/tucomarca.whitekongsoftware.com\/wp-content\/uploads\/2021\/03\/BenaguasilPascua2-300x205.jpg 300w, https:\/\/tucomarca.whitekongsoftware.com\/wp-content\/uploads\/2021\/03\/BenaguasilPascua2-768x525.jpg 768w\" sizes=\"auto, (max-width: 787px) 100vw, 787px\" \/><\/figure>\n\n\n\n<p class=\"wp-block-paragraph\">L&#8217;Ajuntament de Benaguasil, a trav\u00e9s de les \u00e0rees d&#8217;Esports i Joventut, ha presentat el programa d&#8217;activitats de Pasqua que se celebraran els dies 6 i 8 d&#8217;abril, i que tindran lloc a l&#8217;aire lliure amb la finalitat d&#8217;adaptar-se a la situaci\u00f3 sanit\u00e0ria i garantir la seguretat de tots els participants.<\/p>\n\n\n\n<p class=\"wp-block-paragraph\">Sota el lema \u201cPasqua esportiva\u201d, la iniciativa municipal inclou una jornada de marxa n\u00f2rdica, una activitat esportiva que aporta nombrosos beneficis per a la salut i que consisteix a caminar a l&#8217;aire lliure amb uns bastons especials que seran facilitats als participants pel Consistori. La caminada d&#8217;11 quil\u00f3metros discorrer\u00e0 per Benaguasil-La Buitrera-Santa B\u00e0rbara-Sant Miquel i Benaguasil.<\/p>\n\n\n\n<p class=\"wp-block-paragraph\">L&#8217;altra activitat impulsada per la regidoria d&#8217;Esports ser\u00e0 un passeig amb bici de 21 quil\u00f3metros de recorregut fins al paratge natural de la Fenosa, amb el qual es pret\u00e9n fomentar l&#8217;\u00fas de la bicicleta i un estil de vida saludable en un ambient cordial, l\u00fadic i divertit.<\/p>\n\n\n\n<p class=\"wp-block-paragraph\">Des de l&#8217;\u00e0rea d&#8217;Esports, l&#8217;edil Rub\u00e9n Araque ha assenyalat que \u201ca causa de la situaci\u00f3, des de l&#8217;Ajuntament hem optat per unes activitats per a xiquets diferents a les d&#8217;altres anys, en les quals l&#8217;activitat f\u00edsica a l&#8217;aire lliure, la salut i el benestar, a m\u00e9s de la naturalesa seran les protagonistes\u201d. Araque ha animat als joves a participar en les activitats previstes, seguint sempre les recomanacions sanit\u00e0ries d&#8217;\u00fas de m\u00e0scara, distanciament social i l&#8217;\u00fas de gel.<\/p>\n\n\n\n<figure class=\"wp-block-image size-large\"><img loading=\"lazy\" decoding=\"async\" width=\"787\" height=\"787\" src=\"http:\/\/www.tucomarca.com\/wordpress\/segunda\/wp-content\/uploads\/2021\/03\/BenaguasilPascua1.jpg\" alt=\"\" class=\"wp-image-129577\" srcset=\"https:\/\/tucomarca.whitekongsoftware.com\/wp-content\/uploads\/2021\/03\/BenaguasilPascua1.jpg 787w, https:\/\/tucomarca.whitekongsoftware.com\/wp-content\/uploads\/2021\/03\/BenaguasilPascua1-300x300.jpg 300w, https:\/\/tucomarca.whitekongsoftware.com\/wp-content\/uploads\/2021\/03\/BenaguasilPascua1-290x290.jpg 290w, https:\/\/tucomarca.whitekongsoftware.com\/wp-content\/uploads\/2021\/03\/BenaguasilPascua1-768x768.jpg 768w\" sizes=\"auto, (max-width: 787px) 100vw, 787px\" \/><\/figure>\n\n\n\n<p class=\"wp-block-paragraph\"><strong>\u201cSalut al teu barri\u201d<\/strong><\/p>\n\n\n\n<p class=\"wp-block-paragraph\">Paral\u00b7lelament a aquesta iniciativa i amb la finalitat d&#8217;acostar l&#8217;activitat f\u00edsica a tots els barris del municipi tamb\u00e9 s&#8217;ha presentat el programa municipal \u201cSalut al teu barri\u201d, que es posar\u00e0 en marxa al llarg del mes d&#8217;abril i, que consistir\u00e0 a realitzar activitats esportives dirigides per un monitor els dissabtes en diferents zones verdes del municipi de cara a la pr\u00e0ctica esportiva i saludable de la poblaci\u00f3.<\/p>\n","protected":false},"excerpt":{"rendered":"<div class=\"mh-excerpt\">Les activitats es realitzaran els dies 6 i 8 d&#8217;abril mantenint totes les mesures de seguretat i higiene requerides. L&#8217;Ajuntament de Benaguasil, a trav\u00e9s de les \u00e0rees d&#8217;Esports i Joventut, ha presentat el programa d&#8217;activitats <a class=\"mh-excerpt-more\" href=\"https:\/\/tucomarca.whitekongsoftware.com\/ca\/un-passeig-amb-bici-i-una-nordic-walk-centren-les-activitats-de-pasqua-de-benaguasil\/\" title=\"Un passeig amb bici i una nordic walk centren les activitats de Pasqua de Benaguasil\">[+] <\/a><\/div>\n","protected":false},"author":12,"featured_media":129577,"comment_status":"open","ping_status":"open","sticky":false,"template":"","format":"standard","meta":{"footnotes":""},"categories":[11019,10952,10892,11010,11003,10894,11009,10896],"tags":[14208,11136,10899,14209],"class_list":["post-129580","post","type-post","status-publish","format-standard","has-post-thumbnail","category-agenda-ca","category-benaguasil-ca","category-camp-de-turia-ca","category-canal-salud","category-sports","category-la-comarca-ca","category-polideportivo-ca","category-seccion-ca","tag-actividades-pascua-ca","tag-benaguasil-ca","tag-camp-de-turia-ca","tag-pascua-deportiva-ca"],"_links":{"self":[{"href":"https:\/\/tucomarca.whitekongsoftware.com\/ca\/wp-json\/wp\/v2\/posts\/129580","targetHints":{"allow":["GET"]}}],"collection":[{"href":"https:\/\/tucomarca.whitekongsoftware.com\/ca\/wp-json\/wp\/v2\/posts"}],"about":[{"href":"https:\/\/tucomarca.whitekongsoftware.com\/ca\/wp-json\/wp\/v2\/types\/post"}],"author":[{"embeddable":true,"href":"https:\/\/tucomarca.whitekongsoftware.com\/ca\/wp-json\/wp\/v2\/users\/12"}],"replies":[{"embeddable":true,"href":"https:\/\/tucomarca.whitekongsoftware.com\/ca\/wp-json\/wp\/v2\/comments?post=129580"}],"version-history":[{"count":0,"href":"https:\/\/tucomarca.whitekongsoftware.com\/ca\/wp-json\/wp\/v2\/posts\/129580\/revisions"}],"wp:featuredmedia":[{"embeddable":true,"href":"https:\/\/tucomarca.whitekongsoftware.com\/ca\/wp-json\/wp\/v2\/media\/129577"}],"wp:attachment":[{"href":"https:\/\/tucomarca.whitekongsoftware.com\/ca\/wp-json\/wp\/v2\/media?parent=129580"}],"wp:term":[{"taxonomy":"category","embeddable":true,"href":"https:\/\/tucomarca.whitekongsoftware.com\/ca\/wp-json\/wp\/v2\/categories?post=129580"},{"taxonomy":"post_tag","embeddable":true,"href":"https:\/\/tucomarca.whitekongsoftware.com\/ca\/wp-json\/wp\/v2\/tags?post=129580"}],"curies":[{"name":"wp","href":"https:\/\/api.w.org\/{rel}","templated":true}]}}