{"id":129361,"date":"2021-03-24T13:00:00","date_gmt":"2021-03-24T12:00:00","guid":{"rendered":"http:\/\/www.tucomarca.com\/wordpress\/segunda\/?p=129361"},"modified":"2021-03-24T21:07:37","modified_gmt":"2021-03-24T20:07:37","slug":"lajuntament-de-bunyol-recorda-que-fins-al-31-de-marc-poden-sollicitar-se-la-segona-fase-de-les-ajudes-del-pla-resistir","status":"publish","type":"post","link":"https:\/\/tucomarca.whitekongsoftware.com\/ca\/lajuntament-de-bunyol-recorda-que-fins-al-31-de-marc-poden-sollicitar-se-la-segona-fase-de-les-ajudes-del-pla-resistir\/","title":{"rendered":"L&#8217;Ajuntament de Bunyol recorda que fins al 31 de mar\u00e7 poden sol\u00b7licitar-se la segona fase de les Ajudes del Pla Resistir"},"content":{"rendered":"\n<h4 class=\"wp-block-heading\">Juncal Carrascosa, Alcaldessa de Bunyol, recorda a empreses, comer\u00e7os i aut\u00f2noms que fins al 31 de mar\u00e7 poden sol\u00b7licitar la 2a Fase d&#8217;ajudes del Pla Resistir de la Generalitat Valenciana.<\/h4>\n\n\n\n<p class=\"wp-block-paragraph\">Juncal Carrascosa, primer Edil de l&#8217;Ajuntament de Bunyol, ha recordat que fins al 31 de mar\u00e7 es pot sol\u00b7licitar les ajudes del Pla Resistir en la segona fase, en la qual s&#8217;obri a major nombre de comer\u00e7os i sectors de la localitat que hagen travessat per una mala situaci\u00f3 en 2020 amb motiu de la pand\u00e8mia.<\/p>\n\n\n\n<p class=\"wp-block-paragraph\">L&#8217;anunci de les Bases Reguladores i la inst\u00e0ncia es troben en la secci\u00f3 Ajuntament-Administraci\u00f3-Tauler d&#8217;anuncis de la p\u00e0gina web de l&#8217;Ajuntament de Bunyol. Fins al 31 de mar\u00e7 \u00e9s el termini en el qual es pot presentar per Registre d&#8217;Entrada les factures de despeses generades fins al 31 de desembre de 2020 i acreditar que l&#8217;empresa est\u00e0 oberta fins a aqueixa data; de la mateixa manera que si es tenen treballadors contractats.<\/p>\n\n\n\n<p class=\"wp-block-paragraph\">Carrascosa incideix en qu\u00e8 si alguna empresa, comer\u00e7 o aut\u00f2nom no t\u00e9 assessor i desconeix com tramitar aquestes ajudes pot passar-se per Buinsa, \u201con l&#8217;informaran de tot el relacionat amb aquesta ajuda. La documentaci\u00f3 ha d&#8217;enviar-se per Registre d&#8217;Entrada a l&#8217;Ajuntament de Bunyol abans del 31 de mar\u00e7\u201d, va finalitzar l&#8217;Alcaldessa del municipi.<\/p>\n","protected":false},"excerpt":{"rendered":"<div class=\"mh-excerpt\">Juncal Carrascosa, Alcaldessa de Bunyol, recorda a empreses, comer\u00e7os i aut\u00f2noms que fins al 31 de mar\u00e7 poden sol\u00b7licitar la 2a Fase d&#8217;ajudes del Pla Resistir de la Generalitat Valenciana. Juncal Carrascosa, primer Edil de <a class=\"mh-excerpt-more\" href=\"https:\/\/tucomarca.whitekongsoftware.com\/ca\/lajuntament-de-bunyol-recorda-que-fins-al-31-de-marc-poden-sollicitar-se-la-segona-fase-de-les-ajudes-del-pla-resistir\/\" title=\"L&#8217;Ajuntament de Bunyol recorda que fins al 31 de mar\u00e7 poden sol\u00b7licitar-se la segona fase de les Ajudes del Pla Resistir\">[+] <\/a><\/div>\n","protected":false},"author":12,"featured_media":124820,"comment_status":"open","ping_status":"open","sticky":false,"template":"","format":"standard","meta":{"footnotes":""},"categories":[10911,12202,10948,10894,10912,10947,10896],"tags":[10913,11939,11940,10914,13670,14161],"class_list":["post-129361","post","type-post","status-publish","format-standard","has-post-thumbnail","category-bunol-ca","category-covid-19-ca","category-infraestructuras-ca","category-la-comarca-ca","category-la-hoya-ca","category-politica","category-seccion-ca","tag-bunol-ca","tag-coronavirus-ca","tag-covid-19-ca","tag-la-hoya-de-bunol-chiva-ca","tag-plan-resistir-ca","tag-segunda-fase-plan-resistir-ca"],"_links":{"self":[{"href":"https:\/\/tucomarca.whitekongsoftware.com\/ca\/wp-json\/wp\/v2\/posts\/129361","targetHints":{"allow":["GET"]}}],"collection":[{"href":"https:\/\/tucomarca.whitekongsoftware.com\/ca\/wp-json\/wp\/v2\/posts"}],"about":[{"href":"https:\/\/tucomarca.whitekongsoftware.com\/ca\/wp-json\/wp\/v2\/types\/post"}],"author":[{"embeddable":true,"href":"https:\/\/tucomarca.whitekongsoftware.com\/ca\/wp-json\/wp\/v2\/users\/12"}],"replies":[{"embeddable":true,"href":"https:\/\/tucomarca.whitekongsoftware.com\/ca\/wp-json\/wp\/v2\/comments?post=129361"}],"version-history":[{"count":0,"href":"https:\/\/tucomarca.whitekongsoftware.com\/ca\/wp-json\/wp\/v2\/posts\/129361\/revisions"}],"wp:featuredmedia":[{"embeddable":true,"href":"https:\/\/tucomarca.whitekongsoftware.com\/ca\/wp-json\/wp\/v2\/media\/124820"}],"wp:attachment":[{"href":"https:\/\/tucomarca.whitekongsoftware.com\/ca\/wp-json\/wp\/v2\/media?parent=129361"}],"wp:term":[{"taxonomy":"category","embeddable":true,"href":"https:\/\/tucomarca.whitekongsoftware.com\/ca\/wp-json\/wp\/v2\/categories?post=129361"},{"taxonomy":"post_tag","embeddable":true,"href":"https:\/\/tucomarca.whitekongsoftware.com\/ca\/wp-json\/wp\/v2\/tags?post=129361"}],"curies":[{"name":"wp","href":"https:\/\/api.w.org\/{rel}","templated":true}]}}