{"id":129356,"date":"2021-03-23T19:55:00","date_gmt":"2021-03-23T18:55:00","guid":{"rendered":"http:\/\/www.tucomarca.com\/wordpress\/segunda\/?p=129356"},"modified":"2021-03-23T22:58:06","modified_gmt":"2021-03-23T21:58:06","slug":"la-policia-local-de-leliana-alca-18-actes-durant-la-setmana-fallera","status":"publish","type":"post","link":"https:\/\/tucomarca.whitekongsoftware.com\/ca\/la-policia-local-de-leliana-alca-18-actes-durant-la-setmana-fallera\/","title":{"rendered":"La Policia Local de l&#8217;Eliana al\u00e7a 18 actes durant la setmana fallera"},"content":{"rendered":"\n<p class=\"wp-block-paragraph\"><strong><strong>El dispositiu especial ha incl\u00f2s el refor\u00e7 de la vigil\u00e0ncia en els voltants del Metro per a evitar altercats juvenils.<\/strong>\u00a0<\/strong><\/p>\n\n\n\n<p class=\"wp-block-paragraph\">La Policia Local de l&#8217;Eliana ha al\u00e7at, la setmana del 15 al 21 de mar\u00e7, un total de 18 actes en el marc del dispositiu especial posat en marxa per la Regidoria de Seguretat Ciutadana per a aquests dies de festa.<\/p>\n\n\n\n<p class=\"wp-block-paragraph\">La gran majoria dels incompliments, fins a 10, responen al no \u00fas o a l&#8217;\u00fas inadequat de la mascareta en diferents punts de la ciutat. A aquestes se sumen altres dos per incompliment del toc de queda.<\/p>\n\n\n\n<p class=\"wp-block-paragraph\">Les m\u00e9s greus corresponen a la desobedi\u00e8ncia o resist\u00e8ncia a l&#8217;autoritat o negativa a identificar-se a requeriment de dos joves de 22 i 26 anys i tres actes per consum o tinen\u00e7a il\u00b7l\u00edcita de drogues t\u00f2xiques, estupefaents o subst\u00e0ncies psicotr\u00f2piques en la via p\u00fablica a joves tamb\u00e9 d&#8217;entre 22 i 27 anys.<\/p>\n\n\n\n<p class=\"wp-block-paragraph\">A totes aquestes se suma, tan sols, una acta al\u00e7ada a un jove de 19 anys pel llan\u00e7ament de productes pirot\u00e8cnics en un parc p\u00fablic durant els quals hagueren sigut els dies grans de les Falles.<\/p>\n\n\n\n<p class=\"wp-block-paragraph\">La Policia Local ha refor\u00e7at el nombre d&#8217;efectius al mat\u00ed i a la vesprada, amb un total de 6 i 8 agents respectivament i ha comptat durant aquests dies amb la col\u00b7laboraci\u00f3 d&#8217;altres Cossos de Seguretat de l&#8217;Estat com la Policia Nacional, Policia Auton\u00f2mica o la Gu\u00e0rdia Civil per a desmantellar possibles convocat\u00f2ries juvenils massives al costat dels voltants del Metro.<\/p>\n\n\n\n<p class=\"wp-block-paragraph\">El regidor de Seguretat Ciutadana, Vicente Zamora, ha recordat que els agents del cos local estan al servei de la ciutadania 24 hores els 365 dies de l&#8217;any per a vetlar per la seguretat de tots i totes.<\/p>\n\n\n\n<p class=\"wp-block-paragraph\"><\/p>\n","protected":false},"excerpt":{"rendered":"<div class=\"mh-excerpt\">El dispositiu especial ha incl\u00f2s el refor\u00e7 de la vigil\u00e0ncia en els voltants del Metro per a evitar altercats juvenils.\u00a0 La Policia Local de l&#8217;Eliana ha al\u00e7at, la setmana del 15 al 21 de mar\u00e7, <a class=\"mh-excerpt-more\" href=\"https:\/\/tucomarca.whitekongsoftware.com\/ca\/la-policia-local-de-leliana-alca-18-actes-durant-la-setmana-fallera\/\" title=\"La Policia Local de l&#8217;Eliana al\u00e7a 18 actes durant la setmana fallera\">[+] <\/a><\/div>\n","protected":false},"author":1,"featured_media":129354,"comment_status":"open","ping_status":"open","sticky":false,"template":"","format":"standard","meta":{"footnotes":""},"categories":[10892,12202,10948,10894,10893,10947,10896,10897],"tags":[10899,10395,11937,11939,11940,11938,11172,10433],"class_list":["post-129356","post","type-post","status-publish","format-standard","has-post-thumbnail","category-camp-de-turia-ca","category-covid-19-ca","category-infraestructuras-ca","category-la-comarca-ca","category-leliana-ca","category-politica","category-seccion-ca","category-sucesos-la-comarca-ca","tag-camp-de-turia-ca","tag-camp-de-turia","tag-coronavirus","tag-coronavirus-ca","tag-covid-19-ca","tag-covid-19","tag-leliana-ca-2","tag-leliana"],"_links":{"self":[{"href":"https:\/\/tucomarca.whitekongsoftware.com\/ca\/wp-json\/wp\/v2\/posts\/129356","targetHints":{"allow":["GET"]}}],"collection":[{"href":"https:\/\/tucomarca.whitekongsoftware.com\/ca\/wp-json\/wp\/v2\/posts"}],"about":[{"href":"https:\/\/tucomarca.whitekongsoftware.com\/ca\/wp-json\/wp\/v2\/types\/post"}],"author":[{"embeddable":true,"href":"https:\/\/tucomarca.whitekongsoftware.com\/ca\/wp-json\/wp\/v2\/users\/1"}],"replies":[{"embeddable":true,"href":"https:\/\/tucomarca.whitekongsoftware.com\/ca\/wp-json\/wp\/v2\/comments?post=129356"}],"version-history":[{"count":0,"href":"https:\/\/tucomarca.whitekongsoftware.com\/ca\/wp-json\/wp\/v2\/posts\/129356\/revisions"}],"wp:featuredmedia":[{"embeddable":true,"href":"https:\/\/tucomarca.whitekongsoftware.com\/ca\/wp-json\/wp\/v2\/media\/129354"}],"wp:attachment":[{"href":"https:\/\/tucomarca.whitekongsoftware.com\/ca\/wp-json\/wp\/v2\/media?parent=129356"}],"wp:term":[{"taxonomy":"category","embeddable":true,"href":"https:\/\/tucomarca.whitekongsoftware.com\/ca\/wp-json\/wp\/v2\/categories?post=129356"},{"taxonomy":"post_tag","embeddable":true,"href":"https:\/\/tucomarca.whitekongsoftware.com\/ca\/wp-json\/wp\/v2\/tags?post=129356"}],"curies":[{"name":"wp","href":"https:\/\/api.w.org\/{rel}","templated":true}]}}