{"id":129349,"date":"2021-03-23T19:45:00","date_gmt":"2021-03-23T18:45:00","guid":{"rendered":"http:\/\/www.tucomarca.com\/wordpress\/segunda\/?p=129349"},"modified":"2021-03-23T22:49:47","modified_gmt":"2021-03-23T21:49:47","slug":"alex-gambin-becari-pedro-marco-2020-conclou-el-seu-mural-al-pati-del-mercat-de-requena","status":"publish","type":"post","link":"https:\/\/tucomarca.whitekongsoftware.com\/ca\/alex-gambin-becari-pedro-marco-2020-conclou-el-seu-mural-al-pati-del-mercat-de-requena\/","title":{"rendered":"\u00c1lex Gamb\u00edn, becari Pedro Marco 2020, conclou el seu mural al Pati del Mercat de Requena"},"content":{"rendered":"\n<p class=\"wp-block-paragraph\"><strong>A m\u00e9s de l&#8217;exposici\u00f3 \u201cMem\u00f2ria d&#8217;un lloc concret\u201d, el becari aporta a la ciutat un mural homenatge als m\u00fasics requenenses<\/strong><\/p>\n\n\n\n<p class=\"wp-block-paragraph\">Durant aquests dies de mar\u00e7 es pot admirar i gaudir a Requena de l&#8217;exhibici\u00f3 dels treballs que conclouen la 24 edici\u00f3 de la Beca Pedro Marco, iniciativa del requenense que li d\u00f3na nom i que compte, a m\u00e9s del suport de l&#8217;Ajuntament de la localitat, amb la inestimable col\u00b7laboraci\u00f3 de la Facultat de Belles arts de la Universitat Polit\u00e8cnica de Val\u00e8ncia.<br>Es tracta de l&#8217;exposici\u00f3 que, sota el t\u00edtol \u201cMem\u00f2ria d&#8217;un lloc concret\u201d, mostra la concreci\u00f3 del projecte art\u00edstic que \u00c1lex Gamb\u00edn va presentar per a desenvolupar a Requena durant el mes d&#8217;estada a la casa-estudie de Pedro Marco en La Vila el mes d&#8217;octubre passat.<br>En aquesta \u00faltima edici\u00f3, en comptar com a becari amb el jove per\u00f2 reconegut muralista \u00c1lex Gamb\u00edn, a l&#8217;exposici\u00f3 dels treballs realitzats durant la seua estada a Requena, l&#8217;artista ha volgut sumar el regal a la ciutat d&#8217;un mural que homenatja els m\u00fasics *requenenses, i que es va executar durant tres dies de la setmana passada.<br>El citat mural reprodueix una fotografia de comen\u00e7aments del segle XX que representa una ronda de majos en el carrer\u00f3 de Paniagua del barri de la Vila, ancestral tradici\u00f3 primaveral que consisteix a rondar a les mosses de la ciutat per a aparellar-les amb els mossos i aix\u00ed animar-los al festeig.<br>En ella s&#8217;aprecien les figures dels m\u00fasics de corda i de vent habituals en aquestes formacions tradicionals i que encara es reconeixen i recorden en la mem\u00f2ria de molts requenenses.<br>El mural es localitza al Pati del Mercat, lloc que, a m\u00e9s d&#8217;acollir les parades de fruites i verdures del mercat ambulant que se cita setmanalment en aquest empla\u00e7ament, reuneix el seu voltant una part important de les seus de l&#8217;activitat cultural associativa de la ciutat, com s\u00f3n, per exemple, la pr\u00f2pia sala municipal d&#8217;exposicions, la biblioteca p\u00fablica, l&#8217;aulari i sala d&#8217;actes del Feliciano Antonio Yeves, l&#8217;edifici de la Societat Musical Santa Cecilia i, m\u00e9s recentment, els espais de la CAT Raval Teatre, l&#8217;Escola-Rondalla i l&#8217;Orquestra Filharm\u00f2nica. Informa, Luis Ib\u00e1\u00f1ez.<\/p>\n","protected":false},"excerpt":{"rendered":"<div class=\"mh-excerpt\">A m\u00e9s de l&#8217;exposici\u00f3 \u201cMem\u00f2ria d&#8217;un lloc concret\u201d, el becari aporta a la ciutat un mural homenatge als m\u00fasics requenenses Durant aquests dies de mar\u00e7 es pot admirar i gaudir a Requena de l&#8217;exhibici\u00f3 dels <a class=\"mh-excerpt-more\" href=\"https:\/\/tucomarca.whitekongsoftware.com\/ca\/alex-gambin-becari-pedro-marco-2020-conclou-el-seu-mural-al-pati-del-mercat-de-requena\/\" title=\"\u00c1lex Gamb\u00edn, becari Pedro Marco 2020, conclou el seu mural al Pati del Mercat de Requena\">[+] <\/a><\/div>\n","protected":false},"author":1,"featured_media":129347,"comment_status":"open","ping_status":"open","sticky":false,"template":"","format":"standard","meta":{"footnotes":""},"categories":[10894,11007,11063,10908,10909,10896],"tags":[10910],"class_list":["post-129349","post","type-post","status-publish","format-standard","has-post-thumbnail","category-la-comarca-ca","category-ocio-y-cultura-ca","category-pintura-ca","category-requena-ca","category-requena-utiel-ca","category-seccion-ca","tag-requena-utiel-ca"],"_links":{"self":[{"href":"https:\/\/tucomarca.whitekongsoftware.com\/ca\/wp-json\/wp\/v2\/posts\/129349","targetHints":{"allow":["GET"]}}],"collection":[{"href":"https:\/\/tucomarca.whitekongsoftware.com\/ca\/wp-json\/wp\/v2\/posts"}],"about":[{"href":"https:\/\/tucomarca.whitekongsoftware.com\/ca\/wp-json\/wp\/v2\/types\/post"}],"author":[{"embeddable":true,"href":"https:\/\/tucomarca.whitekongsoftware.com\/ca\/wp-json\/wp\/v2\/users\/1"}],"replies":[{"embeddable":true,"href":"https:\/\/tucomarca.whitekongsoftware.com\/ca\/wp-json\/wp\/v2\/comments?post=129349"}],"version-history":[{"count":0,"href":"https:\/\/tucomarca.whitekongsoftware.com\/ca\/wp-json\/wp\/v2\/posts\/129349\/revisions"}],"wp:featuredmedia":[{"embeddable":true,"href":"https:\/\/tucomarca.whitekongsoftware.com\/ca\/wp-json\/wp\/v2\/media\/129347"}],"wp:attachment":[{"href":"https:\/\/tucomarca.whitekongsoftware.com\/ca\/wp-json\/wp\/v2\/media?parent=129349"}],"wp:term":[{"taxonomy":"category","embeddable":true,"href":"https:\/\/tucomarca.whitekongsoftware.com\/ca\/wp-json\/wp\/v2\/categories?post=129349"},{"taxonomy":"post_tag","embeddable":true,"href":"https:\/\/tucomarca.whitekongsoftware.com\/ca\/wp-json\/wp\/v2\/tags?post=129349"}],"curies":[{"name":"wp","href":"https:\/\/api.w.org\/{rel}","templated":true}]}}