{"id":129319,"date":"2021-03-23T18:30:00","date_gmt":"2021-03-23T17:30:00","guid":{"rendered":"http:\/\/www.tucomarca.com\/wordpress\/segunda\/?p=129319"},"modified":"2021-03-23T22:20:49","modified_gmt":"2021-03-23T21:20:49","slug":"la-comunitat-registra-90-casos-nous-de-coronavirus-8-defuncions-i-249-altes","status":"publish","type":"post","link":"https:\/\/tucomarca.whitekongsoftware.com\/ca\/la-comunitat-registra-90-casos-nous-de-coronavirus-8-defuncions-i-249-altes\/","title":{"rendered":"La Comunitat registra 90 casos nous de coronavirus, 8 defuncions i 249 altes"},"content":{"rendered":"\n<p class=\"wp-block-paragraph\"><strong>S&#8217;han administrat un total de 571.591 dosi de la vacuna contra el coronavirus<\/strong><\/p>\n\n\n\n<p class=\"wp-block-paragraph\"><strong>Per prov\u00edncies: 6 a Castell\u00f3, 29 a Alacant i 55 a la prov\u00edncia de Val\u00e8ncia<\/strong><\/p>\n\n\n\n<p class=\"wp-block-paragraph\">La Comunitat Valenciana ha administrat un total de 571.591 dosi de la vacuna contra el coronavirus. Per prov\u00edncies, 68.034 a Castell\u00f3, 200.997 a Alacant i 302.560 a Val\u00e8ncia. Han rebut les dues dosis 202.399 persones.<\/p>\n\n\n\n<p class=\"wp-block-paragraph\">D&#8217;altra banda, s&#8217;han notificat 90 casos nous de coronavirus confirmats per prova *PCR o a trav\u00e9s de test d&#8217;ant\u00edgens des de l&#8217;\u00faltima actualitzaci\u00f3, que situen la xifra total de positius en 384.348 persones. Per prov\u00edncies, la distribuci\u00f3 de nous positius \u00e9s la seg\u00fcent: 6 a Castell\u00f3 (39.253 en total), 29 a Alacant (144.614 en total) i 55 a la prov\u00edncia de Val\u00e8ncia (200.464). A m\u00e9s, hi ha 2 casos sense assignar.<\/p>\n\n\n\n<p class=\"wp-block-paragraph\">Des de l&#8217;\u00faltima actualitzaci\u00f3 s&#8217;han registrat 249 altes a pacients amb coronavirus. D&#8217;aquesta manera, ja s\u00f3n 385.348 persones en la Comunitat Valenciana les que han superat la malaltia des que va comen\u00e7ar la pand\u00e8mia. Per prov\u00edncies, les altes es distribueixen de la seg\u00fcent manera: 39.682 a Castell\u00f3, 144.465 a Alacant i 201.146 a Val\u00e8ncia, a m\u00e9s de 55 no assignades.<\/p>\n\n\n\n<p class=\"wp-block-paragraph\">Els hospitals valencians tenen, actualment, 489 persones ingressades: 29 a la prov\u00edncia de Castell\u00f3, amb 2 pacients en UCI; 221 a la prov\u00edncia d&#8217;Alacant, 54 d&#8217;ells en l&#8217;UCI; i 239 a la prov\u00edncia de Val\u00e8ncia, 63 d&#8217;ells en UCI.<\/p>\n\n\n\n<p class=\"wp-block-paragraph\">A m\u00e9s, s&#8217;han registrat 8 defuncions per coronavirus des de l&#8217;\u00faltima actualitzaci\u00f3, per la qual cosa el total de defuncions des de l&#8217;inici de la pand\u00e8mia \u00e9s de 7.074 persones: 776 a la prov\u00edncia de Castell\u00f3, 2.681 en la d&#8217;Alacant i 3.617 en la de Val\u00e8ncia.<\/p>\n\n\n\n<p class=\"wp-block-paragraph\">D&#8217;acord amb les dades registrades, en aquests moments hi ha 3.374 casos actius, la qual cosa suposa un 0,85% del total de positius.<\/p>\n\n\n\n<p class=\"wp-block-paragraph\"><strong>Actualitzaci\u00f3 de la situaci\u00f3 en resid\u00e8ncies<\/strong><\/p>\n\n\n\n<p class=\"wp-block-paragraph\">Des de l&#8217;\u00faltima actualitzaci\u00f3, els casos positius en resid\u00e8ncies de majors s&#8217;han redu\u00eft a 11 (2 a la prov\u00edncia de Castell\u00f3, 1 a la prov\u00edncia d&#8217;Alacant i 8 a la prov\u00edncia de Val\u00e8ncia), 4 centres de diversitat funcional de la prov\u00edncia de Val\u00e8ncia i 2 centres de menors (1 a la prov\u00edncia de Val\u00e8ncia i 1 a la prov\u00edncia d&#8217;Alacant).<\/p>\n\n\n\n<p class=\"wp-block-paragraph\">\u00b7 Residents nous positius: 1<\/p>\n\n\n\n<p class=\"wp-block-paragraph\">\u00b7 Treballadors i treballadores nous positius: 0<\/p>\n\n\n\n<p class=\"wp-block-paragraph\">\u00b7 Residents que han mort: 0<\/p>\n\n\n\n<p class=\"wp-block-paragraph\">Actualment, es troben sota vigil\u00e0ncia activa de control sanitari 6 resid\u00e8ncies en la Comunitat Valenciana: 1 a la prov\u00edncia de Castell\u00f3, 1 a la prov\u00edncia d&#8217;Alacant i 4 a la prov\u00edncia de Val\u00e8ncia.<\/p>\n\n\n\n<p class=\"wp-block-paragraph\"><strong>Actualitzaci\u00f3 brolles de coronavirus<\/strong><\/p>\n\n\n\n<p class=\"wp-block-paragraph\">S&#8217;han registrat 10 nous brots des de l&#8217;\u00faltima actualitzaci\u00f3.<\/p>\n\n\n\n<p class=\"wp-block-paragraph\">\u00b7 Benicarl\u00f3: 6 casos. Origen social<\/p>\n\n\n\n<p class=\"wp-block-paragraph\">\u00b7 Manises: 3 casos. Origen social<\/p>\n\n\n\n<p class=\"wp-block-paragraph\">\u00b7 Catral: 4 casos. Origen social<\/p>\n\n\n\n<p class=\"wp-block-paragraph\">\u00b7 Quart de Poblet: 7 casos. Origen social<\/p>\n\n\n\n<p class=\"wp-block-paragraph\">\u00b7 Aldaia: 4 casos. Origen social<\/p>\n\n\n\n<p class=\"wp-block-paragraph\">\u00b7 Val\u00e8ncia: 5 casos. Origen social<\/p>\n\n\n\n<p class=\"wp-block-paragraph\">\u00b7 Alginet: 7 casos. Origen social<\/p>\n\n\n\n<p class=\"wp-block-paragraph\">\u00b7 Val\u00e8ncia: 5 casos. Origen social<\/p>\n\n\n\n<p class=\"wp-block-paragraph\">\u00b7 Rafelbunyol: 6 casos. Origen laboral<\/p>\n\n\n\n<p class=\"wp-block-paragraph\">\u00b7 Val\u00e8ncia: 3 casos. \u00c0mbit educatiu<\/p>\n","protected":false},"excerpt":{"rendered":"<div class=\"mh-excerpt\">S&#8217;han administrat un total de 571.591 dosi de la vacuna contra el coronavirus Per prov\u00edncies: 6 a Castell\u00f3, 29 a Alacant i 55 a la prov\u00edncia de Val\u00e8ncia La Comunitat Valenciana ha administrat un total <a class=\"mh-excerpt-more\" href=\"https:\/\/tucomarca.whitekongsoftware.com\/ca\/la-comunitat-registra-90-casos-nous-de-coronavirus-8-defuncions-i-249-altes\/\" title=\"La Comunitat registra 90 casos nous de coronavirus, 8 defuncions i 249 altes\">[+] <\/a><\/div>\n","protected":false},"author":1,"featured_media":126095,"comment_status":"open","ping_status":"open","sticky":false,"template":"","format":"standard","meta":{"footnotes":""},"categories":[11010,10898,10948,10894,10904,10903,10947,10896,10897],"tags":[11939,11940,11199],"class_list":["post-129319","post","type-post","status-publish","format-standard","has-post-thumbnail","category-canal-salud","category-ventana-ca","category-infraestructuras-ca","category-la-comarca-ca","category-sin-categorizar-ca","category-medio-ambiente-la-comarca-ca","category-politica","category-seccion-ca","category-sucesos-la-comarca-ca","tag-coronavirus-ca","tag-covid-19-ca","tag-la-comunitat-ca"],"_links":{"self":[{"href":"https:\/\/tucomarca.whitekongsoftware.com\/ca\/wp-json\/wp\/v2\/posts\/129319","targetHints":{"allow":["GET"]}}],"collection":[{"href":"https:\/\/tucomarca.whitekongsoftware.com\/ca\/wp-json\/wp\/v2\/posts"}],"about":[{"href":"https:\/\/tucomarca.whitekongsoftware.com\/ca\/wp-json\/wp\/v2\/types\/post"}],"author":[{"embeddable":true,"href":"https:\/\/tucomarca.whitekongsoftware.com\/ca\/wp-json\/wp\/v2\/users\/1"}],"replies":[{"embeddable":true,"href":"https:\/\/tucomarca.whitekongsoftware.com\/ca\/wp-json\/wp\/v2\/comments?post=129319"}],"version-history":[{"count":0,"href":"https:\/\/tucomarca.whitekongsoftware.com\/ca\/wp-json\/wp\/v2\/posts\/129319\/revisions"}],"wp:featuredmedia":[{"embeddable":true,"href":"https:\/\/tucomarca.whitekongsoftware.com\/ca\/wp-json\/wp\/v2\/media\/126095"}],"wp:attachment":[{"href":"https:\/\/tucomarca.whitekongsoftware.com\/ca\/wp-json\/wp\/v2\/media?parent=129319"}],"wp:term":[{"taxonomy":"category","embeddable":true,"href":"https:\/\/tucomarca.whitekongsoftware.com\/ca\/wp-json\/wp\/v2\/categories?post=129319"},{"taxonomy":"post_tag","embeddable":true,"href":"https:\/\/tucomarca.whitekongsoftware.com\/ca\/wp-json\/wp\/v2\/tags?post=129319"}],"curies":[{"name":"wp","href":"https:\/\/api.w.org\/{rel}","templated":true}]}}