{"id":129240,"date":"2021-03-22T18:01:00","date_gmt":"2021-03-22T17:01:00","guid":{"rendered":"http:\/\/www.tucomarca.com\/wordpress\/segunda\/?p=129240"},"modified":"2021-03-22T22:28:28","modified_gmt":"2021-03-22T21:28:28","slug":"opinio-la-comunitat-valenciana-i-el-municipalisme-no-poden-continuar-esperant-una-millora-en-el-financament-autonomic-per-ximo-segarra","status":"publish","type":"post","link":"https:\/\/tucomarca.whitekongsoftware.com\/ca\/opinio-la-comunitat-valenciana-i-el-municipalisme-no-poden-continuar-esperant-una-millora-en-el-financament-autonomic-per-ximo-segarra\/","title":{"rendered":"Opini\u00f3: &#8220;La Comunitat Valenciana i el municipalisme no poden continuar esperant una millora en el finan\u00e7ament auton\u00f2mic&#8221;, per Ximo Segarra"},"content":{"rendered":"\n<figure class=\"wp-block-image size-large is-resized\"><img loading=\"lazy\" decoding=\"async\" src=\"http:\/\/www.tucomarca.com\/wordpress\/segunda\/wp-content\/uploads\/2021\/03\/BenaguasilXimoSegarra.jpg\" alt=\"\" class=\"wp-image-129227\" width=\"214\" height=\"214\" srcset=\"https:\/\/tucomarca.whitekongsoftware.com\/wp-content\/uploads\/2021\/03\/BenaguasilXimoSegarra.jpg 787w, https:\/\/tucomarca.whitekongsoftware.com\/wp-content\/uploads\/2021\/03\/BenaguasilXimoSegarra-300x300.jpg 300w, https:\/\/tucomarca.whitekongsoftware.com\/wp-content\/uploads\/2021\/03\/BenaguasilXimoSegarra-290x290.jpg 290w, https:\/\/tucomarca.whitekongsoftware.com\/wp-content\/uploads\/2021\/03\/BenaguasilXimoSegarra-768x768.jpg 768w\" sizes=\"auto, (max-width: 214px) 100vw, 214px\" \/><\/figure>\n\n\n\n<p class=\"wp-block-paragraph\">Els ajuntaments som els primers a donar la cara i els \u00faltims a rebre ajudes de l&#8217;Estat.<\/p>\n\n\n\n<p class=\"wp-block-paragraph\">La reforma del sistema de finan\u00e7ament auton\u00f2mic no pot esperar m\u00e9s ni tampoc el repartiment equitatiu comptant amb el municipalisme dels fons europeus per a la recuperaci\u00f3 econ\u00f2mica.<\/p>\n\n\n\n<p class=\"wp-block-paragraph\">La Generalitat Valenciana necessita un nou model de finan\u00e7ament que tinga en compte les situacions actuals de la nostra comunitat aut\u00f2noma dins del conjunt de l&#8217;Estat espanyol.<\/p>\n\n\n\n<p class=\"wp-block-paragraph\">A m\u00e9s de reclamar un finan\u00e7ament auton\u00f2mic just, el municipalisme necessita ser corretja de transmissi\u00f3 i de gesti\u00f3 dels fons europeus per a la recuperaci\u00f3 que rebr\u00e0 Espanya durant els pr\u00f2xims anys.<\/p>\n\n\n\n<p class=\"wp-block-paragraph\">Continuarem defensant un tracte just per a Benaguasil, per a la Comunitat Valenciana i que es tinga en compte la veu del municipalisme valenci\u00e0.<\/p>\n","protected":false},"excerpt":{"rendered":"<div class=\"mh-excerpt\">Els ajuntaments som els primers a donar la cara i els \u00faltims a rebre ajudes de l&#8217;Estat. La reforma del sistema de finan\u00e7ament auton\u00f2mic no pot esperar m\u00e9s ni tampoc el repartiment equitatiu comptant amb <a class=\"mh-excerpt-more\" href=\"https:\/\/tucomarca.whitekongsoftware.com\/ca\/opinio-la-comunitat-valenciana-i-el-municipalisme-no-poden-continuar-esperant-una-millora-en-el-financament-autonomic-per-ximo-segarra\/\" title=\"Opini\u00f3: &#8220;La Comunitat Valenciana i el municipalisme no poden continuar esperant una millora en el finan\u00e7ament auton\u00f2mic&#8221;, per Ximo Segarra\">[+] <\/a><\/div>\n","protected":false},"author":12,"featured_media":129228,"comment_status":"open","ping_status":"open","sticky":false,"template":"","format":"standard","meta":{"footnotes":""},"categories":[10952,10892,10894,11021,11020,10947,10896],"tags":[11136,10899,13369,12929],"class_list":["post-129240","post","type-post","status-publish","format-standard","has-post-thumbnail","category-benaguasil-ca","category-camp-de-turia-ca","category-la-comarca-ca","category-opinion-ca-2","category-opinion-ca","category-politica","category-seccion-ca","tag-benaguasil-ca","tag-camp-de-turia-ca","tag-municipalismo-ca","tag-ximo-segarra-ca"],"_links":{"self":[{"href":"https:\/\/tucomarca.whitekongsoftware.com\/ca\/wp-json\/wp\/v2\/posts\/129240","targetHints":{"allow":["GET"]}}],"collection":[{"href":"https:\/\/tucomarca.whitekongsoftware.com\/ca\/wp-json\/wp\/v2\/posts"}],"about":[{"href":"https:\/\/tucomarca.whitekongsoftware.com\/ca\/wp-json\/wp\/v2\/types\/post"}],"author":[{"embeddable":true,"href":"https:\/\/tucomarca.whitekongsoftware.com\/ca\/wp-json\/wp\/v2\/users\/12"}],"replies":[{"embeddable":true,"href":"https:\/\/tucomarca.whitekongsoftware.com\/ca\/wp-json\/wp\/v2\/comments?post=129240"}],"version-history":[{"count":0,"href":"https:\/\/tucomarca.whitekongsoftware.com\/ca\/wp-json\/wp\/v2\/posts\/129240\/revisions"}],"wp:featuredmedia":[{"embeddable":true,"href":"https:\/\/tucomarca.whitekongsoftware.com\/ca\/wp-json\/wp\/v2\/media\/129228"}],"wp:attachment":[{"href":"https:\/\/tucomarca.whitekongsoftware.com\/ca\/wp-json\/wp\/v2\/media?parent=129240"}],"wp:term":[{"taxonomy":"category","embeddable":true,"href":"https:\/\/tucomarca.whitekongsoftware.com\/ca\/wp-json\/wp\/v2\/categories?post=129240"},{"taxonomy":"post_tag","embeddable":true,"href":"https:\/\/tucomarca.whitekongsoftware.com\/ca\/wp-json\/wp\/v2\/tags?post=129240"}],"curies":[{"name":"wp","href":"https:\/\/api.w.org\/{rel}","templated":true}]}}