{"id":129104,"date":"2021-03-20T15:05:00","date_gmt":"2021-03-20T14:05:00","guid":{"rendered":"http:\/\/www.tucomarca.com\/wordpress\/segunda\/?p=129104"},"modified":"2021-03-21T13:20:55","modified_gmt":"2021-03-21T12:20:55","slug":"la-comunitat-valenciana-registra-143-casos-nous-de-coronavirus-i-13-defuncions","status":"publish","type":"post","link":"https:\/\/tucomarca.whitekongsoftware.com\/ca\/la-comunitat-valenciana-registra-143-casos-nous-de-coronavirus-i-13-defuncions\/","title":{"rendered":"La Comunitat Valenciana registra 143 casos nous de coronavirus i 13 defuncions"},"content":{"rendered":"\n<p class=\"wp-block-paragraph\"><strong class=\"\">Per prov\u00edncies, 40 a Castell\u00f3, 53 a Alacant i 49 a la prov\u00edncia de Val\u00e8ncia i 1 cas sense assignar<\/strong><\/p>\n\n\n\n<p class=\"wp-block-paragraph\">La Comunitat Valenciana ha notificat 143 casos nous de coronavirus confirmats per prova PCR o a trav\u00e9s de test d&#8217;ant\u00edgens des de l&#8217;\u00faltima actualitzaci\u00f3, que situen la xifra total de positius en 384.034 persones. Per prov\u00edncies, la distribuci\u00f3 de nous positius \u00e9s la seg\u00fcent: 40 a Castell\u00f3 (39.216 en total), 53 a Alacant (144.543 en total) i 49 a la prov\u00edncia de Val\u00e8ncia (200.270 en total). A m\u00e9s, s&#8217;ha registrat 1 cas sense assignar, amb el que el nombre de casos no assignats en total \u00e9s en aquests moments de 5.<\/p>\n\n\n\n<p class=\"wp-block-paragraph\">D&#8217;altra banda, s&#8217;han registrat 13 defuncions per coronavirus des de l&#8217;\u00faltima actualitzaci\u00f3, per la qual cosa el total de defuncions des de l&#8217;inici de la pand\u00e8mia \u00e9s de 7.051 persones: 775 a la prov\u00edncia de Castell\u00f3, 2.662 en la d&#8217;Alacant i 3.614 en la de Val\u00e8ncia.<\/p>\n","protected":false},"excerpt":{"rendered":"<div class=\"mh-excerpt\">Per prov\u00edncies, 40 a Castell\u00f3, 53 a Alacant i 49 a la prov\u00edncia de Val\u00e8ncia i 1 cas sense assignar La Comunitat Valenciana ha notificat 143 casos nous de coronavirus confirmats per prova PCR o <a class=\"mh-excerpt-more\" href=\"https:\/\/tucomarca.whitekongsoftware.com\/ca\/la-comunitat-valenciana-registra-143-casos-nous-de-coronavirus-i-13-defuncions\/\" title=\"La Comunitat Valenciana registra 143 casos nous de coronavirus i 13 defuncions\">[+] <\/a><\/div>\n","protected":false},"author":12,"featured_media":125391,"comment_status":"open","ping_status":"open","sticky":false,"template":"","format":"standard","meta":{"footnotes":""},"categories":[11010,12202,10898,10948,10894,10904,10903,10947,10896,10897],"tags":[11939,11940],"class_list":["post-129104","post","type-post","status-publish","format-standard","has-post-thumbnail","category-canal-salud","category-covid-19-ca","category-ventana-ca","category-infraestructuras-ca","category-la-comarca-ca","category-sin-categorizar-ca","category-medio-ambiente-la-comarca-ca","category-politica","category-seccion-ca","category-sucesos-la-comarca-ca","tag-coronavirus-ca","tag-covid-19-ca"],"_links":{"self":[{"href":"https:\/\/tucomarca.whitekongsoftware.com\/ca\/wp-json\/wp\/v2\/posts\/129104","targetHints":{"allow":["GET"]}}],"collection":[{"href":"https:\/\/tucomarca.whitekongsoftware.com\/ca\/wp-json\/wp\/v2\/posts"}],"about":[{"href":"https:\/\/tucomarca.whitekongsoftware.com\/ca\/wp-json\/wp\/v2\/types\/post"}],"author":[{"embeddable":true,"href":"https:\/\/tucomarca.whitekongsoftware.com\/ca\/wp-json\/wp\/v2\/users\/12"}],"replies":[{"embeddable":true,"href":"https:\/\/tucomarca.whitekongsoftware.com\/ca\/wp-json\/wp\/v2\/comments?post=129104"}],"version-history":[{"count":0,"href":"https:\/\/tucomarca.whitekongsoftware.com\/ca\/wp-json\/wp\/v2\/posts\/129104\/revisions"}],"wp:featuredmedia":[{"embeddable":true,"href":"https:\/\/tucomarca.whitekongsoftware.com\/ca\/wp-json\/wp\/v2\/media\/125391"}],"wp:attachment":[{"href":"https:\/\/tucomarca.whitekongsoftware.com\/ca\/wp-json\/wp\/v2\/media?parent=129104"}],"wp:term":[{"taxonomy":"category","embeddable":true,"href":"https:\/\/tucomarca.whitekongsoftware.com\/ca\/wp-json\/wp\/v2\/categories?post=129104"},{"taxonomy":"post_tag","embeddable":true,"href":"https:\/\/tucomarca.whitekongsoftware.com\/ca\/wp-json\/wp\/v2\/tags?post=129104"}],"curies":[{"name":"wp","href":"https:\/\/api.w.org\/{rel}","templated":true}]}}