{"id":128995,"date":"2021-03-18T10:00:00","date_gmt":"2021-03-18T09:00:00","guid":{"rendered":"http:\/\/www.tucomarca.com\/wordpress\/segunda\/?p=128995"},"modified":"2021-03-18T15:53:22","modified_gmt":"2021-03-18T14:53:22","slug":"david-herrera-arribar-a-cortes-de-pallas-i-no-enamorar-se-de-tot-el-que-ho-compon-es-impossible","status":"publish","type":"post","link":"https:\/\/tucomarca.whitekongsoftware.com\/ca\/david-herrera-arribar-a-cortes-de-pallas-i-no-enamorar-se-de-tot-el-que-ho-compon-es-impossible\/","title":{"rendered":"David Herrera: \u00abArribar a Cortes de Pall\u00e0s i no enamorar-se de tot el que ho compon \u00e9s impossible\u00bb"},"content":{"rendered":"\n<figure class=\"wp-block-image size-large\"><img loading=\"lazy\" decoding=\"async\" width=\"1008\" height=\"1024\" src=\"http:\/\/www.tucomarca.com\/wordpress\/segunda\/wp-content\/uploads\/2021\/03\/CortesDavidHerrera-1008x1024.jpg\" alt=\"\" class=\"wp-image-128985\" srcset=\"https:\/\/tucomarca.whitekongsoftware.com\/wp-content\/uploads\/2021\/03\/CortesDavidHerrera-1008x1024.jpg 1008w, https:\/\/tucomarca.whitekongsoftware.com\/wp-content\/uploads\/2021\/03\/CortesDavidHerrera-295x300.jpg 295w, https:\/\/tucomarca.whitekongsoftware.com\/wp-content\/uploads\/2021\/03\/CortesDavidHerrera-768x780.jpg 768w, https:\/\/tucomarca.whitekongsoftware.com\/wp-content\/uploads\/2021\/03\/CortesDavidHerrera.jpg 1200w\" sizes=\"auto, (max-width: 1008px) 100vw, 1008px\" \/><figcaption>David Herrera, alcalde de Cortes de Pall\u00e1s<\/figcaption><\/figure>\n\n\n\n<p class=\"wp-block-paragraph\"><strong>David Herrera&nbsp;Lamb\u00edes&nbsp;\u00e9s el nou alcalde de Cortes de Pall\u00e1s despr\u00e9s de la moci\u00f3 de censura presentada pels regidors del grup no adscrits i del Partit Popular a l&#8217;octubre de l&#8217;any passat. tucomarca.com ha conversat amb el nou alcalde, qui ha transm\u00e9s les seues impressions en aquests primers mesos de govern i ha valorat l&#8217;afecci\u00f3 de la pand\u00e8mia en el municipi.<\/strong><\/p>\n\n\n\n<p class=\"wp-block-paragraph\">\u2014 <strong>Se\u00f1or alcalde, es inevitable iniciar esta entrevista abordando el mayor problema al que nos estamos enfrentando desde hace meses toda la humanidad, la pandemia de Covid-19. \u00bfCu\u00e1l es el estado actual de la pandemia en Cortes de Pall\u00e1s?<\/strong><\/p>\n\n\n\n<p class=\"wp-block-paragraph\">\u2014 Vivimos tiempos dif\u00edciles, que nos hacen tomar duras decisiones, en esta situaci\u00f3n a la que nadie est\u00e1 acostumbrado, pero siempre con la mirada puesta en un inminente futuro de que esto pas\u00e9 pronto y volvamos a esa normalidad absoluta tan ansiada, en estos momentos el estado actual de la pandemia en nuestro municipio es de incidencia cero y esperemos que continu\u00e9 as\u00ed.<\/p>\n\n\n\n<p class=\"wp-block-paragraph\"><strong>\u2014 \u00bfC\u00f3mo ha afectado estos \u00faltimos meses la pandemia a la poblaci\u00f3n de Cortes de Pall\u00e1s y a sus aldeas? <strong>\u00bfPodemos resumir algunas de las medidas puestas en pr\u00e1ctica desde el consistorio municipal para ayudar a combatir al virus<\/strong>?<\/strong><\/p>\n\n\n\n<p class=\"wp-block-paragraph\">\u2014 Despu\u00e9s de unos meses con una incidencia alta para nuestra poblaci\u00f3n y dado que la media de edad de nuestros vecinos es elevada, hemos estado en confinamiento casi absoluto, eso si manteniendo todos los servicios b\u00e1sicos municipales y sobre todo la atenci\u00f3n a nuestros mayores. Dentro de esos servicios tambi\u00e9n podemos destacar las disecciones de edificios municipales y de la v\u00eda publica, as\u00ed como el reparto de mascarillas entre la poblaci\u00f3n.<\/p>\n\n\n\n<p class=\"wp-block-paragraph\">\u2014 <strong>\u00bfEn qu\u00e9 estado se encuentra el proceso de vacunaci\u00f3n de la poblaci\u00f3n de Cortes y sus aldeas?<\/strong><\/p>\n\n\n\n<p class=\"wp-block-paragraph\">\u2014 El estado de vacunaci\u00f3n sobre nuestro municipio como es de esperar a todos nos gustar\u00eda que fuese m\u00e1s r\u00e1pido, pero creo que estamos en el buen camino, la franja de personas con edad m\u00e1s avanzada ya est\u00e1 vacunados con la segunda dosis y se sigue vacunando progresivamente.<\/p>\n\n\n\n<p class=\"wp-block-paragraph\">\u2014 <strong>Volviendo a un plano m\u00e1s pol\u00edtico, hablemos si le parece de su llegada a gobierno municipal, a trav\u00e9s de una moci\u00f3n de censura firmada por los dos concejales del grupo no adscritos, anteriormente en Comprom\u00eds, junto a los dos concejales del Partido Popular. \u00bfQu\u00e9 les impuls\u00f3 a tomar la decisi\u00f3n de presentar la moci\u00f3n de censura?&nbsp;<\/strong><\/p>\n\n\n\n<p class=\"wp-block-paragraph\">\u2014 Desde el Ayuntamiento que presido queremos hacer que sus habitantes tengan una mejor calidad de vida, y puedan contar con servicios que hasta ahora, s\u00f3lo se encuentran en las ciudades y n\u00facleos de poblaci\u00f3n m\u00e1s grandes, cuidar de nuestros mayores como se merecen, ya que son uno de los principales engranajes y columna vertebral de la riqueza cultural de nuestro pueblo, volver a o\u00edr los ni\u00f1os correteando y jugando por las calles, cuando salen de un colegio, al que pretendemos dotar de m\u00e1s alumnos con todo lo necesario para su desarrollo acad\u00e9mico y personal, devolver la ilusi\u00f3n a nuestros j\u00f3venes por su entorno para que no sientan la necesidad de abandonarlo.<\/p>\n\n\n\n<p class=\"wp-block-paragraph\">A todo ello, queremos dirigir nuestras energ\u00edas y esfuerzos, aprovechando todos los recursos de los que disponemos, y que son innumerables, para que la despoblaci\u00f3n no afecte a nuestro municipio.<\/p>\n\n\n\n<p class=\"wp-block-paragraph\">Ser capaces de crear riqueza y lo m\u00e1s importante, ayudar a todo aquel que crea en nuestro pueblo y sus valores, y est\u00e9 dispuesto a ello, apostando por un cambio en su vida.<\/p>\n\n\n\n<p class=\"wp-block-paragraph\">Es una tarea dif\u00edcil, pero no imposible, ya que contamos con todo lo necesario, para mantener el nivel de vida actual de los que ya habitan aqu\u00ed y ampliarlo a los que quieran acompa\u00f1arnos en este camino. Somos capaces de ser m\u00e1s grandes.<\/p>\n\n\n\n<p class=\"wp-block-paragraph\">Contamos con todo lo materialmente necesario, como puede ser un maravilloso entorno que nace de la naturaleza, nuestras gentes y recursos, al que acompa\u00f1amos de nuestras ganas de trabajar, ilusi\u00f3n y amor por nuestro pueblo.<\/p>\n\n\n\n<p class=\"wp-block-paragraph\">\u2014 <strong>Para finalizar, \u00bfqu\u00e9 mensaje le gustar\u00eda transmitir en su nombre y en el de todo el equipo de gobierno y el Ayuntamiento de Cortes de Pall\u00e1s para animar a sus convecinos y visitantes en esta situaci\u00f3n tan dif\u00edcil por la que estamos atravesando debido a la pandemia de Covid-19?<\/strong><\/p>\n\n\n\n<p class=\"wp-block-paragraph\">\u2014 Les puedo decir que llegar a Cortes de Pall\u00e1s y no enamorarse de todo lo que lo compone es imposible, sus aguas, barrancos, calles, paisajes y sus gentes, crean un entorno \u00fanico en la Comunidad Valenciana.&nbsp;<\/p>\n\n\n\n<p class=\"wp-block-paragraph\">Son muchos frentes abiertos, pero ilusionantes y merecedores de nuestro esfuerzo, y a ellos queremos dedicarnos.<\/p>\n\n\n\n<p class=\"wp-block-paragraph\">Por eso invitamos a todo el mundo a que nos conozca y pueda disfrutar de nuestro entorno privilegiado, a tan solo una hora de Valencia.<\/p>\n","protected":false},"excerpt":{"rendered":"<div class=\"mh-excerpt\">David Herrera&nbsp;Lamb\u00edes&nbsp;\u00e9s el nou alcalde de Cortes de Pall\u00e1s despr\u00e9s de la moci\u00f3 de censura presentada pels regidors del grup no adscrits i del Partit Popular a l&#8217;octubre de l&#8217;any passat. tucomarca.com ha conversat amb <a class=\"mh-excerpt-more\" href=\"https:\/\/tucomarca.whitekongsoftware.com\/ca\/david-herrera-arribar-a-cortes-de-pallas-i-no-enamorar-se-de-tot-el-que-ho-compon-es-impossible\/\" title=\"David Herrera: \u00abArribar a Cortes de Pall\u00e0s i no enamorar-se de tot el que ho compon \u00e9s impossible\u00bb\">[+] <\/a><\/div>\n","protected":false},"author":1,"featured_media":128986,"comment_status":"open","ping_status":"open","sticky":false,"template":"","format":"standard","meta":{"footnotes":""},"categories":[10951,10953,10948,10894,10904,10947,10896],"tags":[11216,11939,11230,11940],"class_list":["post-128995","post","type-post","status-publish","format-standard","has-post-thumbnail","category-ayora-cofrentes-ca","category-cortes-de-pallas-ca","category-infraestructuras-ca","category-la-comarca-ca","category-sin-categorizar-ca","category-politica","category-seccion-ca","tag-ayora-cofrentes-ca","tag-coronavirus-ca","tag-cortes-de-pallas-ca","tag-covid-19-ca"],"_links":{"self":[{"href":"https:\/\/tucomarca.whitekongsoftware.com\/ca\/wp-json\/wp\/v2\/posts\/128995","targetHints":{"allow":["GET"]}}],"collection":[{"href":"https:\/\/tucomarca.whitekongsoftware.com\/ca\/wp-json\/wp\/v2\/posts"}],"about":[{"href":"https:\/\/tucomarca.whitekongsoftware.com\/ca\/wp-json\/wp\/v2\/types\/post"}],"author":[{"embeddable":true,"href":"https:\/\/tucomarca.whitekongsoftware.com\/ca\/wp-json\/wp\/v2\/users\/1"}],"replies":[{"embeddable":true,"href":"https:\/\/tucomarca.whitekongsoftware.com\/ca\/wp-json\/wp\/v2\/comments?post=128995"}],"version-history":[{"count":0,"href":"https:\/\/tucomarca.whitekongsoftware.com\/ca\/wp-json\/wp\/v2\/posts\/128995\/revisions"}],"wp:featuredmedia":[{"embeddable":true,"href":"https:\/\/tucomarca.whitekongsoftware.com\/ca\/wp-json\/wp\/v2\/media\/128986"}],"wp:attachment":[{"href":"https:\/\/tucomarca.whitekongsoftware.com\/ca\/wp-json\/wp\/v2\/media?parent=128995"}],"wp:term":[{"taxonomy":"category","embeddable":true,"href":"https:\/\/tucomarca.whitekongsoftware.com\/ca\/wp-json\/wp\/v2\/categories?post=128995"},{"taxonomy":"post_tag","embeddable":true,"href":"https:\/\/tucomarca.whitekongsoftware.com\/ca\/wp-json\/wp\/v2\/tags?post=128995"}],"curies":[{"name":"wp","href":"https:\/\/api.w.org\/{rel}","templated":true}]}}