{"id":128844,"date":"2021-03-18T09:00:00","date_gmt":"2021-03-18T08:00:00","guid":{"rendered":"http:\/\/www.tucomarca.com\/wordpress\/segunda\/?p=128844"},"modified":"2021-03-18T11:34:25","modified_gmt":"2021-03-18T10:34:25","slug":"leliana-presentara-a-la-ciutadania-el-projecte-de-sentits-unics-en-urbanitzacions","status":"publish","type":"post","link":"https:\/\/tucomarca.whitekongsoftware.com\/ca\/leliana-presentara-a-la-ciutadania-el-projecte-de-sentits-unics-en-urbanitzacions\/","title":{"rendered":"L&#8217;Eliana presentar\u00e0 a la ciutadania el projecte de sentits \u00fanics en urbanitzacions"},"content":{"rendered":"\n<p class=\"wp-block-paragraph\"><strong>L&#8217;Ajuntament convoca, entre i el dimarts, als ve\u00efns i ve\u00efnes de Vistahermosa, el Carmen, l&#8217;Escorial, el Parad\u00eds, Montealegre, Montepilar i els Taules.<\/strong>&nbsp;<\/p>\n\n\n\n<p class=\"wp-block-paragraph\">L&#8217;Ajuntament de l&#8217;Eliana ha organitzat el pr\u00f2xim 22 i 23 de mar\u00e7 un total de quatre reunions ve\u00efnals per a la presentaci\u00f3 del projecte de carrers unidireccionals en diferents urbanitzacions de la localitat.&nbsp;<\/p>\n\n\n\n<p class=\"wp-block-paragraph\">En concret, el dilluns 22 s&#8217;ha convocat a les 18 hores als ve\u00efns i ve\u00efnes de Vistahermosa, el Carmen i l&#8217;Escorial i a les 19 hores als del Parad\u00eds. La jornada seg\u00fcent, a les 18 hores, s&#8217;exposar\u00e0 el projecte als ve\u00efns de Montealegre i Montepilar i, a continuaci\u00f3, a la ciutadania de les Taules.&nbsp;<\/p>\n\n\n\n<p class=\"wp-block-paragraph\">Totes les trobades comptaran amb la pres\u00e8ncia de l&#8217;alcalde i els regidors, del t\u00e8cnic municipal, aix\u00ed com del Cap de la Policia Local i tindran lloc en la Sala d&#8217;Actes de la Biblioteca.<\/p>\n\n\n\n<p class=\"wp-block-paragraph\">L&#8217;objectiu \u00e9s presentar i consensuar amb la ciutadania de les diferents urbanitzacions de la localitat el projecte de sentits \u00fanics amb els quals millorar la mobilitat dels vianants, pacificar el tr\u00e0nsit i, en definitiva, optimitzar la seguretat vi\u00e0ria.<\/p>\n\n\n\n<p class=\"wp-block-paragraph\">Tal com ha explicat el primer edil, Salva Torrent, \u00e9s important que acudisquen a aquesta convocat\u00f2ria els qui habiten en aquestes zones perqu\u00e8 puguen exposar, proposar i resoldre qualsevol dubte sobre aquest tema. <em>\u201cEl que busquem amb aquest projecte \u00e9s convertir l&#8217;Eliana \u00e9s una urbs m\u00e9s habitable i sostenible, en l\u00ednia amb les grans ciutats europees<\/em>\u201d, ha remarcat.<\/p>\n\n\n\n<p class=\"wp-block-paragraph\"><\/p>\n","protected":false},"excerpt":{"rendered":"<div class=\"mh-excerpt\">L&#8217;Ajuntament convoca, entre i el dimarts, als ve\u00efns i ve\u00efnes de Vistahermosa, el Carmen, l&#8217;Escorial, el Parad\u00eds, Montealegre, Montepilar i els Taules.&nbsp; L&#8217;Ajuntament de l&#8217;Eliana ha organitzat el pr\u00f2xim 22 i 23 de mar\u00e7 un <a class=\"mh-excerpt-more\" href=\"https:\/\/tucomarca.whitekongsoftware.com\/ca\/leliana-presentara-a-la-ciutadania-el-projecte-de-sentits-unics-en-urbanitzacions\/\" title=\"L&#8217;Eliana presentar\u00e0 a la ciutadania el projecte de sentits \u00fanics en urbanitzacions\">[+] <\/a><\/div>\n","protected":false},"author":12,"featured_media":128841,"comment_status":"open","ping_status":"open","sticky":false,"template":"","format":"standard","meta":{"footnotes":""},"categories":[10892,10948,10894,10893,10947,10896],"tags":[10395,10433],"class_list":["post-128844","post","type-post","status-publish","format-standard","has-post-thumbnail","category-camp-de-turia-ca","category-infraestructuras-ca","category-la-comarca-ca","category-leliana-ca","category-politica","category-seccion-ca","tag-camp-de-turia","tag-leliana"],"_links":{"self":[{"href":"https:\/\/tucomarca.whitekongsoftware.com\/ca\/wp-json\/wp\/v2\/posts\/128844","targetHints":{"allow":["GET"]}}],"collection":[{"href":"https:\/\/tucomarca.whitekongsoftware.com\/ca\/wp-json\/wp\/v2\/posts"}],"about":[{"href":"https:\/\/tucomarca.whitekongsoftware.com\/ca\/wp-json\/wp\/v2\/types\/post"}],"author":[{"embeddable":true,"href":"https:\/\/tucomarca.whitekongsoftware.com\/ca\/wp-json\/wp\/v2\/users\/12"}],"replies":[{"embeddable":true,"href":"https:\/\/tucomarca.whitekongsoftware.com\/ca\/wp-json\/wp\/v2\/comments?post=128844"}],"version-history":[{"count":0,"href":"https:\/\/tucomarca.whitekongsoftware.com\/ca\/wp-json\/wp\/v2\/posts\/128844\/revisions"}],"wp:featuredmedia":[{"embeddable":true,"href":"https:\/\/tucomarca.whitekongsoftware.com\/ca\/wp-json\/wp\/v2\/media\/128841"}],"wp:attachment":[{"href":"https:\/\/tucomarca.whitekongsoftware.com\/ca\/wp-json\/wp\/v2\/media?parent=128844"}],"wp:term":[{"taxonomy":"category","embeddable":true,"href":"https:\/\/tucomarca.whitekongsoftware.com\/ca\/wp-json\/wp\/v2\/categories?post=128844"},{"taxonomy":"post_tag","embeddable":true,"href":"https:\/\/tucomarca.whitekongsoftware.com\/ca\/wp-json\/wp\/v2\/tags?post=128844"}],"curies":[{"name":"wp","href":"https:\/\/api.w.org\/{rel}","templated":true}]}}