{"id":128825,"date":"2021-03-17T18:50:00","date_gmt":"2021-03-17T17:50:00","guid":{"rendered":"http:\/\/www.tucomarca.com\/wordpress\/segunda\/?p=128825"},"modified":"2021-03-17T22:04:45","modified_gmt":"2021-03-17T21:04:45","slug":"la-generalitat-reclama-a-lajuntament-de-la-pobla-de-vallbona-documentacio-despres-de-la-denuncia-per-lus-dels-simbols-municipals","status":"publish","type":"post","link":"https:\/\/tucomarca.whitekongsoftware.com\/ca\/la-generalitat-reclama-a-lajuntament-de-la-pobla-de-vallbona-documentacio-despres-de-la-denuncia-per-lus-dels-simbols-municipals\/","title":{"rendered":"La Generalitat reclama a l&#8217;Ajuntament de la Pobla de Vallbona documentaci\u00f3 despr\u00e9s de la den\u00fancia per l&#8217;\u00fas dels s\u00edmbols municipals"},"content":{"rendered":"\n<p class=\"wp-block-paragraph\">La Direcci\u00f3 General d&#8217;Administraci\u00f3 Local de la Generalitat Valenciana reclama a l&#8217;Ajuntament de la Pobla de Vallbona documentaci\u00f3 despr\u00e9s de la den\u00fancia administrativa per l&#8217;\u00fas dels s\u00edmbols municipals. La tramitaci\u00f3 de la den\u00fancia s&#8217;ha iniciat amb la sol\u00b7licitud d&#8217;un informe a la Secret\u00e0ria de la corporaci\u00f3 local, segons han informat fonts del PP local.<\/p>\n\n\n\n<p class=\"wp-block-paragraph\">La den\u00fancia administrativa presentada el mes de febrer passat pels tres partits que conformen l&#8217;oposici\u00f3 de La Pobla de Vallbona: Partit Popular, Ciutadans i Vox, sol\u00b7licitava a la Generalitat Valenciana l&#8217;adopci\u00f3 de mesures \u201cper a impedir l&#8217;\u00fas capritx\u00f3s i contrari a la llei dels s\u00edmbols municipals que l&#8217;equip de govern de Comprom\u00eds i els seus socis ha efectuat en els \u00faltims anys\u201d.<\/p>\n\n\n\n<p class=\"wp-block-paragraph\">La portaveus de l&#8217;oposici\u00f3 han lamentat que malgrat els advertiments sobre la la legalitat i la den\u00fancia presentada \u201cJosep Vicent Garcia i els seus socis continuen gastant diners p\u00fablics en la implantaci\u00f3 d&#8217;un s\u00edmbol dissenyat a gust de l&#8217;alcalde sense consultar als seus ve\u00efns i eludint els procediments que marca la llei\u201d.<\/p>\n\n\n\n<p class=\"wp-block-paragraph\">\u201cL&#8217;alcalde de Comprom\u00eds amb la conniv\u00e8ncia de PSPV, CONTINGENT i Amb tu, ha ignorat l&#8217;opini\u00f3 dels seus ve\u00efns i per si no fos prou, menyst\u00e9 l&#8217;informe em\u00e9s per Consell T\u00e8cnic d&#8217;Her\u00e0ldica i Vexil\u00b7lologia de la Generalitat Valenciana, sol\u00b7licitat per ell mateix en 2016 i que va guardar en un calaix fa cinc anys\u201d, han criticat des de l&#8217;oposici\u00f3.<\/p>\n\n\n\n<p class=\"wp-block-paragraph\">Finalment recorden a m\u00e9s, \u201cm\u00e9s d&#8217;un mes despr\u00e9s de presentar la den\u00fancia, seguim sense saber exactament quants diners s&#8217;estan gastant en el canvi de s\u00edmbols i qui l&#8217;est\u00e0 cobrant. Reclamem que en plena crisi social i sanit\u00e0ria, es destinen els recursos municipals a les vertaderes prioritats, en lloc de malgastar els diners de tots en els seus capritxos\u201d.<\/p>\n","protected":false},"excerpt":{"rendered":"<div class=\"mh-excerpt\">La Direcci\u00f3 General d&#8217;Administraci\u00f3 Local de la Generalitat Valenciana reclama a l&#8217;Ajuntament de la Pobla de Vallbona documentaci\u00f3 despr\u00e9s de la den\u00fancia administrativa per l&#8217;\u00fas dels s\u00edmbols municipals. La tramitaci\u00f3 de la den\u00fancia s&#8217;ha iniciat <a class=\"mh-excerpt-more\" href=\"https:\/\/tucomarca.whitekongsoftware.com\/ca\/la-generalitat-reclama-a-lajuntament-de-la-pobla-de-vallbona-documentacio-despres-de-la-denuncia-per-lus-dels-simbols-municipals\/\" title=\"La Generalitat reclama a l&#8217;Ajuntament de la Pobla de Vallbona documentaci\u00f3 despr\u00e9s de la den\u00fancia per l&#8217;\u00fas dels s\u00edmbols municipals\">[+] <\/a><\/div>\n","protected":false},"author":1,"featured_media":128757,"comment_status":"open","ping_status":"open","sticky":false,"template":"","format":"standard","meta":{"footnotes":""},"categories":[10892,10948,10894,10915,10947,10896,10897],"tags":[10899,10916,11140],"class_list":["post-128825","post","type-post","status-publish","format-standard","has-post-thumbnail","category-camp-de-turia-ca","category-infraestructuras-ca","category-la-comarca-ca","category-la-pobla-ca","category-politica","category-seccion-ca","category-sucesos-la-comarca-ca","tag-camp-de-turia-ca","tag-la-pobla-de-vallbona-ca","tag-politica-ca"],"_links":{"self":[{"href":"https:\/\/tucomarca.whitekongsoftware.com\/ca\/wp-json\/wp\/v2\/posts\/128825","targetHints":{"allow":["GET"]}}],"collection":[{"href":"https:\/\/tucomarca.whitekongsoftware.com\/ca\/wp-json\/wp\/v2\/posts"}],"about":[{"href":"https:\/\/tucomarca.whitekongsoftware.com\/ca\/wp-json\/wp\/v2\/types\/post"}],"author":[{"embeddable":true,"href":"https:\/\/tucomarca.whitekongsoftware.com\/ca\/wp-json\/wp\/v2\/users\/1"}],"replies":[{"embeddable":true,"href":"https:\/\/tucomarca.whitekongsoftware.com\/ca\/wp-json\/wp\/v2\/comments?post=128825"}],"version-history":[{"count":0,"href":"https:\/\/tucomarca.whitekongsoftware.com\/ca\/wp-json\/wp\/v2\/posts\/128825\/revisions"}],"wp:featuredmedia":[{"embeddable":true,"href":"https:\/\/tucomarca.whitekongsoftware.com\/ca\/wp-json\/wp\/v2\/media\/128757"}],"wp:attachment":[{"href":"https:\/\/tucomarca.whitekongsoftware.com\/ca\/wp-json\/wp\/v2\/media?parent=128825"}],"wp:term":[{"taxonomy":"category","embeddable":true,"href":"https:\/\/tucomarca.whitekongsoftware.com\/ca\/wp-json\/wp\/v2\/categories?post=128825"},{"taxonomy":"post_tag","embeddable":true,"href":"https:\/\/tucomarca.whitekongsoftware.com\/ca\/wp-json\/wp\/v2\/tags?post=128825"}],"curies":[{"name":"wp","href":"https:\/\/api.w.org\/{rel}","templated":true}]}}