{"id":128685,"date":"2021-03-16T12:05:00","date_gmt":"2021-03-16T11:05:00","guid":{"rendered":"http:\/\/www.tucomarca.com\/wordpress\/segunda\/?p=128685"},"modified":"2021-03-16T19:13:43","modified_gmt":"2021-03-16T18:13:43","slug":"lajuntament-de-turis-inicia-el-pla-urba-dactuacio-municipal","status":"publish","type":"post","link":"https:\/\/tucomarca.whitekongsoftware.com\/ca\/lajuntament-de-turis-inicia-el-pla-urba-dactuacio-municipal\/","title":{"rendered":"L\u2019Ajuntament de Tur\u00eds inicia el Pla Urb\u00e0 d\u2019Actuaci\u00f3 Municipal"},"content":{"rendered":"\n<p class=\"wp-block-paragraph\">L\u2019alcalde de Tur\u00eds, Eugenio Forta\u00f1a, ha comen\u00e7at les reunions amb un equip professional per a elaborar el Pla Urb\u00e0 d\u2019Actuaci\u00f3 Municipal (PUAM), un projecte de car\u00e0cter estrat\u00e8gic que marcar\u00e0 les l\u00ednies d&#8217;actuaci\u00f3 de l&#8217;ajuntament en mat\u00e8ria d&#8217;agenda urbana complint amb els Objectius de Desenvolupament Sostenible.<\/p>\n\n\n\n<p class=\"wp-block-paragraph\">Les l\u00ednies generals del pla, en paraules de l\u2019alcalde, \u201cvan dirigides a tindre un poble encara m\u00e9s habitable, saludable i respectu\u00f3s amb el medi ambient i inclusiu amb la diversitat funcional i les persones majors, tractant de democratitzar i modernitzar els espais urbans\u201d.<\/p>\n\n\n\n<p class=\"wp-block-paragraph\">Est\u00e0 emmarcat en quatre fases: l&#8217;an\u00e0lisi situacional, la definici\u00f3 d&#8217;objectius (amb relaci\u00f3 amb l&#8217;Agenda 2030), la realitzaci\u00f3 del Pla d&#8217;Implementaci\u00f3 i, finalment, la presentaci\u00f3 del PUAM.<\/p>\n","protected":false},"excerpt":{"rendered":"<div class=\"mh-excerpt\">L\u2019alcalde de Tur\u00eds, Eugenio Forta\u00f1a, ha comen\u00e7at les reunions amb un equip professional per a elaborar el Pla Urb\u00e0 d\u2019Actuaci\u00f3 Municipal (PUAM), un projecte de car\u00e0cter estrat\u00e8gic que marcar\u00e0 les l\u00ednies d&#8217;actuaci\u00f3 de l&#8217;ajuntament en <a class=\"mh-excerpt-more\" href=\"https:\/\/tucomarca.whitekongsoftware.com\/ca\/lajuntament-de-turis-inicia-el-pla-urba-dactuacio-municipal\/\" title=\"L\u2019Ajuntament de Tur\u00eds inicia el Pla Urb\u00e0 d\u2019Actuaci\u00f3 Municipal\">[+] <\/a><\/div>\n","protected":false},"author":1,"featured_media":128683,"comment_status":"open","ping_status":"open","sticky":false,"template":"","format":"standard","meta":{"footnotes":""},"categories":[10948,10894,10902,10947,10896,11047],"tags":[11077,11093],"class_list":["post-128685","post","type-post","status-publish","format-standard","has-post-thumbnail","category-infraestructuras-ca","category-la-comarca-ca","category-la-ribera-ca","category-politica","category-seccion-ca","category-turis-ca","tag-la-ribera-alta-ca","tag-turis-ca"],"_links":{"self":[{"href":"https:\/\/tucomarca.whitekongsoftware.com\/ca\/wp-json\/wp\/v2\/posts\/128685","targetHints":{"allow":["GET"]}}],"collection":[{"href":"https:\/\/tucomarca.whitekongsoftware.com\/ca\/wp-json\/wp\/v2\/posts"}],"about":[{"href":"https:\/\/tucomarca.whitekongsoftware.com\/ca\/wp-json\/wp\/v2\/types\/post"}],"author":[{"embeddable":true,"href":"https:\/\/tucomarca.whitekongsoftware.com\/ca\/wp-json\/wp\/v2\/users\/1"}],"replies":[{"embeddable":true,"href":"https:\/\/tucomarca.whitekongsoftware.com\/ca\/wp-json\/wp\/v2\/comments?post=128685"}],"version-history":[{"count":0,"href":"https:\/\/tucomarca.whitekongsoftware.com\/ca\/wp-json\/wp\/v2\/posts\/128685\/revisions"}],"wp:featuredmedia":[{"embeddable":true,"href":"https:\/\/tucomarca.whitekongsoftware.com\/ca\/wp-json\/wp\/v2\/media\/128683"}],"wp:attachment":[{"href":"https:\/\/tucomarca.whitekongsoftware.com\/ca\/wp-json\/wp\/v2\/media?parent=128685"}],"wp:term":[{"taxonomy":"category","embeddable":true,"href":"https:\/\/tucomarca.whitekongsoftware.com\/ca\/wp-json\/wp\/v2\/categories?post=128685"},{"taxonomy":"post_tag","embeddable":true,"href":"https:\/\/tucomarca.whitekongsoftware.com\/ca\/wp-json\/wp\/v2\/tags?post=128685"}],"curies":[{"name":"wp","href":"https:\/\/api.w.org\/{rel}","templated":true}]}}