{"id":128634,"date":"2021-03-15T15:00:00","date_gmt":"2021-03-15T14:00:00","guid":{"rendered":"http:\/\/www.tucomarca.com\/wordpress\/segunda\/?p=128634"},"modified":"2021-03-16T11:20:00","modified_gmt":"2021-03-16T10:20:00","slug":"la-comunitat-registra-87-casos-nous-de-coronavirus-382-altes-i-10-defuncions","status":"publish","type":"post","link":"https:\/\/tucomarca.whitekongsoftware.com\/ca\/la-comunitat-registra-87-casos-nous-de-coronavirus-382-altes-i-10-defuncions\/","title":{"rendered":"La Comunitat registra 87 casos nous de coronavirus, 382 altes i 10 defuncions"},"content":{"rendered":"\n<h4 class=\"wp-block-heading\">Per prov\u00edncies, es registren 15 nous casos a Castell\u00f3, 24 a Alacant i 48 a la prov\u00edncia de Val\u00e8ncia<\/h4>\n\n\n\n<h4 class=\"wp-block-heading\">S&#8217;ha administrat un total de 488.242 dosi de la vacuna contra el coronavirus<\/h4>\n\n\n\n<p class=\"wp-block-paragraph\">La Comunitat Valenciana ha administrat un total de 488.242 dosi de la vacuna contra el coronavirus. Per prov\u00edncies, s&#8217;han administrat 58.573 a Castell\u00f3, 171.087 a Alacant i 258.582 a Val\u00e8ncia. Han rebut les dues dosis 156.977 persones.<\/p>\n\n\n\n<p class=\"wp-block-paragraph\">D&#8217;altra banda, s&#8217;han notificat 87 casos nous de coronavirus confirmats per prova PCR o a trav\u00e9s de test d&#8217;ant\u00edgens des de l&#8217;\u00faltima actualitzaci\u00f3, que situen la xifra total de positius en 383.192 persones. Per prov\u00edncies, la distribuci\u00f3 de nous positius \u00e9s la seg\u00fcent: 15 a Castell\u00f3 (39.095 en total), 24 a Alacant (144.252 en total) i 48 a la prov\u00edncia de Val\u00e8ncia (199.841). A m\u00e9s, hi ha 4 casos sense assignar.<\/p>\n\n\n\n<p class=\"wp-block-paragraph\">Des de l&#8217;\u00faltima actualitzaci\u00f3, s&#8217;han registrat 382 altes a pacients amb coronavirus. D&#8217;aquesta manera, ja s\u00f3n 383.114 persones en la Comunitat Valenciana les que han superat la malaltia des que va comen\u00e7ar la pand\u00e8mia. Per prov\u00edncies, les altes es distribueixen de la seg\u00fcent manera: 39.417 a Castell\u00f3, 143.668 a Alacant i 199.972 a Val\u00e8ncia, a m\u00e9s de 57 no assignades.<\/p>\n\n\n\n<p class=\"wp-block-paragraph\">Els hospitals valencians tenen, actualment, 601 persones ingressades: 36 a la prov\u00edncia de Castell\u00f3, amb 7 pacients en UCI; 268 a la prov\u00edncia d&#8217;Alacant, 76 d&#8217;ells en l&#8217;UCI; i 297 a la prov\u00edncia de Val\u00e8ncia, 89 d&#8217;ells en UCI.<\/p>\n\n\n\n<p class=\"wp-block-paragraph\">A m\u00e9s, s&#8217;han registrat 10 defuncions per coronavirus des de l&#8217;\u00faltima actualitzaci\u00f3, per la qual cosa el total de defuncions des de l&#8217;inici de la pand\u00e8mia \u00e9s de 6.997 persones: 771 a la prov\u00edncia de Castell\u00f3, 2.631 en la d&#8217;Alacant i 3.595 en la de Val\u00e8ncia.<\/p>\n\n\n\n<p class=\"wp-block-paragraph\">D&#8217;acord amb les dades registrades, en aquests moments hi ha 4.557 casos actius, la qual cosa suposa un 1,15% del total de positius.<\/p>\n\n\n\n<p class=\"wp-block-paragraph\"><strong>Actualitzaci\u00f3 de la situaci\u00f3 en resid\u00e8ncies<\/strong><\/p>\n\n\n\n<p class=\"wp-block-paragraph\">Des de l&#8217;\u00faltima actualitzaci\u00f3, els casos positius en resid\u00e8ncies de majors s&#8217;han redu\u00eft a 22 (2 a la prov\u00edncia de Castell\u00f3, 2 a la prov\u00edncia d&#8217;Alacant i 18 a la prov\u00edncia de Val\u00e8ncia), 4 centres de diversitat funcional de la prov\u00edncia de Val\u00e8ncia i 2 centres de menors (1 a la prov\u00edncia de Val\u00e8ncia i 1 a la prov\u00edncia d&#8217;Alacant).<\/p>\n\n\n\n<ul class=\"wp-block-list\"><li>Residents nous positius: 29<\/li><li>Treballadors i treballadores nous positius: 30<\/li><li>Residents que han mort: 1<\/li><\/ul>\n\n\n\n<p class=\"wp-block-paragraph\">Actualment, es troben baix vigil\u00e0ncia activa de control sanitari 8 resid\u00e8ncies en la Comunitat Valenciana: 1 a la prov\u00edncia de Castell\u00f3, 1 a la prov\u00edncia d&#8217;Alacant i 6 a la prov\u00edncia de Val\u00e8ncia.<\/p>\n\n\n\n<p class=\"wp-block-paragraph\"><strong>Actualitzaci\u00f3 brolles de coronavirus<\/strong><\/p>\n\n\n\n<p class=\"wp-block-paragraph\">S&#8217;han registrat 16 nous brots des de l&#8217;\u00faltima actualitzaci\u00f3.<\/p>\n\n\n\n<ul class=\"wp-block-list\"><li>Val\u00e8ncia: 5 casos. Origen social<\/li><li>Sagunto: 6 casos. Origen social<\/li><li>Val\u00e8ncia: 5 casos. Origen social<\/li><li>Chilches: 3 casos. Origen social<\/li><li>Callosa de Segura: 5 casos. Origen social<\/li><li>Catral: 14 casos. Origen social<\/li><li>Massamagrell: 7 casos. Origen social<\/li><li>L&#8217;Eliana: 7 casos. Origen social<\/li><li>Simat de la Valldigna: 6 casos. Origen social<\/li><li>Paiporta: 8 casos. Origen social<\/li><li>Sedav\u00ed: 4 casos. Origen social<\/li><li>Xirivella: 5 casos. Origen social<\/li><li>Val\u00e8ncia: 3 casos. Origen social<\/li><li>Val\u00e8ncia: 3 casos. Origen social<\/li><li>Val\u00e8ncia: 3 casos. Origen social<\/li><li>Val\u00e8ncia: 5 casos. Origen social<\/li><\/ul>\n","protected":false},"excerpt":{"rendered":"<div class=\"mh-excerpt\">Per prov\u00edncies, es registren 15 nous casos a Castell\u00f3, 24 a Alacant i 48 a la prov\u00edncia de Val\u00e8ncia S&#8217;ha administrat un total de 488.242 dosi de la vacuna contra el coronavirus La Comunitat Valenciana <a class=\"mh-excerpt-more\" href=\"https:\/\/tucomarca.whitekongsoftware.com\/ca\/la-comunitat-registra-87-casos-nous-de-coronavirus-382-altes-i-10-defuncions\/\" title=\"La Comunitat registra 87 casos nous de coronavirus, 382 altes i 10 defuncions\">[+] <\/a><\/div>\n","protected":false},"author":12,"featured_media":128633,"comment_status":"open","ping_status":"open","sticky":false,"template":"","format":"standard","meta":{"footnotes":""},"categories":[10892,11010,12202,10898,10948,10894,10904,10893,10947,10896,10897],"tags":[12165,11939,11940,13477],"class_list":["post-128634","post","type-post","status-publish","format-standard","has-post-thumbnail","category-camp-de-turia-ca","category-canal-salud","category-covid-19-ca","category-ventana-ca","category-infraestructuras-ca","category-la-comarca-ca","category-sin-categorizar-ca","category-leliana-ca","category-politica","category-seccion-ca","category-sucesos-la-comarca-ca","tag-conselleria-de-sanitat-ca","tag-coronavirus-ca","tag-covid-19-ca","tag-datos-de-contagios-ca"],"_links":{"self":[{"href":"https:\/\/tucomarca.whitekongsoftware.com\/ca\/wp-json\/wp\/v2\/posts\/128634","targetHints":{"allow":["GET"]}}],"collection":[{"href":"https:\/\/tucomarca.whitekongsoftware.com\/ca\/wp-json\/wp\/v2\/posts"}],"about":[{"href":"https:\/\/tucomarca.whitekongsoftware.com\/ca\/wp-json\/wp\/v2\/types\/post"}],"author":[{"embeddable":true,"href":"https:\/\/tucomarca.whitekongsoftware.com\/ca\/wp-json\/wp\/v2\/users\/12"}],"replies":[{"embeddable":true,"href":"https:\/\/tucomarca.whitekongsoftware.com\/ca\/wp-json\/wp\/v2\/comments?post=128634"}],"version-history":[{"count":0,"href":"https:\/\/tucomarca.whitekongsoftware.com\/ca\/wp-json\/wp\/v2\/posts\/128634\/revisions"}],"wp:featuredmedia":[{"embeddable":true,"href":"https:\/\/tucomarca.whitekongsoftware.com\/ca\/wp-json\/wp\/v2\/media\/128633"}],"wp:attachment":[{"href":"https:\/\/tucomarca.whitekongsoftware.com\/ca\/wp-json\/wp\/v2\/media?parent=128634"}],"wp:term":[{"taxonomy":"category","embeddable":true,"href":"https:\/\/tucomarca.whitekongsoftware.com\/ca\/wp-json\/wp\/v2\/categories?post=128634"},{"taxonomy":"post_tag","embeddable":true,"href":"https:\/\/tucomarca.whitekongsoftware.com\/ca\/wp-json\/wp\/v2\/tags?post=128634"}],"curies":[{"name":"wp","href":"https:\/\/api.w.org\/{rel}","templated":true}]}}