{"id":128583,"date":"2021-03-15T05:41:52","date_gmt":"2021-03-15T04:41:52","guid":{"rendered":"http:\/\/www.tucomarca.com\/wordpress\/segunda\/?p=128583"},"modified":"2021-03-15T05:41:55","modified_gmt":"2021-03-15T04:41:55","slug":"video-resumen-el-cd-bunyol-repren-la-competicio-amb-una-treballada-victoria-enfront-del-quart-de-poblet-0-1","status":"publish","type":"post","link":"https:\/\/tucomarca.whitekongsoftware.com\/ca\/video-resumen-el-cd-bunyol-repren-la-competicio-amb-una-treballada-victoria-enfront-del-quart-de-poblet-0-1\/","title":{"rendered":"V\u00eddeo resumen: El CD Bunyol repr\u00e9n la competici\u00f3 amb una treballada vict\u00f2ria enfront del Quart de Poblet (0-1)"},"content":{"rendered":"\n<figure class=\"wp-block-embed is-type-video is-provider-youtube wp-block-embed-youtube wp-embed-aspect-16-9 wp-has-aspect-ratio\"><div class=\"wp-block-embed__wrapper\">\n<iframe loading=\"lazy\" title=\"V\u00eddeo resumen: El CD Bu\u00f1ol retoma la competici\u00f3n con una trabajada victoria frente al Quart (0-1)\" width=\"500\" height=\"281\" src=\"https:\/\/www.youtube.com\/embed\/SxcCuCZ7hTY?feature=oembed\" frameborder=\"0\" allow=\"accelerometer; autoplay; clipboard-write; encrypted-media; gyroscope; picture-in-picture; web-share\" referrerpolicy=\"strict-origin-when-cross-origin\" allowfullscreen><\/iframe>\n<\/div><\/figure>\n\n\n\n<p class=\"wp-block-paragraph\">V\u00eddeo resumeixen elaborat per <strong>tucomarca televisi\u00f3<\/strong> de la volta a la competici\u00f3 de lliga del Club Esportiu Bunyol despr\u00e9s de l&#8217;aturada patida des del mes de desembre motivat per l&#8217;agreujament de la pand\u00e8mia de covid-19. El CD Bunyol ha tornat a a la Lliga i ho ha fet amb una treballada vict\u00f2ria per la m\u00ednima enfront de la UD Quart de Poblet, conjunt que est\u00e0 de dol per la p\u00e8rdua del seu president aquesta mateixa setmana.<\/p>\n\n\n\n<p class=\"wp-block-paragraph\">El gol del capit\u00e0 del CD Bu\u00f1ol, Gonza, en el minut 84 de joc ha servit perqu\u00e8 els blancs sumen de 3 i continuen liderant el Grup Tercer de la Regional Preferent valenciana. El Bu\u00f1ol ha alineat tamb\u00e9 als seus dos nous fitxatges, Jabu i Farin\u00f3s; i ha recuperat a m\u00e9s a Mario, despr\u00e9s de la greu lesi\u00f3 patida mesos arrere.<\/p>\n","protected":false},"excerpt":{"rendered":"<div class=\"mh-excerpt\">V\u00eddeo resumeixen elaborat per tucomarca televisi\u00f3 de la volta a la competici\u00f3 de lliga del Club Esportiu Bunyol despr\u00e9s de l&#8217;aturada patida des del mes de desembre motivat per l&#8217;agreujament de la pand\u00e8mia de covid-19. <a class=\"mh-excerpt-more\" href=\"https:\/\/tucomarca.whitekongsoftware.com\/ca\/video-resumen-el-cd-bunyol-repren-la-competicio-amb-una-treballada-victoria-enfront-del-quart-de-poblet-0-1\/\" title=\"V\u00eddeo resumen: El CD Bunyol repr\u00e9n la competici\u00f3 amb una treballada vict\u00f2ria enfront del Quart de Poblet (0-1)\">[+] <\/a><\/div>\n","protected":false},"author":1,"featured_media":128581,"comment_status":"open","ping_status":"open","sticky":false,"template":"","format":"video","meta":{"footnotes":""},"categories":[10911,11015,11003,10898,10912,10896,11062],"tags":[10913,11126,11074,11264,11075,10914],"class_list":["post-128583","post","type-post","status-publish","format-video","has-post-thumbnail","category-bunol-ca","category-canal-futbol","category-sports","category-ventana-ca","category-la-hoya-ca","category-seccion-ca","category-videos","tag-bunol-ca","tag-cd-bunol-ca","tag-deportes-ca","tag-esports-ca","tag-futbol-ca","tag-la-hoya-de-bunol-chiva-ca","post_format-post-format-video"],"_links":{"self":[{"href":"https:\/\/tucomarca.whitekongsoftware.com\/ca\/wp-json\/wp\/v2\/posts\/128583","targetHints":{"allow":["GET"]}}],"collection":[{"href":"https:\/\/tucomarca.whitekongsoftware.com\/ca\/wp-json\/wp\/v2\/posts"}],"about":[{"href":"https:\/\/tucomarca.whitekongsoftware.com\/ca\/wp-json\/wp\/v2\/types\/post"}],"author":[{"embeddable":true,"href":"https:\/\/tucomarca.whitekongsoftware.com\/ca\/wp-json\/wp\/v2\/users\/1"}],"replies":[{"embeddable":true,"href":"https:\/\/tucomarca.whitekongsoftware.com\/ca\/wp-json\/wp\/v2\/comments?post=128583"}],"version-history":[{"count":0,"href":"https:\/\/tucomarca.whitekongsoftware.com\/ca\/wp-json\/wp\/v2\/posts\/128583\/revisions"}],"wp:featuredmedia":[{"embeddable":true,"href":"https:\/\/tucomarca.whitekongsoftware.com\/ca\/wp-json\/wp\/v2\/media\/128581"}],"wp:attachment":[{"href":"https:\/\/tucomarca.whitekongsoftware.com\/ca\/wp-json\/wp\/v2\/media?parent=128583"}],"wp:term":[{"taxonomy":"category","embeddable":true,"href":"https:\/\/tucomarca.whitekongsoftware.com\/ca\/wp-json\/wp\/v2\/categories?post=128583"},{"taxonomy":"post_tag","embeddable":true,"href":"https:\/\/tucomarca.whitekongsoftware.com\/ca\/wp-json\/wp\/v2\/tags?post=128583"}],"curies":[{"name":"wp","href":"https:\/\/api.w.org\/{rel}","templated":true}]}}