{"id":128544,"date":"2021-03-13T13:42:00","date_gmt":"2021-03-13T12:42:00","guid":{"rendered":"http:\/\/www.tucomarca.com\/wordpress\/segunda\/?p=128544"},"modified":"2021-03-15T01:53:52","modified_gmt":"2021-03-15T00:53:52","slug":"la-plaga-de-conills-esta-produint-danys-importants-principalment-en-vinyes-del-municipi-dutiel","status":"publish","type":"post","link":"https:\/\/tucomarca.whitekongsoftware.com\/ca\/la-plaga-de-conills-esta-produint-danys-importants-principalment-en-vinyes-del-municipi-dutiel\/","title":{"rendered":"La plaga de conills est\u00e0 produint danys importants principalment en vinyes del municipi d&#8217;Utiel"},"content":{"rendered":"\n<p class=\"wp-block-paragraph\">Agricultors del municipi d&#8217;Utiel, han expressat la seua preocupaci\u00f3 pels greus danys que est\u00e0 causant la plaga de conills en les vinyes i en aquesta ocasi\u00f3, abans que les vinyes tinguen una nova vegetaci\u00f3 .<\/p>\n\n\n\n<p class=\"wp-block-paragraph\">Segons el testimoniatge dels agricultors, els llorigons estan menjant les parts seques de les vinyes, com l&#8217;escor\u00e7a dels troncs i els polzes on estan les gemmes per les quals han de brollar els ceps en la pr\u00f2xima primavera.<\/p>\n\n\n\n<p class=\"wp-block-paragraph\">Un agricultor d&#8217;Utiel es va mostrar bastant indignat en manifestar que \u201cen una vinya de quatre hect\u00e0rees de superf\u00edcie i de la varietat de ra\u00efm Garnacha Tintorera, els llorigons s&#8217;han menjat l&#8217;escor\u00e7a de les vinyes en la meitat de les plantes\u201d.<\/p>\n\n\n\n<p class=\"wp-block-paragraph\">Els viticultors asseguren que es necessiten accions urgents per a reduir la plaga de llorigons; perqu\u00e8 argumenten que \u201cels danys que poden causar els animals quan els ceps tinguen vegetaci\u00f3 poden ser catastr\u00f2fics\u201d.<\/p>\n\n\n\n<p class=\"wp-block-paragraph\">Els agricultors asseguren que l&#8217;entorn dels rius, de l&#8217;autovia Val\u00e8ncia-Madrid i de la l\u00ednia de l&#8217;AVE, s\u00f3n el major h\u00e0bitat dels conills.<\/p>\n\n\n\n<p class=\"wp-block-paragraph\">Luis Ib\u00e1\u00f1ez<\/p>\n","protected":false},"excerpt":{"rendered":"<div class=\"mh-excerpt\">Agricultors del municipi d&#8217;Utiel, han expressat la seua preocupaci\u00f3 pels greus danys que est\u00e0 causant la plaga de conills en les vinyes i en aquesta ocasi\u00f3, abans que les vinyes tinguen una nova vegetaci\u00f3 . <a class=\"mh-excerpt-more\" href=\"https:\/\/tucomarca.whitekongsoftware.com\/ca\/la-plaga-de-conills-esta-produint-danys-importants-principalment-en-vinyes-del-municipi-dutiel\/\" title=\"La plaga de conills est\u00e0 produint danys importants principalment en vinyes del municipi d&#8217;Utiel\">[+] <\/a><\/div>\n","protected":false},"author":12,"featured_media":128542,"comment_status":"open","ping_status":"open","sticky":false,"template":"","format":"standard","meta":{"footnotes":""},"categories":[10905,10948,10894,10903,10909,10896,10897,11059],"tags":[10910,11174],"class_list":["post-128544","post","type-post","status-publish","format-standard","has-post-thumbnail","category-agricultura-la-comarca-ca","category-infraestructuras-ca","category-la-comarca-ca","category-medio-ambiente-la-comarca-ca","category-requena-utiel-ca","category-seccion-ca","category-sucesos-la-comarca-ca","category-utiel-ca","tag-requena-utiel-ca","tag-utiel-ca"],"_links":{"self":[{"href":"https:\/\/tucomarca.whitekongsoftware.com\/ca\/wp-json\/wp\/v2\/posts\/128544","targetHints":{"allow":["GET"]}}],"collection":[{"href":"https:\/\/tucomarca.whitekongsoftware.com\/ca\/wp-json\/wp\/v2\/posts"}],"about":[{"href":"https:\/\/tucomarca.whitekongsoftware.com\/ca\/wp-json\/wp\/v2\/types\/post"}],"author":[{"embeddable":true,"href":"https:\/\/tucomarca.whitekongsoftware.com\/ca\/wp-json\/wp\/v2\/users\/12"}],"replies":[{"embeddable":true,"href":"https:\/\/tucomarca.whitekongsoftware.com\/ca\/wp-json\/wp\/v2\/comments?post=128544"}],"version-history":[{"count":0,"href":"https:\/\/tucomarca.whitekongsoftware.com\/ca\/wp-json\/wp\/v2\/posts\/128544\/revisions"}],"wp:featuredmedia":[{"embeddable":true,"href":"https:\/\/tucomarca.whitekongsoftware.com\/ca\/wp-json\/wp\/v2\/media\/128542"}],"wp:attachment":[{"href":"https:\/\/tucomarca.whitekongsoftware.com\/ca\/wp-json\/wp\/v2\/media?parent=128544"}],"wp:term":[{"taxonomy":"category","embeddable":true,"href":"https:\/\/tucomarca.whitekongsoftware.com\/ca\/wp-json\/wp\/v2\/categories?post=128544"},{"taxonomy":"post_tag","embeddable":true,"href":"https:\/\/tucomarca.whitekongsoftware.com\/ca\/wp-json\/wp\/v2\/tags?post=128544"}],"curies":[{"name":"wp","href":"https:\/\/api.w.org\/{rel}","templated":true}]}}