{"id":128513,"date":"2021-03-12T13:01:00","date_gmt":"2021-03-12T12:01:00","guid":{"rendered":"http:\/\/www.tucomarca.com\/wordpress\/segunda\/?p=128513"},"modified":"2021-03-13T11:27:36","modified_gmt":"2021-03-13T10:27:36","slug":"la-comunitat-valenciana-seguira-avant-amb-el-pla-de-vacunacio-amb-les-tres-vacunes-existents-en-el-mercat","status":"publish","type":"post","link":"https:\/\/tucomarca.whitekongsoftware.com\/ca\/la-comunitat-valenciana-seguira-avant-amb-el-pla-de-vacunacio-amb-les-tres-vacunes-existents-en-el-mercat\/","title":{"rendered":"La Comunitat Valenciana seguir\u00e0 avant amb el Pla de Vacunaci\u00f3 amb les tres vacunes existents en el mercat"},"content":{"rendered":"\n<h4 class=\"wp-block-heading\">L&#8217;exist\u00e8ncia de suficients dosis de AstraZeneca permet no utilitzar de moment el lot ABV5300, que alguns pa\u00efsos han apartat<\/h4>\n\n\n\n<h4 class=\"wp-block-heading\">El cap d&#8217;Investigaci\u00f3 de Vacunes de Fisabio, Javier D\u00edez, explica que &#8220;no hi ha proves cient\u00edfiques que indiquen que aquests casos de tromboembolisme estan produ\u00efts per la vacuna&#8221;<\/h4>\n\n\n\n<p class=\"wp-block-paragraph\">La Conselleria de Sanitat Universal i Salut P\u00fablica seguir\u00e0 amb el seu programa de vacunaci\u00f3, que inclou l&#8217;administraci\u00f3 de les tres vacunes actualment existents en el mercat: Pfizer, Moderna i AstraZeneca. At\u00e9s que la quantitat de vacunes disponibles en aquest moment permet la seua administraci\u00f3 als grups als quals actualment s&#8217;est\u00e0 administrant, les dosis del lot de AstraZeneca apartat en diversos pa\u00efsos europeus, no ser\u00e0 utilitzat de moment.<\/p>\n\n\n\n<p class=\"wp-block-paragraph\">Des de Salut P\u00fablica, s&#8217;ha explicat que hi ha suficients dosis de AstraZeneca per a vacunar als i les 116.032 professionals de l&#8217;Educaci\u00f3 sense necessitat d&#8217;utilitzar les vacunes d&#8217;aquest lot, per la qual cosa queden en reserva.<\/p>\n\n\n\n<p class=\"wp-block-paragraph\">No obstant aix\u00f2, el Comit\u00e9 per a l&#8217;Avaluaci\u00f3 de Riscos de Farmacovigil\u00e0ncia de l&#8217;Ag\u00e8ncia Europea del Medicament ha explicat que no hi ha evid\u00e8ncies que l&#8217;administraci\u00f3 de la vacuna enfront de la COVID-19 de AstraZeneca haja sigut la causa dels esdeveniments tromboemb\u00f2lics que han motivat mesures cautelars en alguns pa\u00efsos de la Uni\u00f3 Europea de manera preventiva.<\/p>\n\n\n\n<p class=\"wp-block-paragraph\">Les alteracions de coagulaci\u00f3, i, entre ells, els esdeveniments tromboemb\u00f2lics, no s&#8217;han establit com una possible reacci\u00f3 adversa d&#8217;aquesta vacuna i no figuren com a tal en la fitxa t\u00e8cnica del medicament.<\/p>\n\n\n\n<p class=\"wp-block-paragraph\">El Comit\u00e9, del qual forma part l&#8217;Ag\u00e8ncia Espanyola de Medicaments i Productes Sanitaris (AEMPS), considera, per tant, que els beneficis de la vacuna continuen superant els riscos i pot continuar administrant-se mentre es finalitza l&#8217;avaluaci\u00f3 detallada de l&#8217;ocorregut.<\/p>\n\n\n\n<p class=\"wp-block-paragraph\">Aquest lot s&#8217;ha distribu\u00eft en 17 pa\u00efsos de la UE, inclosa Espanya. La AEMPS, per tant, i tal com ha indicat en la seua comunicaci\u00f3 pr\u00e8via i en l\u00ednia amb l&#8217;informat recentment per l&#8217;Ag\u00e8ncia Europea del Medicament, considera que no existeixen motius que justifiquen l&#8217;adopci\u00f3 de mesures cautelars sobre el lot ABV5300 de la vacuna de AstraZeneca, per la qual cosa podr\u00e0 seguir-se amb el pla de vacunaci\u00f3 previst per a aquestes unitats.<\/p>\n\n\n\n<p class=\"wp-block-paragraph\">En aquest sentit, el cap de l&#8217;\u00c0rea d&#8217;Investigaci\u00f3 en Vacunes de Fisabio, Javier D\u00edez, ha explicat que, en la reuni\u00f3 d&#8217;aquest dijous del Comit\u00e9 de Seguretat de les Vacunes de l&#8217;Ag\u00e8ncia Europea del Medicament, &#8220;es va arribar a la conclusi\u00f3 que no hi havia proves cient\u00edfiques que indiquen que aquests casos de tromboembolisme estan produ\u00efts per la vacuna&#8221;. D&#8217;aquesta manera, D\u00edez, ha assenyalat que s&#8217;aconsella mantindre els programes de vacunaci\u00f3 amb aquesta vacuna. &#8220;\u00c9s molt pitjor la malaltia que un possible efecte advers&#8221;, i a m\u00e9s &#8220;no \u00e9s clar que ho siga&#8221;, ha indicat.<\/p>\n","protected":false},"excerpt":{"rendered":"<div class=\"mh-excerpt\">L&#8217;exist\u00e8ncia de suficients dosis de AstraZeneca permet no utilitzar de moment el lot ABV5300, que alguns pa\u00efsos han apartat El cap d&#8217;Investigaci\u00f3 de Vacunes de Fisabio, Javier D\u00edez, explica que &#8220;no hi ha proves cient\u00edfiques <a class=\"mh-excerpt-more\" href=\"https:\/\/tucomarca.whitekongsoftware.com\/ca\/la-comunitat-valenciana-seguira-avant-amb-el-pla-de-vacunacio-amb-les-tres-vacunes-existents-en-el-mercat\/\" title=\"La Comunitat Valenciana seguir\u00e0 avant amb el Pla de Vacunaci\u00f3 amb les tres vacunes existents en el mercat\">[+] <\/a><\/div>\n","protected":false},"author":12,"featured_media":127642,"comment_status":"open","ping_status":"open","sticky":false,"template":"","format":"standard","meta":{"footnotes":""},"categories":[10890,10951,10892,11010,12202,11046,10898,10948,10963,10894,10904,10912,10902,10947,10909,10896],"tags":[12165,11939,11940,14120],"class_list":["post-128513","post","type-post","status-publish","format-standard","has-post-thumbnail","category-ademus","category-ayora-cofrentes-ca","category-camp-de-turia-ca","category-canal-salud","category-covid-19-ca","category-los-serranos-ca","category-ventana-ca","category-infraestructuras-ca","category-la-canal-de-navarres-ca","category-la-comarca-ca","category-sin-categorizar-ca","category-la-hoya-ca","category-la-ribera-ca","category-politica","category-requena-utiel-ca","category-seccion-ca","tag-conselleria-de-sanitat-ca","tag-coronavirus-ca","tag-covid-19-ca","tag-plan-de-vacunacion-ca"],"_links":{"self":[{"href":"https:\/\/tucomarca.whitekongsoftware.com\/ca\/wp-json\/wp\/v2\/posts\/128513","targetHints":{"allow":["GET"]}}],"collection":[{"href":"https:\/\/tucomarca.whitekongsoftware.com\/ca\/wp-json\/wp\/v2\/posts"}],"about":[{"href":"https:\/\/tucomarca.whitekongsoftware.com\/ca\/wp-json\/wp\/v2\/types\/post"}],"author":[{"embeddable":true,"href":"https:\/\/tucomarca.whitekongsoftware.com\/ca\/wp-json\/wp\/v2\/users\/12"}],"replies":[{"embeddable":true,"href":"https:\/\/tucomarca.whitekongsoftware.com\/ca\/wp-json\/wp\/v2\/comments?post=128513"}],"version-history":[{"count":0,"href":"https:\/\/tucomarca.whitekongsoftware.com\/ca\/wp-json\/wp\/v2\/posts\/128513\/revisions"}],"wp:featuredmedia":[{"embeddable":true,"href":"https:\/\/tucomarca.whitekongsoftware.com\/ca\/wp-json\/wp\/v2\/media\/127642"}],"wp:attachment":[{"href":"https:\/\/tucomarca.whitekongsoftware.com\/ca\/wp-json\/wp\/v2\/media?parent=128513"}],"wp:term":[{"taxonomy":"category","embeddable":true,"href":"https:\/\/tucomarca.whitekongsoftware.com\/ca\/wp-json\/wp\/v2\/categories?post=128513"},{"taxonomy":"post_tag","embeddable":true,"href":"https:\/\/tucomarca.whitekongsoftware.com\/ca\/wp-json\/wp\/v2\/tags?post=128513"}],"curies":[{"name":"wp","href":"https:\/\/api.w.org\/{rel}","templated":true}]}}