{"id":128457,"date":"2021-03-12T07:09:00","date_gmt":"2021-03-12T06:09:00","guid":{"rendered":"http:\/\/www.tucomarca.com\/wordpress\/segunda\/?p=128457"},"modified":"2021-03-13T11:54:00","modified_gmt":"2021-03-13T10:54:00","slug":"la-diputacio-i-divalterra-collaboren-en-una-jornada-sobre-ajudes-a-cooperatives-en-entorns-rurals","status":"publish","type":"post","link":"https:\/\/tucomarca.whitekongsoftware.com\/ca\/la-diputacio-i-divalterra-collaboren-en-una-jornada-sobre-ajudes-a-cooperatives-en-entorns-rurals\/","title":{"rendered":"La Diputaci\u00f3 i Divalterra col\u00b7laboren en una jornada sobre ajudes a cooperatives en entorns rurals"},"content":{"rendered":"\n<h4 class=\"wp-block-heading\">Un centenar de t\u00e8cnics d&#8217;ajuntaments, mancomunitats i grups d&#8217;acci\u00f3 local participen en la trobada organitzada per Fevecta<\/h4>\n\n\n\n<h4 class=\"wp-block-heading\">La directora general d&#8217;Emprenedoria i Cooperativisme, Teresa Garc\u00eda Mu\u00f1oz, ha clausurat la jornada emmarcada en Migracoop 2021<\/h4>\n\n\n\n<figure class=\"wp-block-image size-large\"><img loading=\"lazy\" decoding=\"async\" width=\"787\" height=\"493\" src=\"http:\/\/www.tucomarca.com\/wordpress\/segunda\/wp-content\/uploads\/2021\/03\/DipuJornadaMigracoop.jpg\" alt=\"\" class=\"wp-image-128450\" srcset=\"https:\/\/tucomarca.whitekongsoftware.com\/wp-content\/uploads\/2021\/03\/DipuJornadaMigracoop.jpg 787w, https:\/\/tucomarca.whitekongsoftware.com\/wp-content\/uploads\/2021\/03\/DipuJornadaMigracoop-300x188.jpg 300w, https:\/\/tucomarca.whitekongsoftware.com\/wp-content\/uploads\/2021\/03\/DipuJornadaMigracoop-768x481.jpg 768w\" sizes=\"auto, (max-width: 787px) 100vw, 787px\" \/><\/figure>\n\n\n\n<p class=\"wp-block-paragraph\">Amb l&#8217;objectiu d&#8217;abordar la cooperativa com a f\u00f3rmula per a emprendre negocis, este dijous s&#8217;ha celebrat la jornada \u2018Cooperatives en entorns rurals: ajudes i subvencions\u2019, organitzada per Fevecta (Federaci\u00f3 Valenciana d&#8217;Empreses Cooperatives de Treball Associat) a trav\u00e9s del seu projecte Migracoop 2021. La jornada ha comptat amb la col\u00b7laboraci\u00f3 de la delegaci\u00f3 de Desenvolupament Rural i Pol\u00edtiques contra la Despoblaci\u00f3 de la Diputaci\u00f3, dirigida per Ramiro Rivera, aix\u00ed com del servei de Desenvolupament Local de Divalterra.<\/p>\n\n\n\n<p class=\"wp-block-paragraph\">En la trobada, celebrada de manera telem\u00e0tica, han participat m\u00e9s de 90 persones relacionades amb el desenvolupament local integrades en els equips t\u00e8cnics d&#8217;ajuntaments, mancomunitats, grups d&#8217;acci\u00f3 local i associacions de municipis, aix\u00ed com representants del m\u00f3n del cooperativisme i entitats socials. Entre elles, hi ha hagut una \u00e0mplia representaci\u00f3 d&#8217;organitzacions que treballen per la integraci\u00f3 de col\u00b7lectius migrants a trav\u00e9s del treball en cooperatives, com una opci\u00f3 per a mitigar la despoblaci\u00f3.<\/p>\n\n\n\n<p class=\"wp-block-paragraph\">El diputat Ramiro Rivera indica que \u201cdes de la Diputaci\u00f3 s&#8217;aposta decididament per l&#8217;emprenedoria en els municipis rurals o m\u00e9s afectats pel repte demogr\u00e0fic, impulsant accions de conscienciaci\u00f3, formaci\u00f3 i acompanyament, de la m\u00e0 d&#8217;agents clau en el territori com les ADL i especialment els Grups d&#8217;Acci\u00f3 Local, amb els qui es mant\u00e9 una l\u00ednia espec\u00edfica de suport econ\u00f2mic&#8221;.<\/p>\n\n\n\n<p class=\"wp-block-paragraph\">Per part de Divalterra, el cap del servei de Desenvolupament Local, Fidel Garc\u00eda, ha participat amb la pon\u00e8ncia \u2018Suport a l&#8217;emprenedoria en entorns rurals\u2019, posant de manifest l&#8217;important paper de les ag\u00e8ncies de desenvolupament local (ADL) per a l&#8217;acompanyament en la posada en marxa de projectes emprenedors, que en els municipis rurals s\u00f3n un servei b\u00e0sic per a fixar la poblaci\u00f3 creant ocupaci\u00f3 i activitat econ\u00f2mica.<\/p>\n\n\n\n<p class=\"wp-block-paragraph\">A m\u00e9s, des de l&#8217;\u00e0rea jur\u00eddica de Fevecta s&#8217;han explicat les caracter\u00edstiques i aspectes legals de les cooperatives, aix\u00ed com les diferents ajudes i subvencions a les empreses d&#8217;economia social per a este any 2021.<\/p>\n\n\n\n<p class=\"wp-block-paragraph\">La jornada ha sigut clausurada per Teresa Garc\u00eda Mu\u00f1oz, directora general d&#8217;Emprenedoria i Cooperativisme, que ha abordat les accions de suport al cooperativisme que ha posat en marxa la Generalitat Valenciana.<\/p>\n","protected":false},"excerpt":{"rendered":"<div class=\"mh-excerpt\">Un centenar de t\u00e8cnics d&#8217;ajuntaments, mancomunitats i grups d&#8217;acci\u00f3 local participen en la trobada organitzada per Fevecta La directora general d&#8217;Emprenedoria i Cooperativisme, Teresa Garc\u00eda Mu\u00f1oz, ha clausurat la jornada emmarcada en Migracoop 2021 Amb <a class=\"mh-excerpt-more\" href=\"https:\/\/tucomarca.whitekongsoftware.com\/ca\/la-diputacio-i-divalterra-collaboren-en-una-jornada-sobre-ajudes-a-cooperatives-en-entorns-rurals\/\" title=\"La Diputaci\u00f3 i Divalterra col\u00b7laboren en una jornada sobre ajudes a cooperatives en entorns rurals\">[+] <\/a><\/div>\n","protected":false},"author":12,"featured_media":128453,"comment_status":"open","ping_status":"open","sticky":false,"template":"","format":"standard","meta":{"footnotes":""},"categories":[10890,10905,10951,11046,10898,10948,10963,10894,10904,10903,10947,10909,10896],"tags":[11246,11096,14088],"class_list":["post-128457","post","type-post","status-publish","format-standard","has-post-thumbnail","category-ademus","category-agricultura-la-comarca-ca","category-ayora-cofrentes-ca","category-los-serranos-ca","category-ventana-ca","category-infraestructuras-ca","category-la-canal-de-navarres-ca","category-la-comarca-ca","category-sin-categorizar-ca","category-medio-ambiente-la-comarca-ca","category-politica","category-requena-utiel-ca","category-seccion-ca","tag-diputacio-de-valencia-ca","tag-divalterra-ca","tag-fevecta-ca"],"_links":{"self":[{"href":"https:\/\/tucomarca.whitekongsoftware.com\/ca\/wp-json\/wp\/v2\/posts\/128457","targetHints":{"allow":["GET"]}}],"collection":[{"href":"https:\/\/tucomarca.whitekongsoftware.com\/ca\/wp-json\/wp\/v2\/posts"}],"about":[{"href":"https:\/\/tucomarca.whitekongsoftware.com\/ca\/wp-json\/wp\/v2\/types\/post"}],"author":[{"embeddable":true,"href":"https:\/\/tucomarca.whitekongsoftware.com\/ca\/wp-json\/wp\/v2\/users\/12"}],"replies":[{"embeddable":true,"href":"https:\/\/tucomarca.whitekongsoftware.com\/ca\/wp-json\/wp\/v2\/comments?post=128457"}],"version-history":[{"count":0,"href":"https:\/\/tucomarca.whitekongsoftware.com\/ca\/wp-json\/wp\/v2\/posts\/128457\/revisions"}],"wp:featuredmedia":[{"embeddable":true,"href":"https:\/\/tucomarca.whitekongsoftware.com\/ca\/wp-json\/wp\/v2\/media\/128453"}],"wp:attachment":[{"href":"https:\/\/tucomarca.whitekongsoftware.com\/ca\/wp-json\/wp\/v2\/media?parent=128457"}],"wp:term":[{"taxonomy":"category","embeddable":true,"href":"https:\/\/tucomarca.whitekongsoftware.com\/ca\/wp-json\/wp\/v2\/categories?post=128457"},{"taxonomy":"post_tag","embeddable":true,"href":"https:\/\/tucomarca.whitekongsoftware.com\/ca\/wp-json\/wp\/v2\/tags?post=128457"}],"curies":[{"name":"wp","href":"https:\/\/api.w.org\/{rel}","templated":true}]}}