{"id":128421,"date":"2021-03-11T20:00:00","date_gmt":"2021-03-11T19:00:00","guid":{"rendered":"http:\/\/www.tucomarca.com\/wordpress\/segunda\/?p=128421"},"modified":"2021-03-12T12:23:27","modified_gmt":"2021-03-12T11:23:27","slug":"la-comunitat-registra-300-casos-nous-de-coronavirus-516-altes-i-23-defuncions","status":"publish","type":"post","link":"https:\/\/tucomarca.whitekongsoftware.com\/ca\/la-comunitat-registra-300-casos-nous-de-coronavirus-516-altes-i-23-defuncions\/","title":{"rendered":"La Comunitat registra 300 casos nous de coronavirus, 516 altes i 23 defuncions"},"content":{"rendered":"\n<h4 class=\"wp-block-heading\"><strong>Per prov\u00edncies: 16 a Castell\u00f3, 112 a Alacant, 171 a Val\u00e8ncia i 1 no assignat&nbsp;<br>S&#8217;han administrat un total de 453.107 dosi de la vacuna contra el coronavirus<\/strong><\/h4>\n\n\n\n<p class=\"wp-block-paragraph\">La Comunitat Valenciana ha administrat un total de 453.107 dosi de la vacuna contra el coronavirus. Per prov\u00edncies, 55.072 a Castell\u00f3, 159.252 a Alacant i 238.783 a Val\u00e8ncia. Han rebut les dues dosis 131.713 persones.&nbsp;<\/p>\n\n\n\n<p class=\"wp-block-paragraph\">D&#8217;altra banda, s&#8217;han notificat 300 casos nous de coronavirus confirmats per prova *PCR o a trav\u00e9s de test d&#8217;ant\u00edgens des de l&#8217;\u00faltima actualitzaci\u00f3, que situen la xifra total de positius en 382.440 persones. Per prov\u00edncies, la distribuci\u00f3 de nous positius \u00e9s la seg\u00fcent: 16 a Castell\u00f3 (39.023 en total), 112 a Alacant (143.951 en total) i 171 a la prov\u00edncia de Val\u00e8ncia (199.461). A m\u00e9s, hi ha 1 nou cas sense assignar, amb el que el total de casos sense assignar ascendeix a 5.&nbsp;<\/p>\n\n\n\n<p class=\"wp-block-paragraph\">Des de l&#8217;\u00faltima actualitzaci\u00f3 s&#8217;han registrat 516 altes a pacients amb coronavirus. D&#8217;aquesta manera, ja s\u00f3n 381.906 persones en la Comunitat Valenciana les que han superat la malaltia des que va comen\u00e7ar la pand\u00e8mia. Per prov\u00edncies, les altes es distribueixen de la seg\u00fcent manera: 39.281 a Castell\u00f3, 143.158 a Alacant i 199.408 a Val\u00e8ncia, a m\u00e9s de 59 no assignades.&nbsp;<\/p>\n\n\n\n<p class=\"wp-block-paragraph\">Els hospitals valencians tenen, actualment, 663 persones ingressades: 50 a la prov\u00edncia de Castell\u00f3, amb 7 pacients en UCI; 298 a la prov\u00edncia d&#8217;Alacant, 80 d&#8217;ells en l&#8217;UCI; i 315 a la prov\u00edncia de Val\u00e8ncia, 91 d&#8217;ells en UCI.&nbsp;<\/p>\n\n\n\n<p class=\"wp-block-paragraph\">A m\u00e9s, s&#8217;han registrat 23 defuncions per coronavirus des de l&#8217;\u00faltima actualitzaci\u00f3, per la qual cosa el total de defuncions des de l&#8217;inici de la pand\u00e8mia \u00e9s de 6.972 persones: 770 a la prov\u00edncia de Castell\u00f3, 2.622 en la d&#8217;Alacant i 3.580 en la de Val\u00e8ncia.&nbsp;<\/p>\n\n\n\n<p class=\"wp-block-paragraph\">D&#8217;acord amb les dades registrades, en aquests moments hi ha 5.038 casos actius, la qual cosa suposa un 1,28% del total de positius.&nbsp;<\/p>\n\n\n\n<p class=\"wp-block-paragraph\"><strong>Actualitzaci\u00f3 de la situaci\u00f3 en resid\u00e8ncies&nbsp;<\/strong><\/p>\n\n\n\n<p class=\"wp-block-paragraph\">Des de l&#8217;\u00faltima actualitzaci\u00f3, els casos positius en resid\u00e8ncies de majors s&#8217;han redu\u00eft a 29 (3 a la prov\u00edncia de Castell\u00f3, 4 a la prov\u00edncia d&#8217;Alacant i 22 a la prov\u00edncia de Val\u00e8ncia), 6 centres de diversitat funcional (1 a la prov\u00edncia d&#8217;Alacant i 5 a la prov\u00edncia de Val\u00e8ncia) i 2 centres de menors (1 a la prov\u00edncia de Val\u00e8ncia i 1 a la prov\u00edncia d&#8217;Alacant).&nbsp;<\/p>\n\n\n\n<ul class=\"wp-block-list\"><li>Residents nous positius: 4&nbsp;<\/li><li>Treballadors i treballadores nous positius: 7&nbsp;<\/li><li>Residents que han mort: 7&nbsp;<\/li><\/ul>\n\n\n\n<p class=\"wp-block-paragraph\">Actualment, es troben sota vigil\u00e0ncia activa de control sanitari 12 resid\u00e8ncies en la Comunitat Valenciana: 2 a la prov\u00edncia de Castell\u00f3, 5 a la prov\u00edncia d&#8217;Alacant i 8 a la prov\u00edncia de Val\u00e8ncia.&nbsp;<\/p>\n\n\n\n<p class=\"wp-block-paragraph\"><strong>Actualitzaci\u00f3 brolles de coronavirus&nbsp;<\/strong><\/p>\n\n\n\n<p class=\"wp-block-paragraph\">S&#8217;han registrat 6 nous brots des de l&#8217;\u00faltima actualitzaci\u00f3.<\/p>\n\n\n\n<ul class=\"wp-block-list\"><li>Rojales: 4 casos. \u00c1mbito educativo<\/li><li>Callosa de Segura: 5 casos. Origen social<\/li><li>Catarroja: 4 casos. Origen social<\/li><li>L&#8217;Alf\u00e0s del Pi: 5 casos. Origen social<\/li><li>Val\u00e8ncia: 3 casos. Origen social<\/li><li>Val\u00e8ncia: 4 casos. Origen social<\/li><\/ul>\n","protected":false},"excerpt":{"rendered":"<div class=\"mh-excerpt\">Per prov\u00edncies: 16 a Castell\u00f3, 112 a Alacant, 171 a Val\u00e8ncia i 1 no assignat&nbsp;S&#8217;han administrat un total de 453.107 dosi de la vacuna contra el coronavirus La Comunitat Valenciana ha administrat un total de <a class=\"mh-excerpt-more\" href=\"https:\/\/tucomarca.whitekongsoftware.com\/ca\/la-comunitat-registra-300-casos-nous-de-coronavirus-516-altes-i-23-defuncions\/\" title=\"La Comunitat registra 300 casos nous de coronavirus, 516 altes i 23 defuncions\">[+] <\/a><\/div>\n","protected":false},"author":12,"featured_media":124136,"comment_status":"open","ping_status":"open","sticky":false,"template":"","format":"standard","meta":{"footnotes":""},"categories":[11010,12202,10898,10948,10894,10904,10947,10896,10897],"tags":[12165,11939,11940,14020],"class_list":["post-128421","post","type-post","status-publish","format-standard","has-post-thumbnail","category-canal-salud","category-covid-19-ca","category-ventana-ca","category-infraestructuras-ca","category-la-comarca-ca","category-sin-categorizar-ca","category-politica","category-seccion-ca","category-sucesos-la-comarca-ca","tag-conselleria-de-sanitat-ca","tag-coronavirus-ca","tag-covid-19-ca","tag-datos-contagios-ca"],"_links":{"self":[{"href":"https:\/\/tucomarca.whitekongsoftware.com\/ca\/wp-json\/wp\/v2\/posts\/128421","targetHints":{"allow":["GET"]}}],"collection":[{"href":"https:\/\/tucomarca.whitekongsoftware.com\/ca\/wp-json\/wp\/v2\/posts"}],"about":[{"href":"https:\/\/tucomarca.whitekongsoftware.com\/ca\/wp-json\/wp\/v2\/types\/post"}],"author":[{"embeddable":true,"href":"https:\/\/tucomarca.whitekongsoftware.com\/ca\/wp-json\/wp\/v2\/users\/12"}],"replies":[{"embeddable":true,"href":"https:\/\/tucomarca.whitekongsoftware.com\/ca\/wp-json\/wp\/v2\/comments?post=128421"}],"version-history":[{"count":0,"href":"https:\/\/tucomarca.whitekongsoftware.com\/ca\/wp-json\/wp\/v2\/posts\/128421\/revisions"}],"wp:featuredmedia":[{"embeddable":true,"href":"https:\/\/tucomarca.whitekongsoftware.com\/ca\/wp-json\/wp\/v2\/media\/124136"}],"wp:attachment":[{"href":"https:\/\/tucomarca.whitekongsoftware.com\/ca\/wp-json\/wp\/v2\/media?parent=128421"}],"wp:term":[{"taxonomy":"category","embeddable":true,"href":"https:\/\/tucomarca.whitekongsoftware.com\/ca\/wp-json\/wp\/v2\/categories?post=128421"},{"taxonomy":"post_tag","embeddable":true,"href":"https:\/\/tucomarca.whitekongsoftware.com\/ca\/wp-json\/wp\/v2\/tags?post=128421"}],"curies":[{"name":"wp","href":"https:\/\/api.w.org\/{rel}","templated":true}]}}