{"id":128381,"date":"2021-03-11T19:30:00","date_gmt":"2021-03-11T18:30:00","guid":{"rendered":"http:\/\/www.tucomarca.com\/wordpress\/segunda\/?p=128381"},"modified":"2021-03-11T19:37:22","modified_gmt":"2021-03-11T18:37:22","slug":"video-el-cd-bunyol-senfronta-al-quart-de-poblet-reforcat-amb-jabu-farinos-i-amb-mario-recuperat-despres-de-la-seua-lesio","status":"publish","type":"post","link":"https:\/\/tucomarca.whitekongsoftware.com\/ca\/video-el-cd-bunyol-senfronta-al-quart-de-poblet-reforcat-amb-jabu-farinos-i-amb-mario-recuperat-despres-de-la-seua-lesio\/","title":{"rendered":"V\u00eddeo: el CD Bunyol s&#8217;enfronta al Quart de Poblet refor\u00e7at amb Jabu, Farin\u00f3s; i amb Mario recuperat despr\u00e9s de la seua lesi\u00f3"},"content":{"rendered":"\n<figure class=\"wp-block-embed is-type-video is-provider-youtube wp-block-embed-youtube wp-embed-aspect-16-9 wp-has-aspect-ratio\"><div class=\"wp-block-embed__wrapper\">\n<iframe loading=\"lazy\" title=\"V\u00eddeo: el CD Bu\u00f1ol se mide al Quart reforzado con Jabu, Farin\u00f3s; y con Mario recuperado de su lesi\u00f3n\" width=\"500\" height=\"281\" src=\"https:\/\/www.youtube.com\/embed\/bJgXGdi5EZw?feature=oembed\" frameborder=\"0\" allow=\"accelerometer; autoplay; clipboard-write; encrypted-media; gyroscope; picture-in-picture; web-share\" referrerpolicy=\"strict-origin-when-cross-origin\" allowfullscreen><\/iframe>\n<\/div><\/figure>\n\n\n\n<p class=\"wp-block-paragraph\">El Club Esportiu Bunyol torna aquest diumenge a la competici\u00f3 en el Grup Tercer de la Regional Preferent valenciana que encap\u00e7ala despr\u00e9s de l&#8217;aturada en la lliga des de desembre de l&#8217;any passat motivat per l&#8217;agreujament de la pand\u00e8mia de covid-19. I torna amb el refor\u00e7 de *Jabu en la davantera; Farin\u00f3s en el mig camp i de Mario, un dels capitans de l&#8217;equip, recuperat despr\u00e9s d&#8217;agreuge lesi\u00f3 que va patir a l&#8217;octubre de l&#8217;any passat.<\/p>\n\n\n\n<p class=\"wp-block-paragraph\">Tant el m\u00edster, Adri\u00e1n Ferrandis, com els tres protagonistes en la volta a la competici\u00f3 del CD Bu\u00f1ol relaten per a tucomarca televisi\u00f3 quals s\u00f3n les seues impressions i perspectives de cara a l&#8217;imminent retorn al campionat.<\/p>\n","protected":false},"excerpt":{"rendered":"<div class=\"mh-excerpt\">El Club Esportiu Bunyol torna aquest diumenge a la competici\u00f3 en el Grup Tercer de la Regional Preferent valenciana que encap\u00e7ala despr\u00e9s de l&#8217;aturada en la lliga des de desembre de l&#8217;any passat motivat per <a class=\"mh-excerpt-more\" href=\"https:\/\/tucomarca.whitekongsoftware.com\/ca\/video-el-cd-bunyol-senfronta-al-quart-de-poblet-reforcat-amb-jabu-farinos-i-amb-mario-recuperat-despres-de-la-seua-lesio\/\" title=\"V\u00eddeo: el CD Bunyol s&#8217;enfronta al Quart de Poblet refor\u00e7at amb Jabu, Farin\u00f3s; i amb Mario recuperat despr\u00e9s de la seua lesi\u00f3\">[+] <\/a><\/div>\n","protected":false},"author":1,"featured_media":128360,"comment_status":"open","ping_status":"open","sticky":false,"template":"","format":"video","meta":{"footnotes":""},"categories":[10911,11015,11003,10898,10912,10896,11062],"tags":[11126,11074,11264,11075,10914],"class_list":["post-128381","post","type-post","status-publish","format-video","has-post-thumbnail","category-bunol-ca","category-canal-futbol","category-sports","category-ventana-ca","category-la-hoya-ca","category-seccion-ca","category-videos","tag-cd-bunol-ca","tag-deportes-ca","tag-esports-ca","tag-futbol-ca","tag-la-hoya-de-bunol-chiva-ca","post_format-post-format-video"],"_links":{"self":[{"href":"https:\/\/tucomarca.whitekongsoftware.com\/ca\/wp-json\/wp\/v2\/posts\/128381","targetHints":{"allow":["GET"]}}],"collection":[{"href":"https:\/\/tucomarca.whitekongsoftware.com\/ca\/wp-json\/wp\/v2\/posts"}],"about":[{"href":"https:\/\/tucomarca.whitekongsoftware.com\/ca\/wp-json\/wp\/v2\/types\/post"}],"author":[{"embeddable":true,"href":"https:\/\/tucomarca.whitekongsoftware.com\/ca\/wp-json\/wp\/v2\/users\/1"}],"replies":[{"embeddable":true,"href":"https:\/\/tucomarca.whitekongsoftware.com\/ca\/wp-json\/wp\/v2\/comments?post=128381"}],"version-history":[{"count":0,"href":"https:\/\/tucomarca.whitekongsoftware.com\/ca\/wp-json\/wp\/v2\/posts\/128381\/revisions"}],"wp:featuredmedia":[{"embeddable":true,"href":"https:\/\/tucomarca.whitekongsoftware.com\/ca\/wp-json\/wp\/v2\/media\/128360"}],"wp:attachment":[{"href":"https:\/\/tucomarca.whitekongsoftware.com\/ca\/wp-json\/wp\/v2\/media?parent=128381"}],"wp:term":[{"taxonomy":"category","embeddable":true,"href":"https:\/\/tucomarca.whitekongsoftware.com\/ca\/wp-json\/wp\/v2\/categories?post=128381"},{"taxonomy":"post_tag","embeddable":true,"href":"https:\/\/tucomarca.whitekongsoftware.com\/ca\/wp-json\/wp\/v2\/tags?post=128381"}],"curies":[{"name":"wp","href":"https:\/\/api.w.org\/{rel}","templated":true}]}}