{"id":128350,"date":"2021-03-11T10:00:00","date_gmt":"2021-03-11T09:00:00","guid":{"rendered":"http:\/\/www.tucomarca.com\/wordpress\/segunda\/?p=128350"},"modified":"2021-03-11T19:14:35","modified_gmt":"2021-03-11T18:14:35","slug":"csif-avisa-que-loficina-del-sepe-de-requena-es-queda-amb-menys-de-la-meitat-de-la-plantilla-i-exigeix-reforcos-urgents","status":"publish","type":"post","link":"https:\/\/tucomarca.whitekongsoftware.com\/ca\/csif-avisa-que-loficina-del-sepe-de-requena-es-queda-amb-menys-de-la-meitat-de-la-plantilla-i-exigeix-reforcos-urgents\/","title":{"rendered":"CSIF avisa que l&#8217;oficina del SEPE de Requena es queda amb menys de la meitat de la plantilla i exigeix refor\u00e7os urgents"},"content":{"rendered":"\n<h4 class=\"wp-block-heading\">El sindicat adverteix que la caiguda del sistema complica encara m\u00e9s la prec\u00e0ria situaci\u00f3 d&#8217;aquesta oficina comarcal, atesa per interins<\/h4>\n\n\n\n<p class=\"wp-block-paragraph\">El sindicat CSIF adverteix de la manca de personal en l&#8217;oficina del Servei P\u00fablic d&#8217;Ocupaci\u00f3 Estatal (SEPE) situada a Requena i que t\u00e9 un \u00e0mbit d&#8217;actuaci\u00f3 comarcal. A partir de dem\u00e0 aquestes depend\u00e8ncies seran ateses \u00fanicament per dos interins contractats de refor\u00e7 per la pand\u00e8mia a causa de la falta de cobertura de baixes i per un funcionari amb jornada redu\u00efda. Aquesta situaci\u00f3 s&#8217;agreujar\u00e0 amb els retards provocats per la caiguda del sistema inform\u00e0tic. El sindicat reclama refor\u00e7os urgents.<\/p>\n\n\n\n<p class=\"wp-block-paragraph\">La Central Sindical Independent i de Funcionaris (CSIF) explica que aquesta oficina disposa te\u00f2ricament d&#8217;una plantilla de sis persones. No obstant aix\u00f2, t\u00e9 a dos funcionaris amb baixes de duraci\u00f3 imprevisible que el Ministeri de Treball no ha cobert. A aix\u00f2 se suma la reducci\u00f3 de jornada d&#8217;un laboral.<\/p>\n\n\n\n<p class=\"wp-block-paragraph\">CSIF continua relatant que la resta de la plantilla en l&#8217;actualitat est\u00e0 integrada per tres professionals interins. Una d&#8217;elles \u00e9s de programa, per\u00f2 marxa dem\u00e0, i els dos que queden porten uns mesos contractats dins del pla de refor\u00e7 per la pand\u00e8mia i davant l&#8217;acumulaci\u00f3 d&#8217;expedients a tramitar. En la pr\u00e0ctica, aquests dos \u00faltims interins s\u00f3n els que quedaran en els pr\u00f2xims dies per a atendre a prop de 50 usuaris per jornada.<\/p>\n\n\n\n<p class=\"wp-block-paragraph\">La central sindical apunta que a aqueixa precarietat de plantilla se suma la caiguda del sistema per un virus inform\u00e0tic. Aix\u00f2 provocar\u00e0 que tr\u00e0mits que haurien d&#8217;haver-se realitzat ahir i hui s&#8217;acumulen, la qual cosa incrementar\u00e0 la c\u00e0rrega de treball en oficines com la de Requena, especialment afeblida per l&#8217;escassetat d&#8217;efectius.<\/p>\n","protected":false},"excerpt":{"rendered":"<div class=\"mh-excerpt\">El sindicat adverteix que la caiguda del sistema complica encara m\u00e9s la prec\u00e0ria situaci\u00f3 d&#8217;aquesta oficina comarcal, atesa per interins El sindicat CSIF adverteix de la manca de personal en l&#8217;oficina del Servei P\u00fablic d&#8217;Ocupaci\u00f3 <a class=\"mh-excerpt-more\" href=\"https:\/\/tucomarca.whitekongsoftware.com\/ca\/csif-avisa-que-loficina-del-sepe-de-requena-es-queda-amb-menys-de-la-meitat-de-la-plantilla-i-exigeix-reforcos-urgents\/\" title=\"CSIF avisa que l&#8217;oficina del SEPE de Requena es queda amb menys de la meitat de la plantilla i exigeix refor\u00e7os urgents\">[+] <\/a><\/div>\n","protected":false},"author":12,"featured_media":128349,"comment_status":"open","ping_status":"open","sticky":false,"template":"","format":"standard","meta":{"footnotes":""},"categories":[10948,10894,10947,10908,10909,10896],"tags":[11345,11099,10910,12042],"class_list":["post-128350","post","type-post","status-publish","format-standard","has-post-thumbnail","category-infraestructuras-ca","category-la-comarca-ca","category-politica","category-requena-ca","category-requena-utiel-ca","category-seccion-ca","tag-csif-ca","tag-requena-ca","tag-requena-utiel-ca","tag-sepe-ca"],"_links":{"self":[{"href":"https:\/\/tucomarca.whitekongsoftware.com\/ca\/wp-json\/wp\/v2\/posts\/128350","targetHints":{"allow":["GET"]}}],"collection":[{"href":"https:\/\/tucomarca.whitekongsoftware.com\/ca\/wp-json\/wp\/v2\/posts"}],"about":[{"href":"https:\/\/tucomarca.whitekongsoftware.com\/ca\/wp-json\/wp\/v2\/types\/post"}],"author":[{"embeddable":true,"href":"https:\/\/tucomarca.whitekongsoftware.com\/ca\/wp-json\/wp\/v2\/users\/12"}],"replies":[{"embeddable":true,"href":"https:\/\/tucomarca.whitekongsoftware.com\/ca\/wp-json\/wp\/v2\/comments?post=128350"}],"version-history":[{"count":0,"href":"https:\/\/tucomarca.whitekongsoftware.com\/ca\/wp-json\/wp\/v2\/posts\/128350\/revisions"}],"wp:featuredmedia":[{"embeddable":true,"href":"https:\/\/tucomarca.whitekongsoftware.com\/ca\/wp-json\/wp\/v2\/media\/128349"}],"wp:attachment":[{"href":"https:\/\/tucomarca.whitekongsoftware.com\/ca\/wp-json\/wp\/v2\/media?parent=128350"}],"wp:term":[{"taxonomy":"category","embeddable":true,"href":"https:\/\/tucomarca.whitekongsoftware.com\/ca\/wp-json\/wp\/v2\/categories?post=128350"},{"taxonomy":"post_tag","embeddable":true,"href":"https:\/\/tucomarca.whitekongsoftware.com\/ca\/wp-json\/wp\/v2\/tags?post=128350"}],"curies":[{"name":"wp","href":"https:\/\/api.w.org\/{rel}","templated":true}]}}