{"id":128321,"date":"2021-03-10T08:00:00","date_gmt":"2021-03-10T07:00:00","guid":{"rendered":"http:\/\/www.tucomarca.com\/wordpress\/segunda\/?p=128321"},"modified":"2021-03-11T01:58:15","modified_gmt":"2021-03-11T00:58:15","slug":"la-unio-alerta-que-mes-de-la-meitat-dels-ametlers-de-la-comunitat-ja-estan-afectats-per-la-plaga-de-la-avispilla","status":"publish","type":"post","link":"https:\/\/tucomarca.whitekongsoftware.com\/ca\/la-unio-alerta-que-mes-de-la-meitat-dels-ametlers-de-la-comunitat-ja-estan-afectats-per-la-plaga-de-la-avispilla\/","title":{"rendered":"La Uni\u00f3 alerta que m\u00e9s de la meitat dels ametlers de la Comunitat ja estan afectats per la plaga de la avispilla"},"content":{"rendered":"\n<h4 class=\"wp-block-heading\">La plaga que afecta diverses comarques valencianes, ha originat, fins al moment, p\u00e8rdues superiors a 4 milions d&#8217;euros, segons la Uni\u00f3<\/h4>\n\n\n\n<p class=\"wp-block-paragraph\">La Uni\u00f3 alerta del perill de l&#8217;expansi\u00f3 de la plaga de la avispilla de l&#8217;ametler. Segons un estudi que han elaborat els serveis t\u00e8cnics de l&#8217;organitzaci\u00f3, afecta a unes 51.000 hect\u00e0rees de cultiu, el 55% de la superf\u00edcie de la Comunitat Valenciana, causant fins hui unes p\u00e8rdues d&#8217;al voltant de 4 milions d&#8217;euros. La Va unir destaca que uns 3,1 milions d&#8217;euros correspondrien a p\u00e8rdues directes en producci\u00f3 i la resta a l&#8217;augment de les despeses fitosanit\u00e0ries necess\u00e0ries per a minimitzar els danys.<\/p>\n\n\n\n<p class=\"wp-block-paragraph\">En la Comunitat Valenciana, la avispilla es va detectar per primera vegada a les comarques de la Vall d&#8217;Ayora-Cofrentes i Utiel-Requena, lim\u00edtrofes amb la prov\u00edncia d&#8217;Albacete on s&#8217;havia detectat en 2010. En aquests moments afecta tamb\u00e9 a les comarques alacantines de l&#8217;Alt Vinalop\u00f3, Vinalop\u00f3 Mitj\u00e0, l&#8217;Alacant\u00ed, Marina Baixa, l&#8217;Alcoi\u00e0; en la castellonenca de l&#8217;Alt Pal\u00e0ncia; i en les de Val\u00e8ncia: Foia de Bunyol, Ribera Alta, Vall d\u2019Albaida, i els termes municipals de Moixent i la Font de la Figuera, a la comarca de la Costera. Informa, <strong>Luis Ib\u00e1\u00f1ez.<\/strong><\/p>\n","protected":false},"excerpt":{"rendered":"<div class=\"mh-excerpt\">La plaga que afecta diverses comarques valencianes, ha originat, fins al moment, p\u00e8rdues superiors a 4 milions d&#8217;euros, segons la Uni\u00f3 La Uni\u00f3 alerta del perill de l&#8217;expansi\u00f3 de la plaga de la avispilla de <a class=\"mh-excerpt-more\" href=\"https:\/\/tucomarca.whitekongsoftware.com\/ca\/la-unio-alerta-que-mes-de-la-meitat-dels-ametlers-de-la-comunitat-ja-estan-afectats-per-la-plaga-de-la-avispilla\/\" title=\"La Uni\u00f3 alerta que m\u00e9s de la meitat dels ametlers de la Comunitat ja estan afectats per la plaga de la avispilla\">[+] <\/a><\/div>\n","protected":false},"author":12,"featured_media":128320,"comment_status":"open","ping_status":"open","sticky":false,"template":"","format":"standard","meta":{"footnotes":""},"categories":[10905,10951,10981,10982,10983,10889,10984,10985,10986,10987,10988,10989,11030,11031,11053,10990,10991,11032,11054,10992,10898,11055,10993,10994,10995,10996,10894,10912,10942,10902,11056,10997,10998,10999,11000,11001,11002,11051,10908,10909,11057,10896,11050,11058,10897,11049,11048,11047,11059,11060,11052,11061],"tags":[14060,11927,12228],"class_list":["post-128321","post","type-post","status-publish","format-standard","has-post-thumbnail","category-agricultura-la-comarca-ca","category-ayora-cofrentes-ca","category-alcantera-de-xuquer-ca","category-alfarp-ca","category-algemesi-ca","category-alzira-cat","category-antella-ca","category-beneixida-ca","category-benicull-ca","category-benifaio-ca","category-benimodo-ca","category-benimuslem-ca","category-campo-arcis-ca","category-camporrobles-ca","category-carcer-ca","category-carlet-ca","category-catadau-ca","category-caudete-ca","category-chera-ca","category-cotes-ca","category-ventana-ca","category-fuenterrobles-ca","category-gavarda-ca","category-guadassuar-ca","category-lalcudia-ca","category-lenova-ca","category-la-comarca-ca","category-la-hoya-ca","category-la-pobla-llarga-ca","category-la-ribera-ca","category-las-cuevas-ca","category-llombai-ca","category-manuel-ca","category-masalaves-ca","category-monserrat-ca","category-montroi-ca","category-rafelguaraf-ca","category-real-de-montroi-ca","category-requena-ca","category-requena-utiel-ca","category-san-antonio-ca","category-seccion-ca","category-sellent-ca","category-sinarcas-ca","category-sucesos-la-comarca-ca","category-sumacarcer-ca","category-tous-ca","category-turis-ca","category-utiel-ca","category-venta-del-moro-ca","category-villanueva-de-castellon-ca","category-villargordo-del-cabriel-ca","tag-avispilla-del-almendro-ca","tag-la-unio-de-llauradors-ca","tag-unio-de-llauradors-i-ramaders-ca"],"_links":{"self":[{"href":"https:\/\/tucomarca.whitekongsoftware.com\/ca\/wp-json\/wp\/v2\/posts\/128321","targetHints":{"allow":["GET"]}}],"collection":[{"href":"https:\/\/tucomarca.whitekongsoftware.com\/ca\/wp-json\/wp\/v2\/posts"}],"about":[{"href":"https:\/\/tucomarca.whitekongsoftware.com\/ca\/wp-json\/wp\/v2\/types\/post"}],"author":[{"embeddable":true,"href":"https:\/\/tucomarca.whitekongsoftware.com\/ca\/wp-json\/wp\/v2\/users\/12"}],"replies":[{"embeddable":true,"href":"https:\/\/tucomarca.whitekongsoftware.com\/ca\/wp-json\/wp\/v2\/comments?post=128321"}],"version-history":[{"count":0,"href":"https:\/\/tucomarca.whitekongsoftware.com\/ca\/wp-json\/wp\/v2\/posts\/128321\/revisions"}],"wp:featuredmedia":[{"embeddable":true,"href":"https:\/\/tucomarca.whitekongsoftware.com\/ca\/wp-json\/wp\/v2\/media\/128320"}],"wp:attachment":[{"href":"https:\/\/tucomarca.whitekongsoftware.com\/ca\/wp-json\/wp\/v2\/media?parent=128321"}],"wp:term":[{"taxonomy":"category","embeddable":true,"href":"https:\/\/tucomarca.whitekongsoftware.com\/ca\/wp-json\/wp\/v2\/categories?post=128321"},{"taxonomy":"post_tag","embeddable":true,"href":"https:\/\/tucomarca.whitekongsoftware.com\/ca\/wp-json\/wp\/v2\/tags?post=128321"}],"curies":[{"name":"wp","href":"https:\/\/api.w.org\/{rel}","templated":true}]}}