{"id":128243,"date":"2021-03-13T23:33:00","date_gmt":"2021-03-13T22:33:00","guid":{"rendered":"http:\/\/www.tucomarca.com\/wordpress\/segunda\/?p=128243"},"modified":"2021-03-14T15:33:35","modified_gmt":"2021-03-14T14:33:35","slug":"lus-diari-de-les-linies-llancadora-als-poligons-industrials-de-valencia-augmenta-un-34-en-el-segon-mes-de-funcionament","status":"publish","type":"post","link":"https:\/\/tucomarca.whitekongsoftware.com\/ca\/lus-diari-de-les-linies-llancadora-als-poligons-industrials-de-valencia-augmenta-un-34-en-el-segon-mes-de-funcionament\/","title":{"rendered":"L&#8217;\u00fas diari de les l\u00ednies llan\u00e7adora als pol\u00edgons industrials de Val\u00e8ncia augmenta un 34% en el segon mes de funcionament"},"content":{"rendered":"\n<h4 class=\"wp-block-heading\"><strong>Les cinc l\u00ednies que connecten Val\u00e8ncia amb \u00e0rees industrials d&#8217;Almussafes, Sollana, Paterna, Riba-roja de T\u00faria i Quart de Poblet han comptabilitzat 4.422 despla\u00e7aments&nbsp;<br>La Conselleria i les ger\u00e8ncies dels pol\u00edgons han dut a terme una campanya informativa per a convidar als treballadors i treballadores a sumar-se a aquesta opci\u00f3 de transport&nbsp;<br>Segons Espanya, l&#8217;objectiu de les llan\u00e7adora \u00e9s estimular l&#8217;aposta per &#8220;una mobilitat m\u00e9s sostenible i m\u00e9s respectuosa amb el medi ambient&#8221;<\/strong>&nbsp;<\/h4>\n\n\n\n<p class=\"wp-block-paragraph\">La Conselleria de Pol\u00edtica Territorial, Obres P\u00fabliques i Mobilitat, a trav\u00e9s de la Autoritat de Transport Metropolit\u00e0 de Val\u00e8ncia (ATMV), ha registrat, en el segon mes de funcionament, un augment del 34% en l&#8217;\u00fas diari de les cinc noves l\u00ednies d&#8217;autob\u00fas que connecten la ciutat de Val\u00e8ncia amb els principals pol\u00edgons industrials.&nbsp;<\/p>\n\n\n\n<p class=\"wp-block-paragraph\">Aix\u00ed, entre el 7 de gener i el 8 de mar\u00e7, s&#8217;han comptabilitzat 4.422 despla\u00e7aments amb aquestes l\u00ednies llan\u00e7adora, &#8220;una opci\u00f3 de transport p\u00fablic que ha evitat la circulaci\u00f3 de m\u00e9s de quatre mil vehicles privats per a accedir al lloc de treball&#8221;, ha afirmat el conseller de Pol\u00edtica Territorial, Obres P\u00fabliques i Mobilitat, Arcadi Espa\u00f1a.&nbsp;<\/p>\n\n\n\n<p class=\"wp-block-paragraph\">&#8220;El nostre objectiu -ha assenyalat el conseller-, \u00e9s que cada vegada m\u00e9s persones aposten per una mobilitat m\u00e9s sostenible i m\u00e9s respectuosa amb el medi ambient i trien aquesta opci\u00f3 per als seus despla\u00e7aments laborals&#8221;.&nbsp;<\/p>\n\n\n\n<p class=\"wp-block-paragraph\">&#8220;Per aix\u00f2, conscients de qu\u00e8 es tracta d&#8217;alguna cosa m\u00e9s que d&#8217;un canvi de rutines, aix\u00f2 \u00e9s, d&#8217;un important canvi cultural, hem dut a terme una campanya informativa en els propis pol\u00edgons per a convidar als treballadors i&nbsp;<br>treballadores a sumar-se a aquesta transformaci\u00f3 de la mobilitat&#8221;, ha declarat Espanya.&nbsp;<\/p>\n\n\n\n<p class=\"wp-block-paragraph\">&#8220;Amb la millora del transport p\u00fablic cap a les xicotetes ciutats que s\u00f3n els pol\u00edgons, al mateix temps que es contribueix a la reducci\u00f3 de la contaminaci\u00f3 es fomenta l&#8217;ocupaci\u00f3, perqu\u00e8 es facilita l&#8217;acc\u00e9s a llocs de treball a aquelles persones que no disposen de vehicle privat per als seus despla\u00e7aments, especialment els m\u00e9s joves&#8221;, ha concl\u00f2s el titular de Pol\u00edtica Territorial.&nbsp;<\/p>\n\n\n\n<p class=\"wp-block-paragraph\"><strong>Connexi\u00f3 amb 5 pol\u00edgons industrials&nbsp;<\/strong><\/p>\n\n\n\n<p class=\"wp-block-paragraph\">Des de principis d&#8217;enguany, amb l&#8217;objectiu de fomentar la mobilitat sostenible i reduir la contaminaci\u00f3 mediambiental, la Conselleria ha posat en marxa les seg\u00fcents llan\u00e7adores: Val\u00e8ncia-Parc Tecnol\u00f2gic-l&#8217;Andana, Val\u00e8ncia-Parc empresarial T\u00e0ctica-Font del Pitxer Nord, Val\u00e8ncia-Pol\u00edgon industrial La Reva, Val\u00e8ncia-Pol\u00edgon industrial Joan Carles I-Nord-l&#8217;Ermita, i Val\u00e8ncia-Pol\u00edgon industrial Font del Pitxer.&nbsp;<\/p>\n\n\n\n<p class=\"wp-block-paragraph\">Durant els dos primers mesos de funcionament, les cinc rutes que faciliten la mobilitat de 76.000 treballadors i treballadores d&#8217;aquestes \u00e0rees industrials han sumat una mitjana de 105 despla\u00e7aments diaris i s&#8217;ha aconseguit un registre mig m\u00e0xim de 173.&nbsp;<\/p>\n\n\n\n<p class=\"wp-block-paragraph\">Per a utilitzar aquestes l\u00ednies d&#8217;autob\u00fas amb una reducci\u00f3 de tarifa d&#8217;al voltant del 30%, les persones usu\u00e0ries poden emprar el Bo 10 i el Bo Transbord que la *ATMV va posar en marxa a principis d&#8217;aquest mes.&nbsp;<\/p>\n\n\n\n<p class=\"wp-block-paragraph\"><strong>Millora cont\u00ednua i canvis&nbsp;<\/strong><\/p>\n\n\n\n<p class=\"wp-block-paragraph\">Per a la millora cont\u00ednua del servei, la ATMV analitza l&#8217;evoluci\u00f3 de la demanda i del servei juntament amb les ger\u00e8ncies dels pol\u00edgons de les entitats dels parcs empresarials.&nbsp;<\/p>\n\n\n\n<p class=\"wp-block-paragraph\">En aquest sentit, s&#8217;ha procedit al canvi d&#8217;horari de dues expedicions de la llan\u00e7adora que d\u00f3na servei a la Reva i al Oliveral per a ajustar-se m\u00e9s a les necessitats de les persones treballadores.&nbsp;<\/p>\n\n\n\n<p class=\"wp-block-paragraph\">De la mateixa forma, s&#8217;estan duent a terme enquestes per a adaptar els horaris de la llan\u00e7adora al Parc empresarial T\u00e0ctica, de manera que es puga ajustar tant l&#8217;\u00faltima expedici\u00f3 del dia com la de retorn dels divendres, dia en qu\u00e8 la majoria de treballadors i treballadores t\u00e9 jornada redu\u00efda.<\/p>\n","protected":false},"excerpt":{"rendered":"<div class=\"mh-excerpt\">Les cinc l\u00ednies que connecten Val\u00e8ncia amb \u00e0rees industrials d&#8217;Almussafes, Sollana, Paterna, Riba-roja de T\u00faria i Quart de Poblet han comptabilitzat 4.422 despla\u00e7aments&nbsp;La Conselleria i les ger\u00e8ncies dels pol\u00edgons han dut a terme una campanya <a class=\"mh-excerpt-more\" href=\"https:\/\/tucomarca.whitekongsoftware.com\/ca\/lus-diari-de-les-linies-llancadora-als-poligons-industrials-de-valencia-augmenta-un-34-en-el-segon-mes-de-funcionament\/\" title=\"L&#8217;\u00fas diari de les l\u00ednies llan\u00e7adora als pol\u00edgons industrials de Val\u00e8ncia augmenta un 34% en el segon mes de funcionament\">[+] <\/a><\/div>\n","protected":false},"author":12,"featured_media":128242,"comment_status":"open","ping_status":"open","sticky":false,"template":"","format":"standard","meta":{"footnotes":""},"categories":[10892,10948,10894,10904,10947,10906],"tags":[10899,11497,14045,10907],"class_list":["post-128243","post","type-post","status-publish","format-standard","has-post-thumbnail","category-camp-de-turia-ca","category-infraestructuras-ca","category-la-comarca-ca","category-sin-categorizar-ca","category-politica","category-riba-roja-ca","tag-camp-de-turia-ca","tag-comunitat-valenciana-ca","tag-poligonos-industriales-de-valencia-ca","tag-riba-roja-del-turia-ca"],"_links":{"self":[{"href":"https:\/\/tucomarca.whitekongsoftware.com\/ca\/wp-json\/wp\/v2\/posts\/128243","targetHints":{"allow":["GET"]}}],"collection":[{"href":"https:\/\/tucomarca.whitekongsoftware.com\/ca\/wp-json\/wp\/v2\/posts"}],"about":[{"href":"https:\/\/tucomarca.whitekongsoftware.com\/ca\/wp-json\/wp\/v2\/types\/post"}],"author":[{"embeddable":true,"href":"https:\/\/tucomarca.whitekongsoftware.com\/ca\/wp-json\/wp\/v2\/users\/12"}],"replies":[{"embeddable":true,"href":"https:\/\/tucomarca.whitekongsoftware.com\/ca\/wp-json\/wp\/v2\/comments?post=128243"}],"version-history":[{"count":0,"href":"https:\/\/tucomarca.whitekongsoftware.com\/ca\/wp-json\/wp\/v2\/posts\/128243\/revisions"}],"wp:featuredmedia":[{"embeddable":true,"href":"https:\/\/tucomarca.whitekongsoftware.com\/ca\/wp-json\/wp\/v2\/media\/128242"}],"wp:attachment":[{"href":"https:\/\/tucomarca.whitekongsoftware.com\/ca\/wp-json\/wp\/v2\/media?parent=128243"}],"wp:term":[{"taxonomy":"category","embeddable":true,"href":"https:\/\/tucomarca.whitekongsoftware.com\/ca\/wp-json\/wp\/v2\/categories?post=128243"},{"taxonomy":"post_tag","embeddable":true,"href":"https:\/\/tucomarca.whitekongsoftware.com\/ca\/wp-json\/wp\/v2\/tags?post=128243"}],"curies":[{"name":"wp","href":"https:\/\/api.w.org\/{rel}","templated":true}]}}