{"id":128203,"date":"2021-03-10T12:00:00","date_gmt":"2021-03-10T11:00:00","guid":{"rendered":"http:\/\/www.tucomarca.com\/wordpress\/segunda\/?p=128203"},"modified":"2021-03-10T12:26:08","modified_gmt":"2021-03-10T11:26:08","slug":"prospectors-de-formacio-professional-participen-en-la-taula-de-formacio-i-us-de-la-mancomunitat-del-camp-de-turia","status":"publish","type":"post","link":"https:\/\/tucomarca.whitekongsoftware.com\/ca\/prospectors-de-formacio-professional-participen-en-la-taula-de-formacio-i-us-de-la-mancomunitat-del-camp-de-turia\/","title":{"rendered":"Prospectors de Formaci\u00f3 Professional participen en la taula de formaci\u00f3 i \u00fas de la Mancomunitat del Camp de T\u00faria"},"content":{"rendered":"\n<p class=\"wp-block-paragraph\">Els prospectors d&#8217;FP Jacobo L\u00f3pez, Manuel Clemente i Francisco T\u00e1rrega s&#8217;han reunit telem\u00e0ticament en la primera taula de Formaci\u00f3 i Ocupaci\u00f3 moderada per Chelo Herr\u00e1ez, la Directora del Departament de Promoci\u00f3 Econ\u00f2mica i que organitzada la Mancomunitat Camp de T\u00faria, com a \u00f2rgan de participaci\u00f3, consulta i assessorament format per una \u00e0mplia representaci\u00f3 dels sectors implicats en aquests \u00e0mbits. Laura Ferri per part Direcci\u00f3 General d&#8217;FP i Ensenyaments de r\u00e8gim especial, Representants de Labora, Centres educatius de la comarca, ADL\u2019s, Sindicats, Associaci\u00f3 empresarials. &#8220;Una gran faena de la mancomunitat que presideix Lola Celda que permetr\u00e0 fer una an\u00e0lisi exhaustiva de les necessitats formatives, ocupabilitat i realitzar propostes de gran import\u00e0ncia basades en el va estudiar detallat de tots els agents participants&#8221;, segons han informat fonts de l&#8217;organitzaci\u00f3.<\/p>\n\n\n\n<p class=\"wp-block-paragraph\">&#8220;S&#8217;han plantejat diversos grups de treball per a una major agilitat en el funcionament i la concreci\u00f3 d&#8217;objectius. Una aposta per l&#8217;ocupaci\u00f3 i la formaci\u00f3 en una comarca en ple creixement i amb un gran desenvolupament econ\u00f2mic fruit del treball que s&#8217;est\u00e0 duent a terme des de la mancomunitat. Gr\u00e0cies a aix\u00f2 s&#8217;estan assentant empreses i realitzant fortes inversions a la comarca, secundades pel govern a nivell local, auton\u00f2mic i central, refor\u00e7ant l&#8217;oferta formativa, i revitalitzant l&#8217;economia i la generaci\u00f3 d&#8217;ocupaci\u00f3. Prova d&#8217;aix\u00f2 s\u00f3n les \u00faltimes vistes a les instal\u00b7lacions de Power Electr\u00f3nics per part de les institucions&#8221;, han afegit.\u00a0<\/p>\n\n\n\n<p class=\"wp-block-paragraph\">La Formaci\u00f3 Professional \u00e9s un element clau vinculada als perfils professionals requerits. Una eina important \u00e9s la modalitat d&#8217;FP DUAL que combina la formaci\u00f3 en per\u00edodes en l&#8217;empresa i en el centre educatiu. Aquesta modalitat de formaci\u00f3 va m\u00e9s enll\u00e0 del simple desenvolupament de l&#8217;activitat docent en una empresa o en un centre educatiu; es considera un m\u00e8tode efica\u00e7 per a la transfer\u00e8ncia del coneixement entre els centres educatius i les empreses, la qual cosa es tradueix en una millora de la qualitat de la formaci\u00f3, del potencial innovador de les empreses i, en definitiva, de la competitivitat general dels centres i empreses implicades, acostant els t\u00edtols d&#8217;FP a la realitat laboral,<\/p>\n\n\n\n<p class=\"wp-block-paragraph\">El prospector d&#8217;FP \u00e9s una figura creada per a impulsar la Formaci\u00f3 professional, donar a con\u00e9ixer els avantatges i incrementar la implantaci\u00f3 de la FP DUAL. Entre les seues funcions estan fomentar l&#8217;acostament entre les empreses i els centres educatius i afavorir la seua implicaci\u00f3 en projectes de Formaci\u00f3 Professional DUAL de qualitat, vinculant les necessitats del teixit productiu de l&#8217;entorn a l&#8217;oferta educativa i recollint les necessitats de les empreses quant als presents i futurs perfils professionals demandats. Aix\u00ed com establir canals de comunicaci\u00f3 directes entre l&#8217;Administraci\u00f3 educativa els centres docents i les empreses. Els prospectors s\u00f3n professors d&#8217;FP amb \u00e0mplia experi\u00e8ncia i coneixedors de l&#8217;entorn educatiu i empresarial.<\/p>\n\n\n\n<figure class=\"wp-block-image size-large\"><img loading=\"lazy\" decoding=\"async\" width=\"425\" height=\"256\" src=\"http:\/\/www.tucomarca.com\/wordpress\/segunda\/wp-content\/uploads\/2021\/03\/ManuelClemente2.jpg\" alt=\"\" class=\"wp-image-128197\" srcset=\"https:\/\/tucomarca.whitekongsoftware.com\/wp-content\/uploads\/2021\/03\/ManuelClemente2.jpg 425w, https:\/\/tucomarca.whitekongsoftware.com\/wp-content\/uploads\/2021\/03\/ManuelClemente2-300x181.jpg 300w\" sizes=\"auto, (max-width: 425px) 100vw, 425px\" \/><\/figure>\n\n\n\n<figure class=\"wp-block-image size-large\"><img loading=\"lazy\" decoding=\"async\" width=\"425\" height=\"283\" src=\"http:\/\/www.tucomarca.com\/wordpress\/segunda\/wp-content\/uploads\/2021\/03\/ManuelClemente3.jpg\" alt=\"\" class=\"wp-image-128195\" srcset=\"https:\/\/tucomarca.whitekongsoftware.com\/wp-content\/uploads\/2021\/03\/ManuelClemente3.jpg 425w, https:\/\/tucomarca.whitekongsoftware.com\/wp-content\/uploads\/2021\/03\/ManuelClemente3-300x200.jpg 300w\" sizes=\"auto, (max-width: 425px) 100vw, 425px\" \/><figcaption>Visita ministra Teresa Ribera a Power electr\u00f3nics .<\/figcaption><\/figure>\n","protected":false},"excerpt":{"rendered":"<div class=\"mh-excerpt\">Els prospectors d&#8217;FP Jacobo L\u00f3pez, Manuel Clemente i Francisco T\u00e1rrega s&#8217;han reunit telem\u00e0ticament en la primera taula de Formaci\u00f3 i Ocupaci\u00f3 moderada per Chelo Herr\u00e1ez, la Directora del Departament de Promoci\u00f3 Econ\u00f2mica i que organitzada <a class=\"mh-excerpt-more\" href=\"https:\/\/tucomarca.whitekongsoftware.com\/ca\/prospectors-de-formacio-professional-participen-en-la-taula-de-formacio-i-us-de-la-mancomunitat-del-camp-de-turia\/\" title=\"Prospectors de Formaci\u00f3 Professional participen en la taula de formaci\u00f3 i \u00fas de la Mancomunitat del Camp de T\u00faria\">[+] <\/a><\/div>\n","protected":false},"author":1,"featured_media":128194,"comment_status":"open","ping_status":"open","sticky":false,"template":"","format":"standard","meta":{"footnotes":""},"categories":[10952,10938,10937,10892,10930,10929,10948,10894,10915,10928,10931,10893,10932,10936,10935,10947,10906,10934,10896,10933,10927],"tags":[10899,14037],"class_list":["post-128203","post","type-post","status-publish","format-standard","has-post-thumbnail","category-benaguasil-ca","category-benisano-ca","category-betera-ca","category-camp-de-turia-ca","category-casinos-ca","category-gatova-ca","category-infraestructuras-ca","category-la-comarca-ca","category-la-pobla-ca","category-lliria-ca","category-loriguilla-ca","category-leliana-ca","category-marines-ca","category-naquera-ca","category-olocau-ca","category-politica","category-riba-roja-ca","category-san-antonio-de-benageber-ca","category-seccion-ca","category-serra-ca","category-vilamarxant-ca","tag-camp-de-turia-ca","tag-mancomunitat-camp-de-turia-ca"],"_links":{"self":[{"href":"https:\/\/tucomarca.whitekongsoftware.com\/ca\/wp-json\/wp\/v2\/posts\/128203","targetHints":{"allow":["GET"]}}],"collection":[{"href":"https:\/\/tucomarca.whitekongsoftware.com\/ca\/wp-json\/wp\/v2\/posts"}],"about":[{"href":"https:\/\/tucomarca.whitekongsoftware.com\/ca\/wp-json\/wp\/v2\/types\/post"}],"author":[{"embeddable":true,"href":"https:\/\/tucomarca.whitekongsoftware.com\/ca\/wp-json\/wp\/v2\/users\/1"}],"replies":[{"embeddable":true,"href":"https:\/\/tucomarca.whitekongsoftware.com\/ca\/wp-json\/wp\/v2\/comments?post=128203"}],"version-history":[{"count":0,"href":"https:\/\/tucomarca.whitekongsoftware.com\/ca\/wp-json\/wp\/v2\/posts\/128203\/revisions"}],"wp:featuredmedia":[{"embeddable":true,"href":"https:\/\/tucomarca.whitekongsoftware.com\/ca\/wp-json\/wp\/v2\/media\/128194"}],"wp:attachment":[{"href":"https:\/\/tucomarca.whitekongsoftware.com\/ca\/wp-json\/wp\/v2\/media?parent=128203"}],"wp:term":[{"taxonomy":"category","embeddable":true,"href":"https:\/\/tucomarca.whitekongsoftware.com\/ca\/wp-json\/wp\/v2\/categories?post=128203"},{"taxonomy":"post_tag","embeddable":true,"href":"https:\/\/tucomarca.whitekongsoftware.com\/ca\/wp-json\/wp\/v2\/tags?post=128203"}],"curies":[{"name":"wp","href":"https:\/\/api.w.org\/{rel}","templated":true}]}}