{"id":128186,"date":"2021-03-10T10:00:00","date_gmt":"2021-03-10T09:00:00","guid":{"rendered":"http:\/\/www.tucomarca.com\/wordpress\/segunda\/?p=128186"},"modified":"2021-03-10T12:33:18","modified_gmt":"2021-03-10T11:33:18","slug":"lajuntament-convoca-el-concurs-daparadors-fallers-bunyol-amb-les-seues-falles-en-suport-als-artistes-i-comissions-locals","status":"publish","type":"post","link":"https:\/\/tucomarca.whitekongsoftware.com\/ca\/lajuntament-convoca-el-concurs-daparadors-fallers-bunyol-amb-les-seues-falles-en-suport-als-artistes-i-comissions-locals\/","title":{"rendered":"L&#8217;Ajuntament convoca el concurs d&#8217;aparadors fallers &#8220;Bunyol amb les seues Falles&#8221; en suport als artistes i comissions locals"},"content":{"rendered":"\n<p class=\"wp-block-paragraph\">L&#8217;Ajuntament de Bunyol en col\u00b7laboraci\u00f3 amb el gremi d&#8217;artistes fallers, del qual formen part els artistes locals Salvador Espert, Toni L\u00f3pez i Emilio Tamarit, organitza un concursos d&#8217;aparadors amb el nom de &#8220;Bu\u00f1ol amb les seues Falles&#8221;, una manera de viure la Falles 2021 des de les finestres a l&#8217;exterior del comer\u00e7 de la localitat.<\/p>\n\n\n\n<p class=\"wp-block-paragraph\">Aquesta iniciativa impulsada pel gremi d&#8217;artistes fallers de Val\u00e8ncia, a m\u00e9s compta amb el suport del Patronat de Turisme, Val\u00e8ncia Turisme, Visit Val\u00e8ncia, CEV i l&#8217;Ajuntament de Val\u00e8ncia, entre altres.<\/p>\n\n\n\n<p class=\"wp-block-paragraph\">En aquest concurs podran participar tots els comer\u00e7os de Bu\u00f1ol, per a aix\u00f2 hauran d&#8217;inscriure&#8217;s a l&#8217;ajuntament (agutzils) o trucant al tel\u00e8fon 600 403 193, facilitant el nom i cognoms, nom i adre\u00e7a de l&#8217;establiment i tel\u00e8fon de contacte.<\/p>\n\n\n\n<p class=\"wp-block-paragraph\">La decoraci\u00f3 tindr\u00e0 tem\u00e0tica fallera i un jurat qualificat puntuar\u00e0 els tres millors.<\/p>\n\n\n\n<ul class=\"wp-block-list\"><li>un primer premi que consisteix en un regal valorat en 300 euros<\/li><li>un segon premi amb un regal valorat en 150 euros<\/li><li>el tercer amb un regal valorat en 100 euros<\/li><\/ul>\n\n\n\n<p class=\"wp-block-paragraph\">Els aparadors podran veure&#8217;s en els establiments participants almenys des del 12 al 19 de mar\u00e7.<\/p>\n","protected":false},"excerpt":{"rendered":"<div class=\"mh-excerpt\">L&#8217;Ajuntament de Bunyol en col\u00b7laboraci\u00f3 amb el gremi d&#8217;artistes fallers, del qual formen part els artistes locals Salvador Espert, Toni L\u00f3pez i Emilio Tamarit, organitza un concursos d&#8217;aparadors amb el nom de &#8220;Bu\u00f1ol amb les <a class=\"mh-excerpt-more\" href=\"https:\/\/tucomarca.whitekongsoftware.com\/ca\/lajuntament-convoca-el-concurs-daparadors-fallers-bunyol-amb-les-seues-falles-en-suport-als-artistes-i-comissions-locals\/\" title=\"L&#8217;Ajuntament convoca el concurs d&#8217;aparadors fallers &#8220;Bunyol amb les seues Falles&#8221; en suport als artistes i comissions locals\">[+] <\/a><\/div>\n","protected":false},"author":12,"featured_media":128185,"comment_status":"open","ping_status":"open","sticky":false,"template":"","format":"standard","meta":{"footnotes":""},"categories":[11019,10911,10948,10894,10912,11007,10947,10896],"tags":[13127,10913,14036,11499,12145,10914],"class_list":["post-128186","post","type-post","status-publish","format-standard","has-post-thumbnail","category-agenda-ca","category-bunol-ca","category-infraestructuras-ca","category-la-comarca-ca","category-la-hoya-ca","category-ocio-y-cultura-ca","category-politica","category-seccion-ca","tag-artistas-falleros-ca","tag-bunol-ca","tag-bunol-con-sus-fallas-ca","tag-fallas-ca","tag-fallas-2021-ca","tag-la-hoya-de-bunol-chiva-ca"],"_links":{"self":[{"href":"https:\/\/tucomarca.whitekongsoftware.com\/ca\/wp-json\/wp\/v2\/posts\/128186","targetHints":{"allow":["GET"]}}],"collection":[{"href":"https:\/\/tucomarca.whitekongsoftware.com\/ca\/wp-json\/wp\/v2\/posts"}],"about":[{"href":"https:\/\/tucomarca.whitekongsoftware.com\/ca\/wp-json\/wp\/v2\/types\/post"}],"author":[{"embeddable":true,"href":"https:\/\/tucomarca.whitekongsoftware.com\/ca\/wp-json\/wp\/v2\/users\/12"}],"replies":[{"embeddable":true,"href":"https:\/\/tucomarca.whitekongsoftware.com\/ca\/wp-json\/wp\/v2\/comments?post=128186"}],"version-history":[{"count":0,"href":"https:\/\/tucomarca.whitekongsoftware.com\/ca\/wp-json\/wp\/v2\/posts\/128186\/revisions"}],"wp:featuredmedia":[{"embeddable":true,"href":"https:\/\/tucomarca.whitekongsoftware.com\/ca\/wp-json\/wp\/v2\/media\/128185"}],"wp:attachment":[{"href":"https:\/\/tucomarca.whitekongsoftware.com\/ca\/wp-json\/wp\/v2\/media?parent=128186"}],"wp:term":[{"taxonomy":"category","embeddable":true,"href":"https:\/\/tucomarca.whitekongsoftware.com\/ca\/wp-json\/wp\/v2\/categories?post=128186"},{"taxonomy":"post_tag","embeddable":true,"href":"https:\/\/tucomarca.whitekongsoftware.com\/ca\/wp-json\/wp\/v2\/tags?post=128186"}],"curies":[{"name":"wp","href":"https:\/\/api.w.org\/{rel}","templated":true}]}}