{"id":128174,"date":"2021-03-09T22:01:00","date_gmt":"2021-03-09T21:01:00","guid":{"rendered":"http:\/\/www.tucomarca.com\/wordpress\/segunda\/?p=128174"},"modified":"2021-03-10T00:59:11","modified_gmt":"2021-03-09T23:59:11","slug":"la-comunitat-registra-618-altes-349-casos-nous-de-coronavirus-i-38-defuncions","status":"publish","type":"post","link":"https:\/\/tucomarca.whitekongsoftware.com\/ca\/la-comunitat-registra-618-altes-349-casos-nous-de-coronavirus-i-38-defuncions\/","title":{"rendered":"La Comunitat registra 618 altes, 349 casos nous de coronavirus i 38 defuncions"},"content":{"rendered":"\n<h4 class=\"wp-block-heading\"><strong class=\"\">Per prov\u00edncies, 46 a Castell\u00f3, 131 a Alacant, 172 a la prov\u00edncia de Val\u00e8ncia<\/strong><\/h4>\n\n\n\n<h4 class=\"wp-block-heading\"><strong class=\"\">S&#8217;han administrat 429.661 dosi de la vacuna contra el coronavirus i 121.246 ja han rebut les dues dosis<\/strong><\/h4>\n\n\n\n<p class=\"wp-block-paragraph\">La Comunitat Valenciana ha administrat un total de 429.661 dosi de la vacuna contra el coronavirus. Per prov\u00edncies, 52.010 a Castell\u00f3, 151.861 a Alacant i 225.790 a Val\u00e8ncia. Han rebut les dues dosis 121.246 persones.<\/p>\n\n\n\n<p class=\"wp-block-paragraph\">D&#8217;altra banda, s&#8217;han notificat 349 casos nous de coronavirus confirmats per prova *PCR o a trav\u00e9s de test d&#8217;ant\u00edgens des de l&#8217;\u00faltima actualitzaci\u00f3, que situen la xifra total de positius en 381.919 persones. Per prov\u00edncies, la distribuci\u00f3 de nous positius \u00e9s la seg\u00fcent:46 a Castell\u00f3 (38.968 en total), 131 a Alacant (143.766 en total) i 172 a la prov\u00edncia de Val\u00e8ncia (199.182). A m\u00e9s, el nombre de casos sense assignar \u00e9s 3.<\/p>\n\n\n\n<p class=\"wp-block-paragraph\">Des de l&#8217;\u00faltima actualitzaci\u00f3 s&#8217;han registrat 618 altes a pacients amb coronavirus. D&#8217;aquesta manera, ja s\u00f3n 380.881 persones en la Comunitat Valenciana les que han superat la malaltia des que va comen\u00e7ar la pand\u00e8mia. Per prov\u00edncies, les altes es distribueixen de la seg\u00fcent manera: 39.165 a Castell\u00f3, 142.769 a Alacant i 198.890 a Val\u00e8ncia, a m\u00e9s de 57 no assignades.<\/p>\n\n\n\n<p class=\"wp-block-paragraph\">Els hospitals valencians tenen, actualment, 744 persones ingressades: 61 a la prov\u00edncia de Castell\u00f3, amb 7 pacients en UCI; 338 a la prov\u00edncia d&#8217;Alacant, 89 d&#8217;ells en l&#8217;UCI; i 345 a la prov\u00edncia de Val\u00e8ncia, 95 d&#8217;ells en UCI.<\/p>\n\n\n\n<p class=\"wp-block-paragraph\">A m\u00e9s, s&#8217;han registrat 38 defuncions per coronavirus des de l&#8217;\u00faltima actualitzaci\u00f3, per la qual cosa el total de defuncions des de l&#8217;inici de la pand\u00e8mia \u00e9s de 6.911 persones: 766 a la prov\u00edncia de Castell\u00f3, 2.606 en la d&#8217;Alacant i 3.539 en la de Val\u00e8ncia.<\/p>\n\n\n\n<p class=\"wp-block-paragraph\">D&#8217;acord amb les dades registrades, en aquests moments hi ha 5.604 casos actius, la qual cosa suposa un 1,42%% del total de positius.<\/p>\n\n\n\n<p class=\"wp-block-paragraph\"><strong>Actualitzaci\u00f3 de la situaci\u00f3 en resid\u00e8ncies<\/strong><\/p>\n\n\n\n<p class=\"wp-block-paragraph\">Des de l&#8217;\u00faltima actualitzaci\u00f3, els casos positius en resid\u00e8ncies de majors s&#8217;han redu\u00eft a 43 (4 a la prov\u00edncia de Castell\u00f3, 14 a la prov\u00edncia d&#8217;Alacant i 25 a la prov\u00edncia de Val\u00e8ncia), 8 centres de diversitat funcional (1 a la prov\u00edncia d&#8217;Alacant i 7 a la prov\u00edncia de Val\u00e8ncia) i 2 centre de menors (1 a la prov\u00edncia de Val\u00e8ncia i 1 a la prov\u00edncia de Castell\u00f3).<\/p>\n\n\n\n<ul class=\"wp-block-list\"><li>Residents nous positius: 8<\/li><li>Treballadors i treballadores nous positius: 17<\/li><li>Residents que han mort: 7<\/li><\/ul>\n\n\n\n<p class=\"wp-block-paragraph\">Actualment, es troben sota vigil\u00e0ncia activa de control sanitari 22 resid\u00e8ncies en la Comunitat Valenciana: 3 a la prov\u00edncia de Castell\u00f3, 10 a la prov\u00edncia d&#8217;Alacant i 19 a la prov\u00edncia de Val\u00e8ncia.<\/p>\n\n\n\n<p class=\"wp-block-paragraph\"><strong>Actualitzaci\u00f3 brolles de coronavirus<\/strong><\/p>\n\n\n\n<p class=\"wp-block-paragraph\">S&#8217;han registrat 9 nous brots des de l&#8217;\u00faltima actualitzaci\u00f3.<\/p>\n\n\n\n<ul class=\"wp-block-list\"><li>La Vilavella: 11 casos. Origen laboral<\/li><li>Alm\u00e0ssera: 5 casos. Origen laboral<\/li><li>Val\u00e8ncia: 3 casos. Origen social<\/li><li>La Pobla De Farnals: 8 casos. Origen social<\/li><li>Mislata: 4 casos. Origen social<\/li><li>Mislata: 6 casos. Origen social<\/li><li>Betx\u00ed: 5 casos. Origen social<\/li><li>Paterna: 6 casos. \u00c1mbito educativo<\/li><li>Elche: 8 casos. Origen social<\/li><\/ul>\n","protected":false},"excerpt":{"rendered":"<div class=\"mh-excerpt\">Per prov\u00edncies, 46 a Castell\u00f3, 131 a Alacant, 172 a la prov\u00edncia de Val\u00e8ncia S&#8217;han administrat 429.661 dosi de la vacuna contra el coronavirus i 121.246 ja han rebut les dues dosis La Comunitat Valenciana <a class=\"mh-excerpt-more\" href=\"https:\/\/tucomarca.whitekongsoftware.com\/ca\/la-comunitat-registra-618-altes-349-casos-nous-de-coronavirus-i-38-defuncions\/\" title=\"La Comunitat registra 618 altes, 349 casos nous de coronavirus i 38 defuncions\">[+] <\/a><\/div>\n","protected":false},"author":12,"featured_media":127642,"comment_status":"open","ping_status":"open","sticky":false,"template":"","format":"standard","meta":{"footnotes":""},"categories":[11010,12202,10898,10948,10894,10904,10903,10947,10896,10897],"tags":[12165,11939,11940,13477,13963],"class_list":["post-128174","post","type-post","status-publish","format-standard","has-post-thumbnail","category-canal-salud","category-covid-19-ca","category-ventana-ca","category-infraestructuras-ca","category-la-comarca-ca","category-sin-categorizar-ca","category-medio-ambiente-la-comarca-ca","category-politica","category-seccion-ca","category-sucesos-la-comarca-ca","tag-conselleria-de-sanitat-ca","tag-coronavirus-ca","tag-covid-19-ca","tag-datos-de-contagios-ca","tag-vacunacion-ca"],"_links":{"self":[{"href":"https:\/\/tucomarca.whitekongsoftware.com\/ca\/wp-json\/wp\/v2\/posts\/128174","targetHints":{"allow":["GET"]}}],"collection":[{"href":"https:\/\/tucomarca.whitekongsoftware.com\/ca\/wp-json\/wp\/v2\/posts"}],"about":[{"href":"https:\/\/tucomarca.whitekongsoftware.com\/ca\/wp-json\/wp\/v2\/types\/post"}],"author":[{"embeddable":true,"href":"https:\/\/tucomarca.whitekongsoftware.com\/ca\/wp-json\/wp\/v2\/users\/12"}],"replies":[{"embeddable":true,"href":"https:\/\/tucomarca.whitekongsoftware.com\/ca\/wp-json\/wp\/v2\/comments?post=128174"}],"version-history":[{"count":0,"href":"https:\/\/tucomarca.whitekongsoftware.com\/ca\/wp-json\/wp\/v2\/posts\/128174\/revisions"}],"wp:featuredmedia":[{"embeddable":true,"href":"https:\/\/tucomarca.whitekongsoftware.com\/ca\/wp-json\/wp\/v2\/media\/127642"}],"wp:attachment":[{"href":"https:\/\/tucomarca.whitekongsoftware.com\/ca\/wp-json\/wp\/v2\/media?parent=128174"}],"wp:term":[{"taxonomy":"category","embeddable":true,"href":"https:\/\/tucomarca.whitekongsoftware.com\/ca\/wp-json\/wp\/v2\/categories?post=128174"},{"taxonomy":"post_tag","embeddable":true,"href":"https:\/\/tucomarca.whitekongsoftware.com\/ca\/wp-json\/wp\/v2\/tags?post=128174"}],"curies":[{"name":"wp","href":"https:\/\/api.w.org\/{rel}","templated":true}]}}