{"id":128166,"date":"2021-03-09T22:00:00","date_gmt":"2021-03-09T21:00:00","guid":{"rendered":"http:\/\/www.tucomarca.com\/wordpress\/segunda\/?p=128166"},"modified":"2021-03-09T23:41:54","modified_gmt":"2021-03-09T22:41:54","slug":"video-el-cd-bunyol-torna-aquest-diumenge-a-la-competicio","status":"publish","type":"post","link":"https:\/\/tucomarca.whitekongsoftware.com\/ca\/video-el-cd-bunyol-torna-aquest-diumenge-a-la-competicio\/","title":{"rendered":"V\u00eddeo: El CD Bunyol torna aquest diumenge a la competici\u00f3"},"content":{"rendered":"\n<figure class=\"wp-block-embed is-type-video is-provider-youtube wp-block-embed-youtube wp-embed-aspect-16-9 wp-has-aspect-ratio\"><div class=\"wp-block-embed__wrapper\">\n<iframe loading=\"lazy\" title=\"El CD Bu\u00f1ol vuelve este domingo a la competici\u00f3n.\" width=\"500\" height=\"281\" src=\"https:\/\/www.youtube.com\/embed\/GADgrGYOQfs?feature=oembed\" frameborder=\"0\" allow=\"accelerometer; autoplay; clipboard-write; encrypted-media; gyroscope; picture-in-picture; web-share\" referrerpolicy=\"strict-origin-when-cross-origin\" allowfullscreen><\/iframe>\n<\/div><\/figure>\n\n\n\n<p class=\"wp-block-paragraph\">El CD Bunyol torna a la competici\u00f3 aquest cap de setmana, concretament el diumenge contra el Quart de Poblet a domicili. I des de <strong>tucomarca.com<\/strong> els reiterem tot el nostre suport i \u00e0nims perqu\u00e8 continuen encap\u00e7alant la taula del grup Tercer de Regional Preferent amb l&#8217;esfor\u00e7, dedicaci\u00f3 i treball que han demostrat fins hui.<\/p>\n","protected":false},"excerpt":{"rendered":"<div class=\"mh-excerpt\">El CD Bunyol torna a la competici\u00f3 aquest cap de setmana, concretament el diumenge contra el Quart de Poblet a domicili. I des de tucomarca.com els reiterem tot el nostre suport i \u00e0nims perqu\u00e8 continuen <a class=\"mh-excerpt-more\" href=\"https:\/\/tucomarca.whitekongsoftware.com\/ca\/video-el-cd-bunyol-torna-aquest-diumenge-a-la-competicio\/\" title=\"V\u00eddeo: El CD Bunyol torna aquest diumenge a la competici\u00f3\">[+] <\/a><\/div>\n","protected":false},"author":1,"featured_media":128163,"comment_status":"open","ping_status":"open","sticky":false,"template":"","format":"video","meta":{"footnotes":""},"categories":[10911,11015,11003,10898,10912,10896,11062],"tags":[11126,11264,11075,10914],"class_list":["post-128166","post","type-post","status-publish","format-video","has-post-thumbnail","category-bunol-ca","category-canal-futbol","category-sports","category-ventana-ca","category-la-hoya-ca","category-seccion-ca","category-videos","tag-cd-bunol-ca","tag-esports-ca","tag-futbol-ca","tag-la-hoya-de-bunol-chiva-ca","post_format-post-format-video"],"_links":{"self":[{"href":"https:\/\/tucomarca.whitekongsoftware.com\/ca\/wp-json\/wp\/v2\/posts\/128166","targetHints":{"allow":["GET"]}}],"collection":[{"href":"https:\/\/tucomarca.whitekongsoftware.com\/ca\/wp-json\/wp\/v2\/posts"}],"about":[{"href":"https:\/\/tucomarca.whitekongsoftware.com\/ca\/wp-json\/wp\/v2\/types\/post"}],"author":[{"embeddable":true,"href":"https:\/\/tucomarca.whitekongsoftware.com\/ca\/wp-json\/wp\/v2\/users\/1"}],"replies":[{"embeddable":true,"href":"https:\/\/tucomarca.whitekongsoftware.com\/ca\/wp-json\/wp\/v2\/comments?post=128166"}],"version-history":[{"count":0,"href":"https:\/\/tucomarca.whitekongsoftware.com\/ca\/wp-json\/wp\/v2\/posts\/128166\/revisions"}],"wp:featuredmedia":[{"embeddable":true,"href":"https:\/\/tucomarca.whitekongsoftware.com\/ca\/wp-json\/wp\/v2\/media\/128163"}],"wp:attachment":[{"href":"https:\/\/tucomarca.whitekongsoftware.com\/ca\/wp-json\/wp\/v2\/media?parent=128166"}],"wp:term":[{"taxonomy":"category","embeddable":true,"href":"https:\/\/tucomarca.whitekongsoftware.com\/ca\/wp-json\/wp\/v2\/categories?post=128166"},{"taxonomy":"post_tag","embeddable":true,"href":"https:\/\/tucomarca.whitekongsoftware.com\/ca\/wp-json\/wp\/v2\/tags?post=128166"}],"curies":[{"name":"wp","href":"https:\/\/api.w.org\/{rel}","templated":true}]}}