{"id":127807,"date":"2021-03-06T09:00:00","date_gmt":"2021-03-06T08:00:00","guid":{"rendered":"http:\/\/www.tucomarca.com\/wordpress\/segunda\/?p=127807"},"modified":"2021-03-06T18:41:04","modified_gmt":"2021-03-06T17:41:04","slug":"lajuntament-completa-una-nova-ronda-de-desinfeccio-de-les-vies-publiques","status":"publish","type":"post","link":"https:\/\/tucomarca.whitekongsoftware.com\/ca\/lajuntament-completa-una-nova-ronda-de-desinfeccio-de-les-vies-publiques\/","title":{"rendered":"L&#8217;Ajuntament completa una nova ronda de desinfecci\u00f3 de les vies p\u00fabliques"},"content":{"rendered":"\n<h4 class=\"wp-block-heading\"><strong>Durant aquesta setmana s&#8217;han higienitzat els 150 quil\u00f2metres de carrers del casc urb\u00e0 i les urbanitzacions.<\/strong><\/h4>\n\n\n\n<p class=\"wp-block-paragraph\">L&#8217;Ajuntament de l&#8217;Eliana ha tornat a escometre aquesta primera setmana del mes de mar\u00e7 una nova ronda de desinfecci\u00f3 dels 150 quil\u00f2metres de vies p\u00fabliques. Cada nit, des del dilluns un tanc amb 1000 litres d&#8217;aigua i 20 litres d&#8217;hipoclorit ha aigualejat, un per un, tots els carrers de la localitat.&nbsp;<\/p>\n\n\n\n<p class=\"wp-block-paragraph\">La setmana va comen\u00e7ar amb la higienitzaci\u00f3 de Entrepins i Montesol, el dimarts va ser el torn de los Almendros, el Para\u00edso, l\u2019Almasereta, Montealegre, Montepilar i Pinadeta del Cel. El dimecres va continuar amb les zones del Carmen, Sant Agust\u00ed, Pla de la Paella, el Valle i &#8216;Escorial, mentre que aquesta passada nit s&#8217;ha actuat a les urbanitzacions de Bonavista, Hendaia i Torre del Virrei. Aquest divendres es completar\u00e0 aquesta ronda en el nucli urb\u00e0, el Lago i Vistahermosa.<\/p>\n\n\n\n<p class=\"wp-block-paragraph\">Aquesta \u00e9s la quarta desinfecci\u00f3 integral que s&#8217;escomet en el municipi des de l&#8217;inici de la pand\u00e8mia i tornar\u00e0 a repetir-se el mes vinent de maig o, en el seu cas, quan la situaci\u00f3 epidemiol\u00f2gica ho aconselle. Aquestes accions es duen a terme en horari nocturn, a partir de les 22.00 hores, per a evitar la pres\u00e8ncia de vianants i de manera intensiva en aquells llocs m\u00e9s concorreguts on la c\u00e0rrega viral pot ser major com en el Centre de Salut, l&#8217;entorn de les resid\u00e8ncies de majors o dels centres escolars i els punts comercials.<\/p>\n\n\n\n<p class=\"wp-block-paragraph\">La regidora de Serveis Urbans, Marta Andr\u00e9s, ha afirmat que el Consistori continuar\u00e0 actuant amb tots els seus mitjans per a pal\u00b7liar els efectes de la pand\u00e8mia i ha advertit que, a pesar que les dades en aquests moments s\u00f3n positius \u201c<em>no hem de baixar la gu\u00e0rdia davant l&#8217;arribada d&#8217;una possible quarta onada<\/em>\u201d.<\/p>\n","protected":false},"excerpt":{"rendered":"<div class=\"mh-excerpt\">Durant aquesta setmana s&#8217;han higienitzat els 150 quil\u00f2metres de carrers del casc urb\u00e0 i les urbanitzacions. L&#8217;Ajuntament de l&#8217;Eliana ha tornat a escometre aquesta primera setmana del mes de mar\u00e7 una nova ronda de desinfecci\u00f3 <a class=\"mh-excerpt-more\" href=\"https:\/\/tucomarca.whitekongsoftware.com\/ca\/lajuntament-completa-una-nova-ronda-de-desinfeccio-de-les-vies-publiques\/\" title=\"L&#8217;Ajuntament completa una nova ronda de desinfecci\u00f3 de les vies p\u00fabliques\">[+] <\/a><\/div>\n","protected":false},"author":12,"featured_media":127806,"comment_status":"open","ping_status":"open","sticky":false,"template":"","format":"standard","meta":{"footnotes":""},"categories":[10892,11010,12202,10948,10894,10893,10947,10896,10897],"tags":[10899,11939,11940,11172],"class_list":["post-127807","post","type-post","status-publish","format-standard","has-post-thumbnail","category-camp-de-turia-ca","category-canal-salud","category-covid-19-ca","category-infraestructuras-ca","category-la-comarca-ca","category-leliana-ca","category-politica","category-seccion-ca","category-sucesos-la-comarca-ca","tag-camp-de-turia-ca","tag-coronavirus-ca","tag-covid-19-ca","tag-leliana-ca-2"],"_links":{"self":[{"href":"https:\/\/tucomarca.whitekongsoftware.com\/ca\/wp-json\/wp\/v2\/posts\/127807","targetHints":{"allow":["GET"]}}],"collection":[{"href":"https:\/\/tucomarca.whitekongsoftware.com\/ca\/wp-json\/wp\/v2\/posts"}],"about":[{"href":"https:\/\/tucomarca.whitekongsoftware.com\/ca\/wp-json\/wp\/v2\/types\/post"}],"author":[{"embeddable":true,"href":"https:\/\/tucomarca.whitekongsoftware.com\/ca\/wp-json\/wp\/v2\/users\/12"}],"replies":[{"embeddable":true,"href":"https:\/\/tucomarca.whitekongsoftware.com\/ca\/wp-json\/wp\/v2\/comments?post=127807"}],"version-history":[{"count":0,"href":"https:\/\/tucomarca.whitekongsoftware.com\/ca\/wp-json\/wp\/v2\/posts\/127807\/revisions"}],"wp:featuredmedia":[{"embeddable":true,"href":"https:\/\/tucomarca.whitekongsoftware.com\/ca\/wp-json\/wp\/v2\/media\/127806"}],"wp:attachment":[{"href":"https:\/\/tucomarca.whitekongsoftware.com\/ca\/wp-json\/wp\/v2\/media?parent=127807"}],"wp:term":[{"taxonomy":"category","embeddable":true,"href":"https:\/\/tucomarca.whitekongsoftware.com\/ca\/wp-json\/wp\/v2\/categories?post=127807"},{"taxonomy":"post_tag","embeddable":true,"href":"https:\/\/tucomarca.whitekongsoftware.com\/ca\/wp-json\/wp\/v2\/tags?post=127807"}],"curies":[{"name":"wp","href":"https:\/\/api.w.org\/{rel}","templated":true}]}}