{"id":127767,"date":"2021-03-05T08:47:00","date_gmt":"2021-03-05T07:47:00","guid":{"rendered":"http:\/\/www.tucomarca.com\/wordpress\/segunda\/?p=127767"},"modified":"2021-03-05T21:10:18","modified_gmt":"2021-03-05T20:10:18","slug":"lajuntament-de-xest-reconeix-diverses-actuacions-de-la-seua-policia-local-i-sollicita-a-la-generalitat-la-concessio-de-condecoracions","status":"publish","type":"post","link":"https:\/\/tucomarca.whitekongsoftware.com\/ca\/lajuntament-de-xest-reconeix-diverses-actuacions-de-la-seua-policia-local-i-sollicita-a-la-generalitat-la-concessio-de-condecoracions\/","title":{"rendered":"L&#8217;Ajuntament de Xest reconeix diverses actuacions de la seua Policia Local  i sol\u00b7licita a la Generalitat la concessi\u00f3 de condecoracions"},"content":{"rendered":"\n<p class=\"wp-block-paragraph\">El ple va aprovar per unanimitat en la sessi\u00f3 ordin\u00e0ria celebrada el passat dimecres 24 de febrer, l&#8217;elevaci\u00f3 a la Generalitat de diverses propostes de reconeixement a l&#8217;Inspector Cap de la Policia Local i set agents per actuacions destacades durant els \u00faltims mesos.<\/p>\n\n\n\n<p class=\"wp-block-paragraph\">rescat<\/p>\n\n\n\n<p class=\"wp-block-paragraph\">El passat 5 de novembre de 2020, l&#8217;oficial Enrique Aparisi Mart\u00ed i l&#8217;inspector en cap, Daniel Gonz\u00e1lez Gallardo, van rescatar a dues persones atrapades en un turisme, que havia quedat immobilitzat en un vial negat d&#8217;aigua de l&#8217;pol\u00edgon industrial Castella, a causa de les fortes pluges. El vehicle estava gaireb\u00e9 \u00edntegrament cobert per l&#8217;aigua i en aquest moment es mantenien les fortes precipitacions. Tot i la forta corrent d&#8217;aigua, els policies van aconseguir arribar a el cotxe i obrir una de les seues portes per evacuar les ocupants. Tal com es recull en l&#8217;informe policial, es va tractar d&#8217;una operaci\u00f3 complicada, a causa de que el corrent impedia obrir les portes ja que, a causa de l&#8217;estat de nerviosisme de les v\u00edctimes, va ser dif\u00edcil transportar-fins a una zona segura, ja que es subjectaven fortament a el coll dels actuants i, sense voler-ho, els s&#8217;enfonsaven fins al fons del cabal.<\/p>\n\n\n\n<p class=\"wp-block-paragraph\">El Ple ha elevat a Generalitat la sol\u00b7licitud de la concessi\u00f3 de la Creu a l&#8217;M\u00e8rit Policial amb distintiu Roig.<\/p>\n\n\n\n<p class=\"wp-block-paragraph\"><strong>Persecucions<\/strong><\/p>\n\n\n\n<p class=\"wp-block-paragraph\">El passat 10 d&#8217;octubre de 2020, els agents Alfonso Enrique Flores Merlos, Javier L\u00f3pez Gil i Guillermo Bataller van donar l&#8217;alto a un vehicle que circulava en ziga-zaga d&#8217;un costat a un altre de la via i van realitzar les corresponents proves d&#8217;alcohol\u00e8mia, amb un resultat de 0,90 mil\u00b7ligrams per litre d&#8217;aire espirat. A l&#8217;acabar les proves, la conductora va pujar al seu vehicle i va intentar atropellar els agents, impactant contra el cotxe patrulla i sortint despr\u00e9s a la fuga. Els policies van iniciar una persecuci\u00f3 i van poder aturar el vehicle; per\u00f2 un cop aconseguit, la conductora els va agredir i va intentar llevar-los l&#8217;arma Tasser, pel que va ser detinguda per delicte contra la seguretat vi\u00e0ria i Atemptat a agent de l&#8217;autoritat. Per aquesta actuaci\u00f3 l&#8217;Ajuntament ha elevat a Generalitat que els atorgue la medalla a l&#8217;M\u00e8rit amb Distintiu Blau.<\/p>\n\n\n\n<p class=\"wp-block-paragraph\">A m\u00e9s, s&#8217;ha sol\u00b7licitat la medalla amb Distintiu Vermell als policies Alejandro Alfonso Ballester i Javier L\u00f3pez Gil per la seva actuaci\u00f3 per aturar un vehicle que es va donar a la fuga, despr\u00e9s d&#8217;anar a gran velocitat i en direcci\u00f3 contr\u00e0ria al nucli urb\u00e0 de Xest i no fer cas a l&#8217;alt reglamentari de la policia. La persecuci\u00f3 va transc\u00f3rrer per Xest, Pedralba, Vilamarxant, Riba-roja, Loriguilla, Manises, Paterna i Carlet i durant aquest recorregut el vehicle fugat va circular a gran velocitat, cometent infraccions de tr\u00e0nsit i intentant envestir el cotxe de la policia, aconseguint-ho en una ocasi\u00f3. Finalment, els agents van aconseguir detenir el conductor, que es trobava sota els efectes de drogues i no tenia perm\u00eds de conducci\u00f3.<\/p>\n\n\n\n<p class=\"wp-block-paragraph\"><strong>Desmantellament de drogues<\/strong><\/p>\n\n\n\n<p class=\"wp-block-paragraph\">Tamb\u00e9 s&#8217;han sol\u00b7licitat condecoracions per a Javier L\u00f3pez Gil, Tomas Gomez Agull\u00f3, Jos\u00e9 Enrique Ruano Gabarri i Daniel Gonz\u00e1lez Gallardo amb la Creu a l&#8217;M\u00e8rit Policial amb distintiu Blau de la Generalitat Valenciana, per la seva intervenci\u00f3 de l&#8217;8 d&#8217;octubre de 2020, quan l&#8217;inspector cap va coordinar amb \u00e8xit tot l&#8217;operatiu juntament amb la UDICO per desmantellar un dels punts de venda d&#8217;estupefaents m\u00e9s importants de la Foia de Bunyol, situat en un habitatge de Xest. Gr\u00e0cies a aquesta operaci\u00f3 es va detenir dos individus per tr\u00e0fic de drogues i va confiscar gran quantitat de marihuana preparada per a la venda, coca\u00efna i estris per a l&#8217;elaboraci\u00f3 i preparaci\u00f3 per a la venda de drogues.<\/p>\n","protected":false},"excerpt":{"rendered":"<div class=\"mh-excerpt\">El ple va aprovar per unanimitat en la sessi\u00f3 ordin\u00e0ria celebrada el passat dimecres 24 de febrer, l&#8217;elevaci\u00f3 a la Generalitat de diverses propostes de reconeixement a l&#8217;Inspector Cap de la Policia Local i set <a class=\"mh-excerpt-more\" href=\"https:\/\/tucomarca.whitekongsoftware.com\/ca\/lajuntament-de-xest-reconeix-diverses-actuacions-de-la-seua-policia-local-i-sollicita-a-la-generalitat-la-concessio-de-condecoracions\/\" title=\"L&#8217;Ajuntament de Xest reconeix diverses actuacions de la seua Policia Local  i sol\u00b7licita a la Generalitat la concessi\u00f3 de condecoracions\">[+] <\/a><\/div>\n","protected":false},"author":12,"featured_media":101958,"comment_status":"open","ping_status":"open","sticky":false,"template":"","format":"standard","meta":{"footnotes":""},"categories":[10948,10894,10912,10947,10896,10897,10974],"tags":[11071,13984,10914,12356],"class_list":["post-127767","post","type-post","status-publish","format-standard","has-post-thumbnail","category-infraestructuras-ca","category-la-comarca-ca","category-la-hoya-ca","category-politica","category-seccion-ca","category-sucesos-la-comarca-ca","category-cheste-ca","tag-cheste","tag-condecoraciones-ca","tag-la-hoya-de-bunol-chiva-ca","tag-policia-local-ca"],"_links":{"self":[{"href":"https:\/\/tucomarca.whitekongsoftware.com\/ca\/wp-json\/wp\/v2\/posts\/127767","targetHints":{"allow":["GET"]}}],"collection":[{"href":"https:\/\/tucomarca.whitekongsoftware.com\/ca\/wp-json\/wp\/v2\/posts"}],"about":[{"href":"https:\/\/tucomarca.whitekongsoftware.com\/ca\/wp-json\/wp\/v2\/types\/post"}],"author":[{"embeddable":true,"href":"https:\/\/tucomarca.whitekongsoftware.com\/ca\/wp-json\/wp\/v2\/users\/12"}],"replies":[{"embeddable":true,"href":"https:\/\/tucomarca.whitekongsoftware.com\/ca\/wp-json\/wp\/v2\/comments?post=127767"}],"version-history":[{"count":0,"href":"https:\/\/tucomarca.whitekongsoftware.com\/ca\/wp-json\/wp\/v2\/posts\/127767\/revisions"}],"wp:featuredmedia":[{"embeddable":true,"href":"https:\/\/tucomarca.whitekongsoftware.com\/ca\/wp-json\/wp\/v2\/media\/101958"}],"wp:attachment":[{"href":"https:\/\/tucomarca.whitekongsoftware.com\/ca\/wp-json\/wp\/v2\/media?parent=127767"}],"wp:term":[{"taxonomy":"category","embeddable":true,"href":"https:\/\/tucomarca.whitekongsoftware.com\/ca\/wp-json\/wp\/v2\/categories?post=127767"},{"taxonomy":"post_tag","embeddable":true,"href":"https:\/\/tucomarca.whitekongsoftware.com\/ca\/wp-json\/wp\/v2\/tags?post=127767"}],"curies":[{"name":"wp","href":"https:\/\/api.w.org\/{rel}","templated":true}]}}