{"id":127749,"date":"2021-03-04T19:00:00","date_gmt":"2021-03-04T18:00:00","guid":{"rendered":"http:\/\/www.tucomarca.com\/wordpress\/segunda\/?p=127749"},"modified":"2021-03-05T10:08:42","modified_gmt":"2021-03-05T09:08:42","slug":"utiel-posa-en-marxa-un-servici-psicologic-per-a-jovens","status":"publish","type":"post","link":"https:\/\/tucomarca.whitekongsoftware.com\/ca\/utiel-posa-en-marxa-un-servici-psicologic-per-a-jovens\/","title":{"rendered":"Utiel posa en marxa un servici psicol\u00f2gic per a j\u00f3vens"},"content":{"rendered":"\n<h4 class=\"wp-block-heading\"><strong>L&#8217;\u00e0rea de joventut implementa a trav\u00e9s del departament de psicologia de l&#8217;Ajuntament d&#8217;Utiel esta l\u00ednia de suport psicol\u00f2gic espec\u00edfica per a j\u00f3vens.<\/strong><\/h4>\n\n\n\n<p class=\"wp-block-paragraph\">La Regidoria de Joventut ha posat en marxa un nou servei espec\u00edfic d&#8217;atenci\u00f3 psicol\u00f2gica per a joves i adolescents a trav\u00e9s de el departament de psicologia de l&#8217;Ajuntament d&#8217;Utiel.<\/p>\n\n\n\n<p class=\"wp-block-paragraph\">Aquesta iniciativa est\u00e0 adre\u00e7ada a adolescents i joves d&#8217;entre 12 i 30 anys i el seu objectiu \u00e9s facilitar-los recursos espec\u00edfics que els permetin millorar el seu benestar emocional, enfortir habilitats socials i fomentar el creixement personal donant resposta a les diferents necessitats psicol\u00f2giques, com les provocades per la actual crisi COVID-19.<\/p>\n\n\n\n<p class=\"wp-block-paragraph\"><strong>Cita pr\u00e8via en l\u00ednia o telef\u00f2nica<\/strong><\/p>\n\n\n\n<p class=\"wp-block-paragraph\">El servei psicol\u00f2gic \u00e9s gratu\u00eft i confidencial i es pot concertar cita f\u00e0cilment a trav\u00e9s de la Seu Electr\u00f2nica de l&#8217;Ajuntament d&#8217;Utiel (https:\/\/utiel.sedelectronica.es) apartat de &#8220;cita pr\u00e8via&#8221; o contactant al tel\u00e8fon 667 91 82 97.<\/p>\n\n\n\n<p class=\"wp-block-paragraph\">L&#8217;horari d&#8217;atenci\u00f3 de l&#8217;departament de psicologia \u00e9s de dilluns a divendres de 9 a 15 hores tot i que es podr\u00e0 adaptar a les circumst\u00e0ncies de cada cas i programar les cites en altres franges hor\u00e0ries.<\/p>\n\n\n\n<p class=\"wp-block-paragraph\"><strong>Impacte de la COVID en els joves<\/strong><\/p>\n\n\n\n<p class=\"wp-block-paragraph\">Despr\u00e9s de l&#8217;estudi realitzat de l&#8217;impacte del COVID-19 i la &#8220;nova normalitat&#8221; en la joventut valenciana, elaborat per l&#8217;Institut Valenci\u00e0 de la Joventut (IVAJ) i el Consell Valenci\u00e0 de la Joventut (CVJ), s&#8217;ha detectat que aquest col\u00b7lectiu \u00e9s un dels m\u00e9s afectats i criminalitzats per comportaments irresponsables.<br>Aquest estudi revela que un percentatge alt de la joventut valenciana va sentir ansietat durant el confinament. No obstant aix\u00f2, gaireb\u00e9 un any despr\u00e9s de l&#8217;inici de la pand\u00e8mia, els joves encara tenen llastos als quals fer front com un futur incert i \/ o sentiments d&#8217;avorriment i tristesa.<\/p>\n\n\n\n<p class=\"wp-block-paragraph\">De la mateixa manera, els informes realitzats per UNICEF indiquen que un 27% dels joves enquestats ha sentit ansietat i un 15% depressi\u00f3 durant els darrers 7 dies. Les xifres alerten que, tot i la necessitat de suport especialitzat en relaci\u00f3 amb el seu benestar f\u00edsic i mental, el 40% dels joves no va demanar ajuda.<br>Per aquest motiu, les \u00e0rees de joventut i serveis socials de l&#8217;Ajuntament d&#8217;Utiel han decidit visibilitzar aquesta problem\u00e0tica i donar prioritat a l&#8217;servei gratu\u00eft d&#8217;atenci\u00f3 psicol\u00f2gica perqu\u00e8 els joves del municipi compten amb un suport directe especialitzat en temps de COVID.<\/p>\n","protected":false},"excerpt":{"rendered":"<div class=\"mh-excerpt\">L&#8217;\u00e0rea de joventut implementa a trav\u00e9s del departament de psicologia de l&#8217;Ajuntament d&#8217;Utiel esta l\u00ednia de suport psicol\u00f2gic espec\u00edfica per a j\u00f3vens. La Regidoria de Joventut ha posat en marxa un nou servei espec\u00edfic d&#8217;atenci\u00f3 <a class=\"mh-excerpt-more\" href=\"https:\/\/tucomarca.whitekongsoftware.com\/ca\/utiel-posa-en-marxa-un-servici-psicologic-per-a-jovens\/\" title=\"Utiel posa en marxa un servici psicol\u00f2gic per a j\u00f3vens\">[+] <\/a><\/div>\n","protected":false},"author":12,"featured_media":127748,"comment_status":"open","ping_status":"open","sticky":false,"template":"","format":"standard","meta":{"footnotes":""},"categories":[11010,10894,10909,10896,11059],"tags":[11726,10910,13982,11174],"class_list":["post-127749","post","type-post","status-publish","format-standard","has-post-thumbnail","category-canal-salud","category-la-comarca-ca","category-requena-utiel-ca","category-seccion-ca","category-utiel-ca","tag-ivaj-ca","tag-requena-utiel-ca","tag-servicio-psicologico-ca","tag-utiel-ca"],"_links":{"self":[{"href":"https:\/\/tucomarca.whitekongsoftware.com\/ca\/wp-json\/wp\/v2\/posts\/127749","targetHints":{"allow":["GET"]}}],"collection":[{"href":"https:\/\/tucomarca.whitekongsoftware.com\/ca\/wp-json\/wp\/v2\/posts"}],"about":[{"href":"https:\/\/tucomarca.whitekongsoftware.com\/ca\/wp-json\/wp\/v2\/types\/post"}],"author":[{"embeddable":true,"href":"https:\/\/tucomarca.whitekongsoftware.com\/ca\/wp-json\/wp\/v2\/users\/12"}],"replies":[{"embeddable":true,"href":"https:\/\/tucomarca.whitekongsoftware.com\/ca\/wp-json\/wp\/v2\/comments?post=127749"}],"version-history":[{"count":0,"href":"https:\/\/tucomarca.whitekongsoftware.com\/ca\/wp-json\/wp\/v2\/posts\/127749\/revisions"}],"wp:featuredmedia":[{"embeddable":true,"href":"https:\/\/tucomarca.whitekongsoftware.com\/ca\/wp-json\/wp\/v2\/media\/127748"}],"wp:attachment":[{"href":"https:\/\/tucomarca.whitekongsoftware.com\/ca\/wp-json\/wp\/v2\/media?parent=127749"}],"wp:term":[{"taxonomy":"category","embeddable":true,"href":"https:\/\/tucomarca.whitekongsoftware.com\/ca\/wp-json\/wp\/v2\/categories?post=127749"},{"taxonomy":"post_tag","embeddable":true,"href":"https:\/\/tucomarca.whitekongsoftware.com\/ca\/wp-json\/wp\/v2\/tags?post=127749"}],"curies":[{"name":"wp","href":"https:\/\/api.w.org\/{rel}","templated":true}]}}