{"id":127743,"date":"2021-03-05T09:38:00","date_gmt":"2021-03-05T08:38:00","guid":{"rendered":"http:\/\/www.tucomarca.com\/wordpress\/segunda\/?p=127743"},"modified":"2021-03-05T13:40:59","modified_gmt":"2021-03-05T12:40:59","slug":"el-pp-del-camp-de-turia-retrau-a-psoe-i-compromis-el-seu-rebuig-a-secundar-i-recolzar-a-les-forces-i-cossos-de-seguretat-de-lestat","status":"publish","type":"post","link":"https:\/\/tucomarca.whitekongsoftware.com\/ca\/el-pp-del-camp-de-turia-retrau-a-psoe-i-compromis-el-seu-rebuig-a-secundar-i-recolzar-a-les-forces-i-cossos-de-seguretat-de-lestat\/","title":{"rendered":"El PP del Camp de T\u00faria retrau a PSOE i Compromis el seu &#8220;rebuig a secundar i recolzar a les Forces i Cossos de Seguretat de l&#8217;Estat&#8221;"},"content":{"rendered":"\n<h4 class=\"wp-block-heading\"><strong>La proposta presentada pel Grup Popular Comarcal aconseguix els vots a favor de C&#8217;s, Amb tu i UPN.<\/strong><\/h4>\n\n\n\n<h4 class=\"wp-block-heading\"><strong>El Grup Popular Comarcal &#8220;recrimina l&#8217;actitud de PSOE i Compromis per dir vendre una cosa per\u00f2 votar la contr\u00e0ria&#8221;.<\/strong><\/h4>\n\n\n\n<p class=\"wp-block-paragraph\">El Grup Popular de Camp de T\u00faria va presentar per al seu debat i votaci\u00f3 una proposta de suport i recolzament a les Forces i Cossos de Seguretat de l&#8217;Estat m\u00e9s encara despr\u00e9s dels greus esdeveniments viscuts en moltes ciutats d&#8217;Espanya arran de l&#8217;empresonament de l&#8217;condemnat Pablo Hasel.<\/p>\n\n\n\n<p class=\"wp-block-paragraph\"><strong>Incredulitat<\/strong><\/p>\n\n\n\n<p class=\"wp-block-paragraph\">Des del Grup Popular Comarcal s&#8217;ha mostrat incredulitat per la postura adoptada pel PSOE de Camp de T\u00faria situant-se en contra de donar suport a qui dediquen el seu dia a dia per protegir la ciutadania.<\/p>\n\n\n\n<p class=\"wp-block-paragraph\">En paraules del coordinador comarcal, &#8220;un cop m\u00e9s PSOE i Comprom\u00eds demostren que una cosa s\u00f3n les paraules i una altra s\u00f3n els vots. En una q\u00fcesti\u00f3 tan senzilla com donar suport a qui defensen el compliment de la Llei alguns semblen estar m\u00e9s c\u00f2modes estant en contra de donar-los suport. Hui el PSOE i Comprom\u00eds del Camp de T\u00faria han quedat perfectament retratats i haurien de retre bon compte d&#8217;aix\u00f2&#8221;.<\/p>\n","protected":false},"excerpt":{"rendered":"<div class=\"mh-excerpt\">La proposta presentada pel Grup Popular Comarcal aconseguix els vots a favor de C&#8217;s, Amb tu i UPN. El Grup Popular Comarcal &#8220;recrimina l&#8217;actitud de PSOE i Compromis per dir vendre una cosa per\u00f2 votar <a class=\"mh-excerpt-more\" href=\"https:\/\/tucomarca.whitekongsoftware.com\/ca\/el-pp-del-camp-de-turia-retrau-a-psoe-i-compromis-el-seu-rebuig-a-secundar-i-recolzar-a-les-forces-i-cossos-de-seguretat-de-lestat\/\" title=\"El PP del Camp de T\u00faria retrau a PSOE i Compromis el seu &#8220;rebuig a secundar i recolzar a les Forces i Cossos de Seguretat de l&#8217;Estat&#8221;\">[+] <\/a><\/div>\n","protected":false},"author":12,"featured_media":127741,"comment_status":"open","ping_status":"open","sticky":false,"template":"","format":"standard","meta":{"footnotes":""},"categories":[10938,10892,10894,10947,10934,10896,10927],"tags":[10899,13342],"class_list":["post-127743","post","type-post","status-publish","format-standard","has-post-thumbnail","category-benisano-ca","category-camp-de-turia-ca","category-la-comarca-ca","category-politica","category-san-antonio-de-benageber-ca","category-seccion-ca","category-vilamarxant-ca","tag-camp-de-turia-ca","tag-populares-camp-de-turia-ca"],"_links":{"self":[{"href":"https:\/\/tucomarca.whitekongsoftware.com\/ca\/wp-json\/wp\/v2\/posts\/127743","targetHints":{"allow":["GET"]}}],"collection":[{"href":"https:\/\/tucomarca.whitekongsoftware.com\/ca\/wp-json\/wp\/v2\/posts"}],"about":[{"href":"https:\/\/tucomarca.whitekongsoftware.com\/ca\/wp-json\/wp\/v2\/types\/post"}],"author":[{"embeddable":true,"href":"https:\/\/tucomarca.whitekongsoftware.com\/ca\/wp-json\/wp\/v2\/users\/12"}],"replies":[{"embeddable":true,"href":"https:\/\/tucomarca.whitekongsoftware.com\/ca\/wp-json\/wp\/v2\/comments?post=127743"}],"version-history":[{"count":0,"href":"https:\/\/tucomarca.whitekongsoftware.com\/ca\/wp-json\/wp\/v2\/posts\/127743\/revisions"}],"wp:featuredmedia":[{"embeddable":true,"href":"https:\/\/tucomarca.whitekongsoftware.com\/ca\/wp-json\/wp\/v2\/media\/127741"}],"wp:attachment":[{"href":"https:\/\/tucomarca.whitekongsoftware.com\/ca\/wp-json\/wp\/v2\/media?parent=127743"}],"wp:term":[{"taxonomy":"category","embeddable":true,"href":"https:\/\/tucomarca.whitekongsoftware.com\/ca\/wp-json\/wp\/v2\/categories?post=127743"},{"taxonomy":"post_tag","embeddable":true,"href":"https:\/\/tucomarca.whitekongsoftware.com\/ca\/wp-json\/wp\/v2\/tags?post=127743"}],"curies":[{"name":"wp","href":"https:\/\/api.w.org\/{rel}","templated":true}]}}