{"id":127731,"date":"2021-03-05T08:30:00","date_gmt":"2021-03-05T07:30:00","guid":{"rendered":"http:\/\/www.tucomarca.com\/wordpress\/segunda\/?p=127731"},"modified":"2021-03-05T10:21:58","modified_gmt":"2021-03-05T09:21:58","slug":"el-grup-daccio-local-rurable-organitza-les-primeres-jornades-gratuites-lideratge-de-la-dona-rural-i-emprenedoria","status":"publish","type":"post","link":"https:\/\/tucomarca.whitekongsoftware.com\/ca\/el-grup-daccio-local-rurable-organitza-les-primeres-jornades-gratuites-lideratge-de-la-dona-rural-i-emprenedoria\/","title":{"rendered":"El grup d&#8217;acci\u00f3 local Rurable organitza les primeres jornades gratu\u00eftes: &#8220;Lideratge de la dona rural i emprenedoria&#8221;"},"content":{"rendered":"\n<p class=\"wp-block-paragraph\">El Grup d&#8217;Acci\u00f3 Local Rurable, gestor de les ajudes de Desenvolupament Rural Leader, organitza les primeres jornades l\u00ednia LIDERATGE DE LA DONA RURAL I EMPRENEDORIA, que se celebraran entre els propers dia 11 de mar\u00e7 i 22 d&#8217;abril, en horari de 18 a 20 hores. Aquestes jornades, que s\u00f3n gratu\u00eftes, consten de 8 sessions dissenyades per dinamitzar el nostre territori amb ajuda de la seva poblaci\u00f3, animant les dones a liderar la reconstrucci\u00f3 del teixit social i econ\u00f2mic rural.<\/p>\n\n\n\n<figure class=\"wp-block-image size-large\"><img loading=\"lazy\" decoding=\"async\" width=\"696\" height=\"984\" src=\"http:\/\/www.tucomarca.com\/wordpress\/segunda\/wp-content\/uploads\/2021\/03\/RurableMujer.jpg\" alt=\"\" class=\"wp-image-127729\" srcset=\"https:\/\/tucomarca.whitekongsoftware.com\/wp-content\/uploads\/2021\/03\/RurableMujer.jpg 696w, https:\/\/tucomarca.whitekongsoftware.com\/wp-content\/uploads\/2021\/03\/RurableMujer-212x300.jpg 212w\" sizes=\"auto, (max-width: 696px) 100vw, 696px\" \/><\/figure>\n\n\n\n<p class=\"wp-block-paragraph\">Per al desenvolupament d&#8217;aquestes sessions es compta amb un equip d&#8217;experts docents: Teresa Escriv\u00e0, llicenciada en dret, advocada i coach executiu, Gonzalo Acosta, coach executiu i terapeuta Gestalt i Pau Buraglia directora de RRHH i coach executiu, tots amb \u00e0mplia experi\u00e8ncia en aquest camp.<\/p>\n\n\n\n<p class=\"wp-block-paragraph\">Les jornades tenen un car\u00e0cter experiencial, din\u00e0mic i innovador. En elles s&#8217;aplicar\u00e0 la metodologia DISC per al creixement personal i, per l&#8217;\u00e0rea d&#8217;emprenedoria, l&#8217;eina CANVAS, que ajudar\u00e0 a les protagonistes en la seva presa de decisions.<\/p>\n\n\n\n<p class=\"wp-block-paragraph\">Les participants poden triar entre realitzar totes les sessions o nom\u00e9s alguna d&#8217;elles. Per a aix\u00f2 hauran de realitzar la seva inscripci\u00f3 fins al dia anterior de cada jornada a l&#8217;enlla\u00e7: https:\/\/tinyurl.com\/rurable.<\/p>\n\n\n\n<p class=\"wp-block-paragraph\">El desenvolupament tindr\u00e0 lloc a trav\u00e9s de la plataforma Jitsi Meet i, quan la inscripci\u00f3 s&#8217;hagi confirmat, l&#8217;assistent rebr\u00e0 l&#8217;enlla\u00e7 de connexi\u00f3. S&#8217;emetr\u00e0 un diploma acreditatiu de l&#8217;assist\u00e8ncia. Les places s\u00f3n limitades.<\/p>\n\n\n\n<p class=\"wp-block-paragraph\">Aquesta activitat organitzada per l&#8217;G.A.L. Rurable est\u00e0 finan\u00e7ada per l&#8217;Excma. Diputaci\u00f3 de Val\u00e8ncia i compta amb la col\u00b7laboraci\u00f3 de Divalterra.<\/p>\n\n\n\n<p class=\"wp-block-paragraph\">M\u00e9s informaci\u00f3 al correu electr\u00f2nic: info@rurable.com<\/p>\n","protected":false},"excerpt":{"rendered":"<div class=\"mh-excerpt\">El Grup d&#8217;Acci\u00f3 Local Rurable, gestor de les ajudes de Desenvolupament Rural Leader, organitza les primeres jornades l\u00ednia LIDERATGE DE LA DONA RURAL I EMPRENEDORIA, que se celebraran entre els propers dia 11 de mar\u00e7 <a class=\"mh-excerpt-more\" href=\"https:\/\/tucomarca.whitekongsoftware.com\/ca\/el-grup-daccio-local-rurable-organitza-les-primeres-jornades-gratuites-lideratge-de-la-dona-rural-i-emprenedoria\/\" title=\"El grup d&#8217;acci\u00f3 local Rurable organitza les primeres jornades gratu\u00eftes: &#8220;Lideratge de la dona rural i emprenedoria&#8221;\">[+] <\/a><\/div>\n","protected":false},"author":12,"featured_media":127727,"comment_status":"open","ping_status":"open","sticky":false,"template":"","format":"standard","meta":{"footnotes":""},"categories":[11019,10905,10948,10894,10904,10903,10947,10909,10896],"tags":[13979,11401,11096,13980,12800,11518],"class_list":["post-127731","post","type-post","status-publish","format-standard","has-post-thumbnail","category-agenda-ca","category-agricultura-la-comarca-ca","category-infraestructuras-ca","category-la-comarca-ca","category-sin-categorizar-ca","category-medio-ambiente-la-comarca-ca","category-politica","category-requena-utiel-ca","category-seccion-ca","tag-desarrollo-rural-ca","tag-diputacion-de-valencia-ca","tag-divalterra-ca","tag-empredimiento-ca","tag-mujer-rural-ca","tag-rurable-ca"],"_links":{"self":[{"href":"https:\/\/tucomarca.whitekongsoftware.com\/ca\/wp-json\/wp\/v2\/posts\/127731","targetHints":{"allow":["GET"]}}],"collection":[{"href":"https:\/\/tucomarca.whitekongsoftware.com\/ca\/wp-json\/wp\/v2\/posts"}],"about":[{"href":"https:\/\/tucomarca.whitekongsoftware.com\/ca\/wp-json\/wp\/v2\/types\/post"}],"author":[{"embeddable":true,"href":"https:\/\/tucomarca.whitekongsoftware.com\/ca\/wp-json\/wp\/v2\/users\/12"}],"replies":[{"embeddable":true,"href":"https:\/\/tucomarca.whitekongsoftware.com\/ca\/wp-json\/wp\/v2\/comments?post=127731"}],"version-history":[{"count":0,"href":"https:\/\/tucomarca.whitekongsoftware.com\/ca\/wp-json\/wp\/v2\/posts\/127731\/revisions"}],"wp:featuredmedia":[{"embeddable":true,"href":"https:\/\/tucomarca.whitekongsoftware.com\/ca\/wp-json\/wp\/v2\/media\/127727"}],"wp:attachment":[{"href":"https:\/\/tucomarca.whitekongsoftware.com\/ca\/wp-json\/wp\/v2\/media?parent=127731"}],"wp:term":[{"taxonomy":"category","embeddable":true,"href":"https:\/\/tucomarca.whitekongsoftware.com\/ca\/wp-json\/wp\/v2\/categories?post=127731"},{"taxonomy":"post_tag","embeddable":true,"href":"https:\/\/tucomarca.whitekongsoftware.com\/ca\/wp-json\/wp\/v2\/tags?post=127731"}],"curies":[{"name":"wp","href":"https:\/\/api.w.org\/{rel}","templated":true}]}}