{"id":127715,"date":"2021-03-04T10:01:00","date_gmt":"2021-03-04T09:01:00","guid":{"rendered":"http:\/\/www.tucomarca.com\/wordpress\/segunda\/?p=127715"},"modified":"2021-03-04T18:46:14","modified_gmt":"2021-03-04T17:46:14","slug":"el-pp-aconsegueix-la-unanimitat-per-a-instar-el-consell-a-finalitzar-la-cv-50-la-posada-en-marxa-del-transport-public-comarcal-i-inversions-en-metrovalencia-per-a-camp-de-turia","status":"publish","type":"post","link":"https:\/\/tucomarca.whitekongsoftware.com\/ca\/el-pp-aconsegueix-la-unanimitat-per-a-instar-el-consell-a-finalitzar-la-cv-50-la-posada-en-marxa-del-transport-public-comarcal-i-inversions-en-metrovalencia-per-a-camp-de-turia\/","title":{"rendered":"El PP aconsegueix la unanimitat per a instar el Consell a finalitzar la CV-50, la posada en marxa del transport p\u00fablic comarcal i inversions en MetroValencia per a Camp de T\u00faria"},"content":{"rendered":"\n<p class=\"wp-block-paragraph\">&#8220;El Grup Popular de Camp de T\u00faria va presentar en les \u00faltimes setmanes dues propostes per a aconseguir el consens dels partits pol\u00edtics entorn de temes que per a Populars de Camp de T\u00faria s\u00f3n irrenunciables i urgents&#8221;, segons han informat fonts del partit.<\/p>\n\n\n\n<p class=\"wp-block-paragraph\">&#8220;En la moci\u00f3n que finalmente ha sido consensuada seg\u00fan lo acordado en la comisi\u00f3n previa al pleno, se insta a la Generalitat Valenciana a poner en marcha el servicio de transporte comarcal, a finalizar la CV-50 y a llevar a cabo inversiones en las l\u00edneas de MetroValencia de la comarca&#8221;.<\/p>\n\n\n\n<p class=\"wp-block-paragraph\"><strong>Reclamaciones hist\u00f3ricas de Camp de T\u00faria<\/strong><\/p>\n\n\n\n<p class=\"wp-block-paragraph\">Desde el Grupo Popular Comarcal se ha mostrado &#8220;satisfacci\u00f3n por el consenso logrado por todos los partidos pol\u00edticos despu\u00e9s de un largo debate&#8221;. En palabra de los portavoces comarcales \u201chemos logrado que aunemos esfuerzos en pro del bien com\u00fan y de la mejora de la calidad de vida de nuestros vecinas y vecinas. Camp de T\u00faria no puede esperar m\u00e1s y la Generalitat Valenciana debe dar respuesta a demandas hist\u00f3ricas aprovechando adem\u00e1s la llegada de fondos europeos de recuperaci\u00f3n dentro del paquete de 140.000 millones de euros que va a recibir Espa\u00f1a\u201d.&nbsp;<\/p>\n\n\n\n<p class=\"wp-block-paragraph\">Por \u00faltimo, el Grupo Popular Comarcal ha querido &#8220;agradecer a los representantes del sector empresarial de Camp de T\u00faria con los que mantuvieron reuniones sobre las cuestiones planteadas en las mismas y a todos los partidos pol\u00edticos por dejar al lado los colores pol\u00edticos y por trabajar para que prevalezcan los intereses de la comarca por encima de cualquier inter\u00e9s pol\u00edtico&#8221;.<\/p>\n\n\n\n<p class=\"wp-block-paragraph\">En palabras del coordinador comarcal, \u201ces satisfactorio ver que cuando se dejan de lado las posturas partidistas y los juegos pol\u00edticos se consiguen acuerdos que \u00fanicamente benefician a la ciudadan\u00eda. El proyecto popular comarcal tiene esa base y vamos a seguir trabajando intensamente para el beneficio de nuestros vecinas y vecinas\u201d.<\/p>\n","protected":false},"excerpt":{"rendered":"<div class=\"mh-excerpt\">&#8220;El Grup Popular de Camp de T\u00faria va presentar en les \u00faltimes setmanes dues propostes per a aconseguir el consens dels partits pol\u00edtics entorn de temes que per a Populars de Camp de T\u00faria s\u00f3n <a class=\"mh-excerpt-more\" href=\"https:\/\/tucomarca.whitekongsoftware.com\/ca\/el-pp-aconsegueix-la-unanimitat-per-a-instar-el-consell-a-finalitzar-la-cv-50-la-posada-en-marxa-del-transport-public-comarcal-i-inversions-en-metrovalencia-per-a-camp-de-turia\/\" title=\"El PP aconsegueix la unanimitat per a instar el Consell a finalitzar la CV-50, la posada en marxa del transport p\u00fablic comarcal i inversions en MetroValencia per a Camp de T\u00faria\">[+] <\/a><\/div>\n","protected":false},"author":1,"featured_media":126119,"comment_status":"open","ping_status":"open","sticky":false,"template":"","format":"standard","meta":{"footnotes":""},"categories":[10952,10938,10937,10892,10930,10929,10948,10894,10904,10915,10928,10931,10893,10932,10936,10935,10947,10906,10934,10896,10933,10927],"tags":[10899,12537,13342,11344],"class_list":["post-127715","post","type-post","status-publish","format-standard","has-post-thumbnail","category-benaguasil-ca","category-benisano-ca","category-betera-ca","category-camp-de-turia-ca","category-casinos-ca","category-gatova-ca","category-infraestructuras-ca","category-la-comarca-ca","category-sin-categorizar-ca","category-la-pobla-ca","category-lliria-ca","category-loriguilla-ca","category-leliana-ca","category-marines-ca","category-naquera-ca","category-olocau-ca","category-politica","category-riba-roja-ca","category-san-antonio-de-benageber-ca","category-seccion-ca","category-serra-ca","category-vilamarxant-ca","tag-camp-de-turia-ca","tag-cv-50-ca","tag-populares-camp-de-turia-ca","tag-pp-ca"],"_links":{"self":[{"href":"https:\/\/tucomarca.whitekongsoftware.com\/ca\/wp-json\/wp\/v2\/posts\/127715","targetHints":{"allow":["GET"]}}],"collection":[{"href":"https:\/\/tucomarca.whitekongsoftware.com\/ca\/wp-json\/wp\/v2\/posts"}],"about":[{"href":"https:\/\/tucomarca.whitekongsoftware.com\/ca\/wp-json\/wp\/v2\/types\/post"}],"author":[{"embeddable":true,"href":"https:\/\/tucomarca.whitekongsoftware.com\/ca\/wp-json\/wp\/v2\/users\/1"}],"replies":[{"embeddable":true,"href":"https:\/\/tucomarca.whitekongsoftware.com\/ca\/wp-json\/wp\/v2\/comments?post=127715"}],"version-history":[{"count":0,"href":"https:\/\/tucomarca.whitekongsoftware.com\/ca\/wp-json\/wp\/v2\/posts\/127715\/revisions"}],"wp:featuredmedia":[{"embeddable":true,"href":"https:\/\/tucomarca.whitekongsoftware.com\/ca\/wp-json\/wp\/v2\/media\/126119"}],"wp:attachment":[{"href":"https:\/\/tucomarca.whitekongsoftware.com\/ca\/wp-json\/wp\/v2\/media?parent=127715"}],"wp:term":[{"taxonomy":"category","embeddable":true,"href":"https:\/\/tucomarca.whitekongsoftware.com\/ca\/wp-json\/wp\/v2\/categories?post=127715"},{"taxonomy":"post_tag","embeddable":true,"href":"https:\/\/tucomarca.whitekongsoftware.com\/ca\/wp-json\/wp\/v2\/tags?post=127715"}],"curies":[{"name":"wp","href":"https:\/\/api.w.org\/{rel}","templated":true}]}}