{"id":127596,"date":"2021-03-03T11:00:00","date_gmt":"2021-03-03T10:00:00","guid":{"rendered":"http:\/\/www.tucomarca.com\/wordpress\/segunda\/?p=127596"},"modified":"2021-03-03T20:57:29","modified_gmt":"2021-03-03T19:57:29","slug":"lajuntament-de-benaguasil-assegura-que-els-informes-tecnics-municipals-i-juridics-avalen-les-actuacions-del-consistori-i-de-stephane-soriano-en-el-pai-moli-nou","status":"publish","type":"post","link":"https:\/\/tucomarca.whitekongsoftware.com\/ca\/lajuntament-de-benaguasil-assegura-que-els-informes-tecnics-municipals-i-juridics-avalen-les-actuacions-del-consistori-i-de-stephane-soriano-en-el-pai-moli-nou\/","title":{"rendered":"L&#8217;Ajuntament de Benaguasil assegura que els informes t\u00e8cnics municipals i jur\u00eddics avalen les actuacions del consistori i de Stephane Soriano en el PAI Mol\u00ed Nou"},"content":{"rendered":"\n<h4 class=\"wp-block-heading\">Ressalta que quan el pla es va aprovar l&#8217;edil no estava en la corporaci\u00f3<\/h4>\n\n\n\n<h4 class=\"wp-block-heading\">Assegura que no hi ha cap causa d&#8217;abstenci\u00f3 o recusaci\u00f3 en les actuacions<\/h4>\n\n\n\n<p class=\"wp-block-paragraph\">L&#8217;Ajuntament de Benaguasil ha assegurat que els informes dels t\u00e8cnics municipals i els serveis jur\u00eddics avalen l&#8217;actuaci\u00f3 del regidor Stephane Soriano respecte al PAI Mol\u00ed Nou que l&#8217;oposici\u00f3 ha posat en q\u00fcesti\u00f3.<\/p>\n\n\n\n<p class=\"wp-block-paragraph\">&#8220;Quan aquest pla es va aprovar provisionalment en 2006 Stephane Soriano ni tan sols formava part de la corporaci\u00f3 local i al juliol de 2010 va ser la Generalitat la que va acordar l&#8217;aprovaci\u00f3 definitiva del PAI, per la qual cosa el citat regidor seguia sense tindre cap intervenci\u00f3 directa ni indirecta en la tramitaci\u00f3 d&#8217;aquest&#8221;.<\/p>\n\n\n\n<p class=\"wp-block-paragraph\"><strong>Sis requeriments<\/strong><\/p>\n\n\n\n<p class=\"wp-block-paragraph\">&#8220;\u00c9s a partir d&#8217;aqueixa data quan l&#8217;Ajuntament de Benaguasil comen\u00e7a a fer requeriments a l&#8217;urbanitzador \u00abBenaguasil Urbana S.L.U.\u00bb perqu\u00e8 presentara garanties, documents de gesti\u00f3 i inici d&#8217;obres en el seu cas&#8221;.\u00a0<\/p>\n\n\n\n<p class=\"wp-block-paragraph\">&#8220;Finalment al maig de 2018 es va presentar el requeriment final, el sis\u00e9, que donava inici a la resoluci\u00f3 del programa pels incompliments de l&#8217;urbanitzador&#8221;.<\/p>\n\n\n\n<p class=\"wp-block-paragraph\">&#8220;La resoluci\u00f3 va portar aparellat el corresponent expedient de danys i perjudicis que va provocar la rescissi\u00f3 de la condici\u00f3 d&#8217;agent urbanitzador i la corresponent indemnitzaci\u00f3&#8221;.<\/p>\n\n\n\n<p class=\"wp-block-paragraph\">&#8220;Aquesta resoluci\u00f3 del programa va ser informada favorablement pel secretari en funcions i TAG d&#8217;Urbanisme; la TAG de Contractaci\u00f3; l&#8217;arquitecte municipal; l&#8217;interventor municipal i un informe de la Universitat Polit\u00e8cnica en relaci\u00f3 a la quantificaci\u00f3 dels danys i perjudicis per l&#8217;incompliment del programa&#8221;.<\/p>\n\n\n\n<p class=\"wp-block-paragraph\">La resoluci\u00f3 del programa era aix\u00ed &#8220;una obligaci\u00f3 legal de l&#8217;ajuntament donat els continus incompliments de la mercantil. Per aix\u00f2, els vots del regidor Stephane Soriano estan avalats pels informes dels t\u00e8cnics municipals i per l&#8217;obligaci\u00f3 legal de resoluci\u00f3. Aix\u00ed mateix no s&#8217;aprecia cap causa d&#8217;abstenci\u00f3 o recusaci\u00f3 en l&#8217;expedient&#8221;.<\/p>\n\n\n\n<p class=\"wp-block-paragraph\">L&#8217;Ajuntament de Benaguasil ha recordat finalment que, &#8220;quant a la votaci\u00f3 a favor de l&#8217;equip de govern d&#8217;una esmena a la totalitat sobre una moci\u00f3 pol\u00edtica, les comunicacions i acords plenaris no tenen rellev\u00e0ncia ni efectes jur\u00eddics en pert\u00e0nyer a l&#8217;esfera del debat pol\u00edtic, per la qual cosa tampoc hi ha causes de recusaci\u00f3 i abstenci\u00f3 de l&#8217;edil Stephane Soriano&#8221;.<\/p>\n\n\n\n<p class=\"wp-block-paragraph\">Finalment, l&#8217;Ajuntament &#8220;lamenta profundament la pol\u00edtica de terra cremada empresa per l&#8217;oposici\u00f3 de Benaguasil i que ni tan sols el COVID ha pogut modificar. \u201cLa prioritat de l&#8217;Ajuntament ha de ser la recuperaci\u00f3 econ\u00f2mica i ajudar als ve\u00efns que tan intensament han sigut impactats per la pand\u00e8mia\u201d, han finalitzat.<\/p>\n","protected":false},"excerpt":{"rendered":"<div class=\"mh-excerpt\">Ressalta que quan el pla es va aprovar l&#8217;edil no estava en la corporaci\u00f3 Assegura que no hi ha cap causa d&#8217;abstenci\u00f3 o recusaci\u00f3 en les actuacions L&#8217;Ajuntament de Benaguasil ha assegurat que els informes <a class=\"mh-excerpt-more\" href=\"https:\/\/tucomarca.whitekongsoftware.com\/ca\/lajuntament-de-benaguasil-assegura-que-els-informes-tecnics-municipals-i-juridics-avalen-les-actuacions-del-consistori-i-de-stephane-soriano-en-el-pai-moli-nou\/\" title=\"L&#8217;Ajuntament de Benaguasil assegura que els informes t\u00e8cnics municipals i jur\u00eddics avalen les actuacions del consistori i de Stephane Soriano en el PAI Mol\u00ed Nou\">[+] <\/a><\/div>\n","protected":false},"author":12,"featured_media":123472,"comment_status":"open","ping_status":"open","sticky":false,"template":"","format":"standard","meta":{"footnotes":""},"categories":[10952,10892,10948,10894,10947,10896],"tags":[11136,10899,13968,13969],"class_list":["post-127596","post","type-post","status-publish","format-standard","has-post-thumbnail","category-benaguasil-ca","category-camp-de-turia-ca","category-infraestructuras-ca","category-la-comarca-ca","category-politica","category-seccion-ca","tag-benaguasil-ca","tag-camp-de-turia-ca","tag-pai-moli-nou-2-ca","tag-stephane-soriano-ca"],"_links":{"self":[{"href":"https:\/\/tucomarca.whitekongsoftware.com\/ca\/wp-json\/wp\/v2\/posts\/127596","targetHints":{"allow":["GET"]}}],"collection":[{"href":"https:\/\/tucomarca.whitekongsoftware.com\/ca\/wp-json\/wp\/v2\/posts"}],"about":[{"href":"https:\/\/tucomarca.whitekongsoftware.com\/ca\/wp-json\/wp\/v2\/types\/post"}],"author":[{"embeddable":true,"href":"https:\/\/tucomarca.whitekongsoftware.com\/ca\/wp-json\/wp\/v2\/users\/12"}],"replies":[{"embeddable":true,"href":"https:\/\/tucomarca.whitekongsoftware.com\/ca\/wp-json\/wp\/v2\/comments?post=127596"}],"version-history":[{"count":0,"href":"https:\/\/tucomarca.whitekongsoftware.com\/ca\/wp-json\/wp\/v2\/posts\/127596\/revisions"}],"wp:featuredmedia":[{"embeddable":true,"href":"https:\/\/tucomarca.whitekongsoftware.com\/ca\/wp-json\/wp\/v2\/media\/123472"}],"wp:attachment":[{"href":"https:\/\/tucomarca.whitekongsoftware.com\/ca\/wp-json\/wp\/v2\/media?parent=127596"}],"wp:term":[{"taxonomy":"category","embeddable":true,"href":"https:\/\/tucomarca.whitekongsoftware.com\/ca\/wp-json\/wp\/v2\/categories?post=127596"},{"taxonomy":"post_tag","embeddable":true,"href":"https:\/\/tucomarca.whitekongsoftware.com\/ca\/wp-json\/wp\/v2\/tags?post=127596"}],"curies":[{"name":"wp","href":"https:\/\/api.w.org\/{rel}","templated":true}]}}