{"id":127578,"date":"2021-03-03T10:00:00","date_gmt":"2021-03-03T09:00:00","guid":{"rendered":"http:\/\/www.tucomarca.com\/wordpress\/segunda\/?p=127578"},"modified":"2021-03-03T13:43:30","modified_gmt":"2021-03-03T12:43:30","slug":"opinio-la-falta-dincentius-a-la-produccio-agricola-provoca-despoblament-en-el-medi-rural-per-luis-ibanez","status":"publish","type":"post","link":"https:\/\/tucomarca.whitekongsoftware.com\/ca\/opinio-la-falta-dincentius-a-la-produccio-agricola-provoca-despoblament-en-el-medi-rural-per-luis-ibanez\/","title":{"rendered":"Opini\u00f3: &#8220;La falta d&#8217;incentius a la producci\u00f3 agr\u00edcola provoca despoblament en el medi rural&#8221;, per Luis Ib\u00e1\u00f1ez"},"content":{"rendered":"\n<p class=\"wp-block-paragraph\">En el despoblament que pateixen la quarantena de xicotets nuclis de poblaci\u00f3 de la comarca Requena-Utiel, t\u00e9 molt a veure la crisi que travessa el sector agrari, principal motor de l&#8217;economia comarcal i molt especialment la producci\u00f3 de ra\u00efm per a vi. La p\u00e8rdua de rendibilitat que es ve registrant pel cultiu de les terres agr\u00edcoles, ha motivat que la quasi totalitat dels joves hagen abandonat el medi rural per a buscar en les grans ciutats activitats m\u00e9s rendibles que el treball en el camp.<\/p>\n\n\n\n<p class=\"wp-block-paragraph\">La casi totalidad de las j\u00f3venes parejas, que se han constituido, no han fijado su residencia en las aldeas y este hecho ha provocado que apenas se hayan registrado nacimientos en las peque\u00f1as poblaciones en las tres \u00faltimas d\u00e9cadas. Por tanto, no solo se han ido perdiendo habitantes con el paso de los a\u00f1os, si no que, los pocos moradores que quedan tienen una edad muy avanzada. Un hecho que tambi\u00e9n tiene una consecuencia negativa, es que la tasa de fallecimientos es superior en las aldeas a la que se registra en las grandes poblaciones y el problema del despoblamiento tambi\u00e9n se ve agravado por este motivo.<\/p>\n\n\n\n<p class=\"wp-block-paragraph\">Hay que tener en cuenta que, hasta hace unos a\u00f1os, una familia pod\u00eda vivir cultivando unas pocas hect\u00e1reas de terrenos agr\u00edcolas. Sin embargo, en la actualidad, se necesita cultivar una gran extensi\u00f3n de tierras para poder vivir de esta actividad.<\/p>\n\n\n\n<p class=\"wp-block-paragraph\">El problema de despoblamiento que padecen&nbsp; las aldeas es m\u00e1s perceptible durante los meses de invierno. Basta con pasear por sus calles para constatar la soledad que sufren&nbsp; los habitantes de las peque\u00f1as localidades.<\/p>\n\n\n\n<p class=\"wp-block-paragraph\">La p\u00e9rdida de habitantes de las aldeas tambi\u00e9n est\u00e1 trayendo como consecuencia el abandono de muchas hect\u00e1reas de cultivos agr\u00edcolas, que tienen gran valor sentimental para las personas mayores que viven en ellas.<\/p>\n\n\n\n<p class=\"wp-block-paragraph\">Resulta complicado recuperar los habitantes perdidos en las pedan\u00edas;&nbsp; pues para eso tendr\u00eda que haber una gran apuesta por el medio rural por parte de las distintas administraciones. Incentivar la producci\u00f3n agr\u00edcola, las actividades relacionadas con la conservaci\u00f3n del paisaje y el turismo rural, podr\u00eda despertar el inter\u00e9s de los j\u00f3venes por instalarse en las aldeas.<\/p>\n","protected":false},"excerpt":{"rendered":"<div class=\"mh-excerpt\">En el despoblament que pateixen la quarantena de xicotets nuclis de poblaci\u00f3 de la comarca Requena-Utiel, t\u00e9 molt a veure la crisi que travessa el sector agrari, principal motor de l&#8217;economia comarcal i molt especialment <a class=\"mh-excerpt-more\" href=\"https:\/\/tucomarca.whitekongsoftware.com\/ca\/opinio-la-falta-dincentius-a-la-produccio-agricola-provoca-despoblament-en-el-medi-rural-per-luis-ibanez\/\" title=\"Opini\u00f3: &#8220;La falta d&#8217;incentius a la producci\u00f3 agr\u00edcola provoca despoblament en el medi rural&#8221;, per Luis Ib\u00e1\u00f1ez\">[+] <\/a><\/div>\n","protected":false},"author":1,"featured_media":127576,"comment_status":"open","ping_status":"open","sticky":false,"template":"","format":"standard","meta":{"footnotes":""},"categories":[10905,10948,10894,11021,11020,10909,10896],"tags":[12279,11958,10910],"class_list":["post-127578","post","type-post","status-publish","format-standard","has-post-thumbnail","category-agricultura-la-comarca-ca","category-infraestructuras-ca","category-la-comarca-ca","category-opinion-ca-2","category-opinion-ca","category-requena-utiel-ca","category-seccion-ca","tag-despoblacion-ca","tag-opinion-3-ca","tag-requena-utiel-ca"],"_links":{"self":[{"href":"https:\/\/tucomarca.whitekongsoftware.com\/ca\/wp-json\/wp\/v2\/posts\/127578","targetHints":{"allow":["GET"]}}],"collection":[{"href":"https:\/\/tucomarca.whitekongsoftware.com\/ca\/wp-json\/wp\/v2\/posts"}],"about":[{"href":"https:\/\/tucomarca.whitekongsoftware.com\/ca\/wp-json\/wp\/v2\/types\/post"}],"author":[{"embeddable":true,"href":"https:\/\/tucomarca.whitekongsoftware.com\/ca\/wp-json\/wp\/v2\/users\/1"}],"replies":[{"embeddable":true,"href":"https:\/\/tucomarca.whitekongsoftware.com\/ca\/wp-json\/wp\/v2\/comments?post=127578"}],"version-history":[{"count":0,"href":"https:\/\/tucomarca.whitekongsoftware.com\/ca\/wp-json\/wp\/v2\/posts\/127578\/revisions"}],"wp:featuredmedia":[{"embeddable":true,"href":"https:\/\/tucomarca.whitekongsoftware.com\/ca\/wp-json\/wp\/v2\/media\/127576"}],"wp:attachment":[{"href":"https:\/\/tucomarca.whitekongsoftware.com\/ca\/wp-json\/wp\/v2\/media?parent=127578"}],"wp:term":[{"taxonomy":"category","embeddable":true,"href":"https:\/\/tucomarca.whitekongsoftware.com\/ca\/wp-json\/wp\/v2\/categories?post=127578"},{"taxonomy":"post_tag","embeddable":true,"href":"https:\/\/tucomarca.whitekongsoftware.com\/ca\/wp-json\/wp\/v2\/tags?post=127578"}],"curies":[{"name":"wp","href":"https:\/\/api.w.org\/{rel}","templated":true}]}}