{"id":127472,"date":"2021-03-02T12:10:00","date_gmt":"2021-03-02T11:10:00","guid":{"rendered":"http:\/\/www.tucomarca.com\/wordpress\/segunda\/?p=127472"},"modified":"2021-03-02T14:08:26","modified_gmt":"2021-03-02T13:08:26","slug":"campanya-de-la-regidoria-digualtat-de-bunyol-per-a-animar-a-les-dones-a-gravar-un-video-amb-el-seu-eslogan-per-al-8m","status":"publish","type":"post","link":"https:\/\/tucomarca.whitekongsoftware.com\/ca\/campanya-de-la-regidoria-digualtat-de-bunyol-per-a-animar-a-les-dones-a-gravar-un-video-amb-el-seu-eslogan-per-al-8m\/","title":{"rendered":"Campanya de la regidoria d&#8217;Igualtat de Bunyol per a animar a les dones a gravar un v\u00eddeo amb el seu esl\u00f2gan per al 8M"},"content":{"rendered":"\n<h4 class=\"wp-block-heading\">Amb tots els v\u00eddeos rebuts s&#8217;editar\u00e0 i es far\u00e0 un conjunt. La duraci\u00f3 m\u00e0xima ha de ser de 10 segons i ser gravat en vertical<\/h4>\n\n\n\n<p class=\"wp-block-paragraph\">Sandra Corach\u00e1n, Regidora d&#8217;Igualtat a l&#8217;Ajuntament de Bunyol, recentment arribada al c\u00e0rrec despr\u00e9s de la ren\u00fancia de l&#8217;anterior edil Tania Carrascosa, s&#8217;ha posat a la feina i ha llan\u00e7at una campanya amb motiu del Dia Internacional de la Dona, que se celebra el 8 de mar\u00e7.<\/p>\n\n\n\n<p class=\"wp-block-paragraph\">Convida a la poblaci\u00f3 al fet que envien un v\u00eddeo gravat en vertical i que no dure m\u00e9s de 10 segons en els quals llancen un esl\u00f2gan que seria el que es posaria en la pancarta que portares a la manifestaci\u00f3 del 8M. El v\u00eddeo ha de manar-se a trav\u00e9s de l&#8217;Instagram de la Regidoria d&#8217;Igualtat, que \u00e9s @igualdadbunyol<\/p>\n\n\n\n<p class=\"wp-block-paragraph\">Tamb\u00e9 pot manar-se el v\u00eddeo per mail a concejaliaigualdadmujer@gmail.com o a trav\u00e9s del seu Facebook<\/p>\n\n\n\n<p class=\"wp-block-paragraph\">\u201cAix\u00ed que anima&#8217;t i participa de la manifestaci\u00f3 del 8M de manera virtual amb un v\u00eddeo en el qual expliques quin esl\u00f2gan posaries en la teua pancarta\u201d, incideix l&#8217;edil del ram bunyolense, qui tamb\u00e9 anima a participar activament en aquesta regidoria fent-li arribar propostes, campanyes o iniciatives en pro de la lluita per la igualtat.&nbsp;<\/p>\n\n\n\n<p class=\"wp-block-paragraph\">Tamb\u00e9 ha posat en marxa la creaci\u00f3 d&#8217;una revista molt similar a la que l&#8217;any passat la seua companya Tania Carrascosa va llan\u00e7ar en el que es rendeix ara homenatge a les dones l\u00edders en la lluita contra la Covid19.<\/p>\n\n\n\n<p class=\"wp-block-paragraph\">A m\u00e9s el Pla d&#8217;Igualtat per al personal de l&#8217;Ajuntament de Bunyol, iniciat tamb\u00e9 per l&#8217;anterior regidora, ser\u00e0 seguit i ampliat per Sandra Corach\u00e1n, \u201ca m\u00e9s tamb\u00e9 desitge poder traslladar aquest pla d&#8217;igualtat a nivell municipal, extensible a tots els ve\u00efns del municipi\u201d, va finalitzar aquesta Regidora.<\/p>\n","protected":false},"excerpt":{"rendered":"<div class=\"mh-excerpt\">Amb tots els v\u00eddeos rebuts s&#8217;editar\u00e0 i es far\u00e0 un conjunt. La duraci\u00f3 m\u00e0xima ha de ser de 10 segons i ser gravat en vertical Sandra Corach\u00e1n, Regidora d&#8217;Igualtat a l&#8217;Ajuntament de Bunyol, recentment arribada <a class=\"mh-excerpt-more\" href=\"https:\/\/tucomarca.whitekongsoftware.com\/ca\/campanya-de-la-regidoria-digualtat-de-bunyol-per-a-animar-a-les-dones-a-gravar-un-video-amb-el-seu-eslogan-per-al-8m\/\" title=\"Campanya de la regidoria d&#8217;Igualtat de Bunyol per a animar a les dones a gravar un v\u00eddeo amb el seu esl\u00f2gan per al 8M\">[+] <\/a><\/div>\n","protected":false},"author":12,"featured_media":127471,"comment_status":"open","ping_status":"open","sticky":false,"template":"","format":"standard","meta":{"footnotes":""},"categories":[11019,10911,10948,10894,10912,10947,10896],"tags":[11508,10913,13959,11512,10914,13960],"class_list":["post-127472","post","type-post","status-publish","format-standard","has-post-thumbnail","category-agenda-ca","category-bunol-ca","category-infraestructuras-ca","category-la-comarca-ca","category-la-hoya-ca","category-politica","category-seccion-ca","tag-8m-ca","tag-bunol-ca","tag-concejalia-de-igualdad","tag-dia-internacional-de-la-mujer-ca","tag-la-hoya-de-bunol-chiva-ca","tag-sandra-corachan"],"_links":{"self":[{"href":"https:\/\/tucomarca.whitekongsoftware.com\/ca\/wp-json\/wp\/v2\/posts\/127472","targetHints":{"allow":["GET"]}}],"collection":[{"href":"https:\/\/tucomarca.whitekongsoftware.com\/ca\/wp-json\/wp\/v2\/posts"}],"about":[{"href":"https:\/\/tucomarca.whitekongsoftware.com\/ca\/wp-json\/wp\/v2\/types\/post"}],"author":[{"embeddable":true,"href":"https:\/\/tucomarca.whitekongsoftware.com\/ca\/wp-json\/wp\/v2\/users\/12"}],"replies":[{"embeddable":true,"href":"https:\/\/tucomarca.whitekongsoftware.com\/ca\/wp-json\/wp\/v2\/comments?post=127472"}],"version-history":[{"count":0,"href":"https:\/\/tucomarca.whitekongsoftware.com\/ca\/wp-json\/wp\/v2\/posts\/127472\/revisions"}],"wp:featuredmedia":[{"embeddable":true,"href":"https:\/\/tucomarca.whitekongsoftware.com\/ca\/wp-json\/wp\/v2\/media\/127471"}],"wp:attachment":[{"href":"https:\/\/tucomarca.whitekongsoftware.com\/ca\/wp-json\/wp\/v2\/media?parent=127472"}],"wp:term":[{"taxonomy":"category","embeddable":true,"href":"https:\/\/tucomarca.whitekongsoftware.com\/ca\/wp-json\/wp\/v2\/categories?post=127472"},{"taxonomy":"post_tag","embeddable":true,"href":"https:\/\/tucomarca.whitekongsoftware.com\/ca\/wp-json\/wp\/v2\/tags?post=127472"}],"curies":[{"name":"wp","href":"https:\/\/api.w.org\/{rel}","templated":true}]}}