{"id":127464,"date":"2021-03-02T08:00:00","date_gmt":"2021-03-02T07:00:00","guid":{"rendered":"http:\/\/www.tucomarca.com\/wordpress\/segunda\/?p=127464"},"modified":"2021-03-02T13:10:31","modified_gmt":"2021-03-02T12:10:31","slug":"mes-de-180-persones-de-25-paisos-assisteixen-al-seminari-en-linia-sobre-els-impactes-socioeconomics-del-tancament-i-desmantellament-de-centrals-nuclears","status":"publish","type":"post","link":"https:\/\/tucomarca.whitekongsoftware.com\/ca\/mes-de-180-persones-de-25-paisos-assisteixen-al-seminari-en-linia-sobre-els-impactes-socioeconomics-del-tancament-i-desmantellament-de-centrals-nuclears\/","title":{"rendered":"M\u00e9s de 180 persones de 25 pa\u00efsos assisteixen al seminari en l\u00ednia sobre els impactes socioecon\u00f2mics del tancament i desmantellament de centrals nuclears"},"content":{"rendered":"\n<h4 class=\"wp-block-heading\">Organitzat per AMAC i el GMF, ha comptat amb ponents d&#8217;Espanya, B\u00e8lgica, Fran\u00e7a, el Regne Unit i Bulg\u00e0ria, que han abordat les seues experi\u00e8ncies despr\u00e9s del tancament d&#8217;instal\u00b7lacions nuclears en els seus territoris<\/h4>\n\n\n\n<p class=\"wp-block-paragraph\">M\u00e9s de 180 persones de 25 pa\u00efsos diferents han participat hui en el seminari en l\u00ednia sobre els impactes socioecon\u00f2mics del tancament i desmantellament de centrals nuclears, organitzat pel Grup de Municipis Europeus amb Instal\u00b7lacions Nuclears (GMF) i l&#8217;Associaci\u00f3 Espanyola de Municipis en \u00c0rees Nuclears (AMAC).<br>L&#8217;objectiu del mateix ha sigut intercanviar experi\u00e8ncies sobre els impactes socioecon\u00f2mics que comporta la decisi\u00f3 de tancament i desmantellament d&#8217;una central nuclear en els diferents territoris. En aquest sentit, ha comptat amb ponents d&#8217;Espanya, B\u00e8lgica, Fran\u00e7a, el Regne Unit i Bulg\u00e0ria.<br>Juan Pedro S\u00e1nchez Yebra, president de AMAC, i Pia Almstr\u00f6m, presidenta del GMF, han sigut els encarregats d&#8217;inaugurar el seminari i de donar la benvinguda tant a ponents com a participants.&nbsp;<br>S\u00e1nchez Yebra han destacat la import\u00e0ncia dels desmantellaments a Espanya. \u201cTenim per davant un repte molt important per a minimitzar els efectes negatius que per a tots suposen el tancament i desmantellament de les quals han sigut, fins ara, la principal ind\u00fastria de les nostres zones quant a ocupaci\u00f3 i activitats econ\u00f2miques\u201d.<br>Des de AMAC, ha destacat, porten temps treballant en plans de desenvolupament alternatius i ha assenyalat la necessitat de coordinaci\u00f3 de totes les administracions i col\u00b7lectius afectats per a implementar projectes i mesures viables per a impulsar el desenvolupament en aquestes zones.&nbsp;<br>En aquest sentit, ha agra\u00eft al Ministeri de Transici\u00f3 Ecol\u00f2gica que haja comptat \u201camb els municipis AMAC per al desenvolupament dels acords per a la transici\u00f3 justa\u201d.<\/p>\n\n\n\n<p class=\"wp-block-paragraph\">En aquesta l\u00ednia, Pia Almstr\u00f6m, presidenta del GMF, considera essencial involucrar als municipis i les comunitats locals d&#8217;aquestes zones nuclears en les decisions relatives al futur dels seus territoris.&nbsp;<br>Seguidament, el programa ha arrancat de la m\u00e0 de Tanja Perko, qui ha abordat una xarrada sobre el coneixement, la percepci\u00f3 i l&#8217;opini\u00f3 sobre desmantellament a B\u00e8lgica, on cada dos anys fan un sondeig d&#8217;opini\u00f3. \u201cD&#8217;aquest q\u00fcestionari es recull que la major part dels enquestats volen ser informats, si b\u00e9 no volen comprometre&#8217;s a m\u00e9s alt nivell i un 12% vol participar i contribuir en la presa de decisions relatives al desmantellament\u201d, ha assenyalat.<\/p>\n\n\n\n<p class=\"wp-block-paragraph\"><strong>Participaci\u00f3 espanyola<\/strong><\/p>\n\n\n\n<p class=\"wp-block-paragraph\">Manuel Rodr\u00edguez Silva, director d&#8217;operacions de Enresa, l&#8217;empresa nacional de residus radioactius, ha sigut el primer participant de la representaci\u00f3 espanyola i l&#8217;encarregat de la xarrada Impacte sobre l&#8217;ocupaci\u00f3 i la inversi\u00f3 econ\u00f2mica associats al desmantellament.&nbsp;<br>En ella, s&#8217;ha referit al desmantellament que, mentre dura el projecte i si b\u00e9 no substitueix l&#8217;activitat econ\u00f2mica en la zona, s\u00ed que frena la p\u00e8rdua d&#8217;ocupaci\u00f3 que inevitablement suposa el tancament d&#8217;una central nuclear per a les seues zones d&#8217;influ\u00e8ncia.&nbsp;<br>Aix\u00ed el cost total del desmantellament, incloent obres, manteniment i operacions, t\u00e9 una mesura de 467 milions i d\u00f3na ocupaci\u00f3 a prop de 300 persones, en la seua majoria de la zona.&nbsp;<br>Per part seua, Felipe Formariz, gerent de l&#8217;Institut per a la Transici\u00f3 Justa, ha exposat en qu\u00e8 consisteixen els acords amb les \u00e0rees nuclears per a una transici\u00f3 justa. Aix\u00ed, ha assenyalat que aquests acords estan compostos de cinc fases, en les quals es treballa per a la delimitaci\u00f3 de zones afectades, la coordinaci\u00f3 de les diferents administracions implicades i s&#8217;impulsa un proc\u00e9s participatiu de tots els col\u00b7lectius per a proposar mesures i projectes adaptats a cada zona i viables per a impulsar el seu desenvolupament.<br>\u201cActualment s&#8217;ha signat un conveni en la zona de Zorita i est\u00e0 a punt de signar-se el protocol amb Garo\u00f1a\u201d, ha assenyalat Formariz.&nbsp;<br>Finalment, Alfons Garcia, alcalde de Vandell\u00f2s i l&#8217;Hospitalet de l&#8217;Infant i vicepresident de AMAC, ha comentat els impactes locals i regionals del tancament i desmantellament a Espanya, assenyalant que \u201cel tancament de centrals nuclears i desmantellament \u00e9s una realitat a mitj\u00e0 termini i hem de veure les nostres fortaleses i febleses. Entre les fortaleses est\u00e0 la disposici\u00f3 de temps per a avan\u00e7ar en convenis factibles de transici\u00f3 justa\u201d.&nbsp;<\/p>\n\n\n\n<p class=\"wp-block-paragraph\"><strong>Experi\u00e8ncies en altres pa\u00efsos<\/strong><\/p>\n\n\n\n<p class=\"wp-block-paragraph\">A m\u00e9s d&#8217;Espanya, representants de Fran\u00e7a, el Regne Unit i Bulg\u00e0ria han traslladat les seues experi\u00e8ncies sobre el tancament i desmantellament d&#8217;instal\u00b7lacions nuclears en els seus respectius pa\u00efsos.&nbsp;<br>Aix\u00ed, Claude Brender, alcalde de Fessenheim i president de Arcicen, l&#8217;associaci\u00f3 de municipis amb instal\u00b7lacions nuclears a Fran\u00e7a, es referia als impactes despr\u00e9s del tancament de la central nuclear de Fessenheim, les m\u00e9s antiga de Fran\u00e7a.&nbsp;<br>Brender ha assenyalat que es troben en fase de predesmantellament i que actualment \u201cno hi ha contacte industrial cre\u00efble ni hi ha perspectives econ\u00f2miques de llocs de treball a curt termini\u201d, si b\u00e9 hi ha un projecte futur per a un centre tecnol\u00f2gic en la zona on se situa la planta nuclear que podria generar ocupacions a llarg termini.<br>Per part seua, Neil Smith, Business Manager Economic Development Nuclear Decommissioning Authority (NDA) i Philip Matthews, representant de la Nuleaf, l&#8217;associaci\u00f3 d&#8217;administracions locals de municipis amb instal\u00b7lacions nuclears, s&#8217;han referit al desmantellament al Regne Unit i els impactes socials i econ\u00f2mics en l&#8217;\u00e0mbit local.<br>Segons Matthews, en el cas brit\u00e0nic s&#8217;est\u00e0 desmantellant la planta m\u00e9s gran d&#8217;Europa en Sellafield i hi ha previsi\u00f3 d&#8217;altres desmantellaments que s&#8217;estan produint alhora que es posa en marxa un nou programa nuclear que contempla la construcci\u00f3 d&#8217;altres plantes amb reactors m\u00e9s xicotets.&nbsp;<br>En aqueix sentit, Matthews ha assenyalat que \u201cles oportunitats per a les plantes en desmantellament tenen a veure amb les noves propostes nuclears\u201d.<br>Finalment, Georgi-Kirkov, tinent d&#8217;alcalde de Kozloduy, ha exposat els impactes econ\u00f2mics del tancament i desmantellament dels quatre reactors en l&#8217;\u00e0rea de la central nuclear de Kozloduy, a Bulg\u00e0ria.&nbsp;<br>En aquest cas, tal com ha explicat Kirkov, el desmantellament no ha afectat negativament l&#8217;ocupaci\u00f3; per contra, la desocupaci\u00f3 ha baixat, ja que s&#8217;han creat m\u00e9s de 600 llocs d&#8217;ocupaci\u00f3 units a les labors de desmantellament.&nbsp;<br>Aix\u00ed mateix, s&#8217;ha creat un pol\u00edgon empresarial que apunta a la instal\u00b7laci\u00f3 de noves empreses i una associaci\u00f3 sense \u00e0nim de lucre per al benefici p\u00fablic.<br>Finalment, Juan Pedro S\u00e1nchez Yebra, president de AMAC, i Pia Almstr\u00f6m, presidenta del GMF, han donat les gr\u00e0cies a tots els ponents i participants en la jornada.&nbsp;<br>En els pr\u00f2xims dies es penjar\u00e0 l&#8217;enregistrament del seminari i les presentacions dels ponents en les webs de AMAC www.amac.es i el GMF www.gmfeurope.org<\/p>\n","protected":false},"excerpt":{"rendered":"<div class=\"mh-excerpt\">Organitzat per AMAC i el GMF, ha comptat amb ponents d&#8217;Espanya, B\u00e8lgica, Fran\u00e7a, el Regne Unit i Bulg\u00e0ria, que han abordat les seues experi\u00e8ncies despr\u00e9s del tancament d&#8217;instal\u00b7lacions nuclears en els seus territoris M\u00e9s de <a class=\"mh-excerpt-more\" href=\"https:\/\/tucomarca.whitekongsoftware.com\/ca\/mes-de-180-persones-de-25-paisos-assisteixen-al-seminari-en-linia-sobre-els-impactes-socioeconomics-del-tancament-i-desmantellament-de-centrals-nuclears\/\" title=\"M\u00e9s de 180 persones de 25 pa\u00efsos assisteixen al seminari en l\u00ednia sobre els impactes socioecon\u00f2mics del tancament i desmantellament de centrals nuclears\">[+] <\/a><\/div>\n","protected":false},"author":12,"featured_media":127463,"comment_status":"open","ping_status":"open","sticky":false,"template":"","format":"standard","meta":{"footnotes":""},"categories":[10951,10955,10948,10894,10904,10903,10947,10896],"tags":[13958,12446,11480,11934],"class_list":["post-127464","post","type-post","status-publish","format-standard","has-post-thumbnail","category-ayora-cofrentes-ca","category-cofrentes-ca","category-infraestructuras-ca","category-la-comarca-ca","category-sin-categorizar-ca","category-medio-ambiente-la-comarca-ca","category-politica","category-seccion-ca","tag-amac-ca","tag-central-nuclear-ca","tag-cofrentes-ca","tag-el-valle-de-ayora-cofrentes-ca"],"_links":{"self":[{"href":"https:\/\/tucomarca.whitekongsoftware.com\/ca\/wp-json\/wp\/v2\/posts\/127464","targetHints":{"allow":["GET"]}}],"collection":[{"href":"https:\/\/tucomarca.whitekongsoftware.com\/ca\/wp-json\/wp\/v2\/posts"}],"about":[{"href":"https:\/\/tucomarca.whitekongsoftware.com\/ca\/wp-json\/wp\/v2\/types\/post"}],"author":[{"embeddable":true,"href":"https:\/\/tucomarca.whitekongsoftware.com\/ca\/wp-json\/wp\/v2\/users\/12"}],"replies":[{"embeddable":true,"href":"https:\/\/tucomarca.whitekongsoftware.com\/ca\/wp-json\/wp\/v2\/comments?post=127464"}],"version-history":[{"count":0,"href":"https:\/\/tucomarca.whitekongsoftware.com\/ca\/wp-json\/wp\/v2\/posts\/127464\/revisions"}],"wp:featuredmedia":[{"embeddable":true,"href":"https:\/\/tucomarca.whitekongsoftware.com\/ca\/wp-json\/wp\/v2\/media\/127463"}],"wp:attachment":[{"href":"https:\/\/tucomarca.whitekongsoftware.com\/ca\/wp-json\/wp\/v2\/media?parent=127464"}],"wp:term":[{"taxonomy":"category","embeddable":true,"href":"https:\/\/tucomarca.whitekongsoftware.com\/ca\/wp-json\/wp\/v2\/categories?post=127464"},{"taxonomy":"post_tag","embeddable":true,"href":"https:\/\/tucomarca.whitekongsoftware.com\/ca\/wp-json\/wp\/v2\/tags?post=127464"}],"curies":[{"name":"wp","href":"https:\/\/api.w.org\/{rel}","templated":true}]}}