{"id":127329,"date":"2021-02-27T09:00:00","date_gmt":"2021-02-27T08:00:00","guid":{"rendered":"http:\/\/www.tucomarca.com\/wordpress\/segunda\/?p=127329"},"modified":"2021-03-01T12:30:45","modified_gmt":"2021-03-01T11:30:45","slug":"podemos-bunyol-es-posiciona-en-contra-el-projecte-dinstallacio-duna-planta-fotovoltaica-a-xiva","status":"publish","type":"post","link":"https:\/\/tucomarca.whitekongsoftware.com\/ca\/podemos-bunyol-es-posiciona-en-contra-el-projecte-dinstallacio-duna-planta-fotovoltaica-a-xiva\/","title":{"rendered":"Podemos Bunyol es posiciona en contra el projecte d&#8217;instal\u00b7laci\u00f3 d&#8217;una planta fotovoltaica a Xiva"},"content":{"rendered":"\n<p class=\"wp-block-paragraph\">&#8220;Podemos Bu\u00f1ol, defensa les energies alternatives renovables i no contaminants, per a un futur millor i m\u00e9s net, per\u00f2 el que no pot ser \u00e9s a canvi de perjudicar i danyar els entorns naturals&#8221;, segons han manifestat des del Consell Municipal de Podemos Bu\u00f1ol.<\/p>\n\n\n\n<p class=\"wp-block-paragraph\">&#8220;El proyecto de instalaci\u00f3n de una planta fotovoltaica con una ocupaci\u00f3n de casi 400 Has, supone acabar con cultivos en producci\u00f3n sin respetar el patrimonio agrario natural y amenazar seriamente un paraje natural&#8221;.<\/p>\n\n\n\n<p class=\"wp-block-paragraph\">&#8220;Esta instalaci\u00f3n que, adem\u00e1s, viene desde el Ministerio de Industria y Energ\u00eda, y que ya est\u00e1 en fase muy avanzada, no solo supone una agresi\u00f3n al entorno, sino que adem\u00e1s produce un grave impacto medioambiental y condiciona el futuro desarrollo tur\u00edstico\/urban\u00edstico del municipio&#8221;, seg\u00fan el Consejo Municipal de Podemos Bu\u00f1ol.<\/p>\n\n\n\n<p class=\"wp-block-paragraph\">&#8220;Por todo esto, desde Podemos Bu\u00f1ol queremos trasmitir nuestra solidaridad y apoyo a las reivindicaciones de nuestros vecinos de Chiva y sumarnos a sus actos y movilizaciones&#8221;, han finalizado.<br><\/p>\n","protected":false},"excerpt":{"rendered":"<div class=\"mh-excerpt\">&#8220;Podemos Bu\u00f1ol, defensa les energies alternatives renovables i no contaminants, per a un futur millor i m\u00e9s net, per\u00f2 el que no pot ser \u00e9s a canvi de perjudicar i danyar els entorns naturals&#8221;, segons <a class=\"mh-excerpt-more\" href=\"https:\/\/tucomarca.whitekongsoftware.com\/ca\/podemos-bunyol-es-posiciona-en-contra-el-projecte-dinstallacio-duna-planta-fotovoltaica-a-xiva\/\" title=\"Podemos Bunyol es posiciona en contra el projecte d&#8217;instal\u00b7laci\u00f3 d&#8217;una planta fotovoltaica a Xiva\">[+] <\/a><\/div>\n","protected":false},"author":1,"featured_media":109761,"comment_status":"open","ping_status":"open","sticky":false,"template":"","format":"standard","meta":{"footnotes":""},"categories":[10911,10948,10894,10912,10903,10947,10896,10897,10975],"tags":[10914,13025],"class_list":["post-127329","post","type-post","status-publish","format-standard","has-post-thumbnail","category-bunol-ca","category-infraestructuras-ca","category-la-comarca-ca","category-la-hoya-ca","category-medio-ambiente-la-comarca-ca","category-politica","category-seccion-ca","category-sucesos-la-comarca-ca","category-chiva-ca","tag-la-hoya-de-bunol-chiva-ca","tag-podemos-bunol-ca"],"_links":{"self":[{"href":"https:\/\/tucomarca.whitekongsoftware.com\/ca\/wp-json\/wp\/v2\/posts\/127329","targetHints":{"allow":["GET"]}}],"collection":[{"href":"https:\/\/tucomarca.whitekongsoftware.com\/ca\/wp-json\/wp\/v2\/posts"}],"about":[{"href":"https:\/\/tucomarca.whitekongsoftware.com\/ca\/wp-json\/wp\/v2\/types\/post"}],"author":[{"embeddable":true,"href":"https:\/\/tucomarca.whitekongsoftware.com\/ca\/wp-json\/wp\/v2\/users\/1"}],"replies":[{"embeddable":true,"href":"https:\/\/tucomarca.whitekongsoftware.com\/ca\/wp-json\/wp\/v2\/comments?post=127329"}],"version-history":[{"count":0,"href":"https:\/\/tucomarca.whitekongsoftware.com\/ca\/wp-json\/wp\/v2\/posts\/127329\/revisions"}],"wp:featuredmedia":[{"embeddable":true,"href":"https:\/\/tucomarca.whitekongsoftware.com\/ca\/wp-json\/wp\/v2\/media\/109761"}],"wp:attachment":[{"href":"https:\/\/tucomarca.whitekongsoftware.com\/ca\/wp-json\/wp\/v2\/media?parent=127329"}],"wp:term":[{"taxonomy":"category","embeddable":true,"href":"https:\/\/tucomarca.whitekongsoftware.com\/ca\/wp-json\/wp\/v2\/categories?post=127329"},{"taxonomy":"post_tag","embeddable":true,"href":"https:\/\/tucomarca.whitekongsoftware.com\/ca\/wp-json\/wp\/v2\/tags?post=127329"}],"curies":[{"name":"wp","href":"https:\/\/api.w.org\/{rel}","templated":true}]}}