{"id":127310,"date":"2021-02-28T10:00:00","date_gmt":"2021-02-28T09:00:00","guid":{"rendered":"http:\/\/www.tucomarca.com\/wordpress\/segunda\/?p=127310"},"modified":"2021-03-01T13:02:14","modified_gmt":"2021-03-01T12:02:14","slug":"la-mancomunitat-interior-terra-del-vi-participa-en-una-jornada-pionera-sobre-prevencio-daddiccions-amb-perspectiva-de-genere","status":"publish","type":"post","link":"https:\/\/tucomarca.whitekongsoftware.com\/ca\/la-mancomunitat-interior-terra-del-vi-participa-en-una-jornada-pionera-sobre-prevencio-daddiccions-amb-perspectiva-de-genere\/","title":{"rendered":"La Mancomunitat  Interior Terra del Vi participa en una jornada pionera sobre prevenci\u00f3 d&#8217;addiccions amb perspectiva de g\u00e8nere"},"content":{"rendered":"\n<h4 class=\"wp-block-heading\">La jornada es desenvolupar\u00e0 a trav\u00e9s d&#8217;un taller en l\u00ednia que tindr\u00e0 lloc el 10 de mar\u00e7, de 17,00 a 20,00 hores. Inscripcions fins al 8 de mar\u00e7.<\/h4>\n\n\n\n<figure class=\"wp-block-image size-large\"><img loading=\"lazy\" decoding=\"async\" width=\"1024\" height=\"111\" src=\"http:\/\/www.tucomarca.com\/wordpress\/segunda\/wp-content\/uploads\/2021\/03\/UPCCAs-1024x111.jpg\" alt=\"\" class=\"wp-image-127326\" srcset=\"https:\/\/tucomarca.whitekongsoftware.com\/wp-content\/uploads\/2021\/03\/UPCCAs-1024x111.jpg 1024w, https:\/\/tucomarca.whitekongsoftware.com\/wp-content\/uploads\/2021\/03\/UPCCAs-300x33.jpg 300w, https:\/\/tucomarca.whitekongsoftware.com\/wp-content\/uploads\/2021\/03\/UPCCAs-768x83.jpg 768w, https:\/\/tucomarca.whitekongsoftware.com\/wp-content\/uploads\/2021\/03\/UPCCAs.jpg 1181w\" sizes=\"auto, (max-width: 1024px) 100vw, 1024px\" \/><\/figure>\n\n\n\n<p class=\"wp-block-paragraph\">La Mancomunitat de l&#8217;Interior Terra del Vi, a trav\u00e9s de la Unitat de Prevenci\u00f3 Comunit\u00e0ria de Conductes Addictives (*UPCCA), torna a fer un pas avant en el que a pol\u00edtiques d&#8217;igualtat es refereix i col\u00b7labora amb la Jornada &#8216;Prevenci\u00f3 d&#8217;Addiccions amb Perspectiva de G\u00e8nere&#8217; al costat d&#8217;altres municipis i mancomunitats de la Comunitat Valenciana.<\/p>\n\n\n\n<p class=\"wp-block-paragraph\">Destinada a agents d&#8217;igualtat, professionals de la prevenci\u00f3 de conductes addictives, professorat, fam\u00edlies, joves i tota persona relacionada amb l&#8217;\u00e0mbit de la joventut i la salut, aquesta jornada pret\u00e9n evidenciar els estereotips de g\u00e8nere en relaci\u00f3 amb les addiccions.<\/p>\n\n\n\n<p class=\"wp-block-paragraph\">El taller en l\u00ednia es desenvolupar\u00e0 el pr\u00f2xim 10 de mar\u00e7, de 17 a 20 hores, i comptar\u00e0 amb una metodologia participativa, a trav\u00e9s de huit pon\u00e8ncies. Es compartiran diferents exemples d&#8217;experi\u00e8ncies reeixides en la mat\u00e8ria, establint sinergies i fomentant el treball en xarxa.<\/p>\n\n\n\n<p class=\"wp-block-paragraph\">Conscients de la falta d&#8217;inclusi\u00f3 de la perspectiva de g\u00e8nere en els programes de prevenci\u00f3 de les conductes addictives desenvolupats en els \u00faltims 30 anys, des de la *UPCCA es pret\u00e9n analitzar i visibilitzar les representacions socials dels consums per a les dones.<\/p>\n\n\n\n<p class=\"wp-block-paragraph\">En aquest sentit, malgrat que ja est\u00e0 establit que la salut est\u00e0 determinada per m\u00faltiples factors, com la qualitat de les relacions i de les condicions de vida, l&#8217;entorn pr\u00f2xim o l&#8217;acc\u00e9s als serveis i al mercat laboral, falta una visi\u00f3 transversal que tamb\u00e9 incloga les q\u00fcestions de g\u00e8nere.<\/p>\n\n\n\n<p class=\"wp-block-paragraph\">Per aix\u00f2, aquesta jornada s&#8217;al\u00e7a com una eina de gran ajuda per a repensar les actuals perspectives i considerar quins s\u00f3n els seus punts cecs.&nbsp;<br>Aix\u00ed, s&#8217;intentar\u00e0 respondre a q\u00fcestions com quin \u00e9s l&#8217;afectaci\u00f3 diferencial del consum d&#8217;alcohol o si es culpabilitza a les dones concloent prematurament que el consum excessiu d&#8217;alcohol les situa en perill davant agressions sexuals.<\/p>\n","protected":false},"excerpt":{"rendered":"<div class=\"mh-excerpt\">La jornada es desenvolupar\u00e0 a trav\u00e9s d&#8217;un taller en l\u00ednia que tindr\u00e0 lloc el 10 de mar\u00e7, de 17,00 a 20,00 hores. Inscripcions fins al 8 de mar\u00e7. La Mancomunitat de l&#8217;Interior Terra del Vi, <a class=\"mh-excerpt-more\" href=\"https:\/\/tucomarca.whitekongsoftware.com\/ca\/la-mancomunitat-interior-terra-del-vi-participa-en-una-jornada-pionera-sobre-prevencio-daddiccions-amb-perspectiva-de-genere\/\" title=\"La Mancomunitat  Interior Terra del Vi participa en una jornada pionera sobre prevenci\u00f3 d&#8217;addiccions amb perspectiva de g\u00e8nere\">[+] <\/a><\/div>\n","protected":false},"author":12,"featured_media":127309,"comment_status":"open","ping_status":"open","sticky":false,"template":"","format":"standard","meta":{"footnotes":""},"categories":[11019,11010,10948,10894,10909,10896],"tags":[12387,13946,12315],"class_list":["post-127310","post","type-post","status-publish","format-standard","has-post-thumbnail","category-agenda-ca","category-canal-salud","category-infraestructuras-ca","category-la-comarca-ca","category-requena-utiel-ca","category-seccion-ca","tag-mancomunidad-del-interior-tierra-del-vino-ca","tag-prevencion-de-adicciones-con-perspectiva-de-genero-ca","tag-upcca-ca"],"_links":{"self":[{"href":"https:\/\/tucomarca.whitekongsoftware.com\/ca\/wp-json\/wp\/v2\/posts\/127310","targetHints":{"allow":["GET"]}}],"collection":[{"href":"https:\/\/tucomarca.whitekongsoftware.com\/ca\/wp-json\/wp\/v2\/posts"}],"about":[{"href":"https:\/\/tucomarca.whitekongsoftware.com\/ca\/wp-json\/wp\/v2\/types\/post"}],"author":[{"embeddable":true,"href":"https:\/\/tucomarca.whitekongsoftware.com\/ca\/wp-json\/wp\/v2\/users\/12"}],"replies":[{"embeddable":true,"href":"https:\/\/tucomarca.whitekongsoftware.com\/ca\/wp-json\/wp\/v2\/comments?post=127310"}],"version-history":[{"count":0,"href":"https:\/\/tucomarca.whitekongsoftware.com\/ca\/wp-json\/wp\/v2\/posts\/127310\/revisions"}],"wp:featuredmedia":[{"embeddable":true,"href":"https:\/\/tucomarca.whitekongsoftware.com\/ca\/wp-json\/wp\/v2\/media\/127309"}],"wp:attachment":[{"href":"https:\/\/tucomarca.whitekongsoftware.com\/ca\/wp-json\/wp\/v2\/media?parent=127310"}],"wp:term":[{"taxonomy":"category","embeddable":true,"href":"https:\/\/tucomarca.whitekongsoftware.com\/ca\/wp-json\/wp\/v2\/categories?post=127310"},{"taxonomy":"post_tag","embeddable":true,"href":"https:\/\/tucomarca.whitekongsoftware.com\/ca\/wp-json\/wp\/v2\/tags?post=127310"}],"curies":[{"name":"wp","href":"https:\/\/api.w.org\/{rel}","templated":true}]}}