{"id":127299,"date":"2021-02-28T11:03:00","date_gmt":"2021-02-28T10:03:00","guid":{"rendered":"http:\/\/www.tucomarca.com\/wordpress\/segunda\/?p=127299"},"modified":"2021-03-01T12:05:54","modified_gmt":"2021-03-01T11:05:54","slug":"el-pspv-psoe-subratlla-la-agilitat-i-eficiencia-de-les-ajudes-parentesis-i-anuncia-que-els-serrans-ademus-rebra-586-75000-e","status":"publish","type":"post","link":"https:\/\/tucomarca.whitekongsoftware.com\/ca\/el-pspv-psoe-subratlla-la-agilitat-i-eficiencia-de-les-ajudes-parentesis-i-anuncia-que-els-serrans-ademus-rebra-586-75000-e\/","title":{"rendered":"El PSPV-PSOE subratlla la \u201cagilitat i efici\u00e8ncia\u201d de les Ajudes Par\u00e8ntesis i anuncia que Els Serrans-Adem\u00fas rebr\u00e0 586.750,00 \u20ac"},"content":{"rendered":"\n<div class=\"wp-block-group is-layout-flow wp-block-group-is-layout-flow\"><div class=\"wp-block-group__inner-container\"><\/div><\/div>\n\n\n\n<h4 class=\"wp-block-heading\"><strong>La secret\u00e0ria de l&#8217;\u00e0rea de Creixement i Ocupaci\u00f3 del PSPV-PSOE, Blanca Mar\u00edn, la secret\u00e0ria general del PSPV-PSOE a la prov\u00edncia de Val\u00e8ncia i diputada en Les Corts, Mercedes Caballero i el secretari general de la comarca, Ramiro Rivera, participen en una trobada telem\u00e0tica per a explicar la gesti\u00f3 de la Generalitat enfront de la pand\u00e8mia i les ajudes als sectors m\u00e9s afectats<\/strong><\/h4>\n\n\n\n<h4 class=\"wp-block-heading\"><strong>La trobada forma part de la campanya posada en marxa pel PSPV-PSOE en les 26 comarques per a difondre les mesures sanit\u00e0ries, socials i econ\u00f2miques del Consell i escoltar les propostes de les comarques i municipis per a avan\u00e7ar en la resposta justa i social a la crisi<\/strong><\/h4>\n\n\n\n<p class=\"wp-block-paragraph\">El PSPV-PSOE ha presentat la gesti\u00f3 sanit\u00e0ria, econ\u00f2mica i social de la Generalitat en la pand\u00e8mia a la comarca de la Regi\u00f3 muntanyenca \u2013 Rinc\u00f3n d&#8217;Ademuz que, ha destacat, pot disposar d&#8217;un total de 586.750,00 euros sol de les Ajudes Par\u00e8ntesis, a m\u00e9s de tindre acc\u00e9s a la resta de l\u00ednies d&#8217;ajudes del Pla Resistir, dotat amb 400 milions d&#8217;euros per als sectors m\u00e9s afectats per la crisi sanit\u00e0ria. Aix\u00ed ho han afirmat en la trobada telem\u00e0tica celebrada hui per a traslladar als dirigents comarcals i locals les mesures \u201c\u00e0gils i eficients\u201d que el Consell de Ximo Puig ha adoptat durant aquests mesos de pand\u00e8mia. En la reuni\u00f3 ha participat la secret\u00e0ria de l&#8217;\u00e0rea de Creixement i Ocupaci\u00f3 del PSPV-PSOE, Blanca Mar\u00edn, la secret\u00e0ria general del PSPV-PSOE a la prov\u00edncia de Val\u00e8ncia i diputada en Les Corts, Mercedes Caballero i el secretari general del PSPV-PSOE a la comarca, Ramiro Rivera.<\/p>\n\n\n\n<p class=\"wp-block-paragraph\">El encuentro forma parte de la campa\u00f1a puesta en marcha por el PSPV-PSOE para difundir y explicar en el \u00e1mbito comarcal la gesti\u00f3n de la Generalitat en la pandemia y escuchar las propuestas de las comarcas y municipios para avanzar en la respuesta justa y social a la crisis. Tal y como explic\u00f3 el president de la Generalitat y secretario general del PSPV-PSOE, Ximo Puig, en el \u00faltimo Consejo Territorial con los secretarios generales del partido en las comarcas, la campa\u00f1a consta de 26 actos telem\u00e1ticos, uno por comarca, en los que se explica la gesti\u00f3n de la pandemia y las medidas adoptadas en el plano sanitario, econ\u00f3mico y social por el Consell.<\/p>\n\n\n\n<p class=\"wp-block-paragraph\">En este sentido, diferentes cargos del partido y del Consell exponen en estos encuentros virtuales con dirigentes comarcales, alcaldes, alcaldesas y portavoces municipales las acciones adoptadas frente a la crisis sanitaria, los planes econ\u00f3micos y sociales y el funcionamiento de las diferentes l\u00ednea de ayuda.<\/p>\n\n\n\n<p class=\"wp-block-paragraph\"><strong>PLAN RESISTIR Y AYUDAS PAR\u00c9NTESIS<\/strong><\/p>\n\n\n\n<p class=\"wp-block-paragraph\">Durante el encuentro, se ha hecho especial \u00e9nfasis en el Plan Resistir de la Generalitat, el plan de ayudas m\u00e1s ambicioso de toda Espa\u00f1a, con 400 millones de euros en ayudas directas y financiaci\u00f3n para las empresas, personas aut\u00f3nomas y personas trabajadoras de los sectores m\u00e1s afectados por las restricciones para hacer frente a la pandemia. Entre otras cosas,&nbsp; el Consell de Ximo Puig ha aprobado como parte del Plan ayudas para hoteles, restaurantes y cafeter\u00edas por valor de 100 millones de euros, ayudas al fomento del empleo por 80 millones, ayudas a las personas en ERTE por 17 millones, ayudas a personas aut\u00f3nomas por 8 millones, otras ayudas espec\u00edficas para los sectores m\u00e1s afectados por 15 millones y ayudas al sector del taxi para 4500 licencias.<\/p>\n\n\n\n<p class=\"wp-block-paragraph\">Asimismo, el Plan Resistir incluye las Ayudas Par\u00e9ntesis, que consisten en la creaci\u00f3n de un fondo con aportaciones de la Generalitat, las diputaciones y los ayuntamientos, dotado con 160 millones de euros a repartir entre todos los municipios de la Comunitat Valenciana para acometer actuaciones encaminadas a paliar las consecuencias derivadas de la pandemia sobre los sectores&nbsp; m\u00e1s afectados.&nbsp;<\/p>\n","protected":false},"excerpt":{"rendered":"<div class=\"mh-excerpt\">La secret\u00e0ria de l&#8217;\u00e0rea de Creixement i Ocupaci\u00f3 del PSPV-PSOE, Blanca Mar\u00edn, la secret\u00e0ria general del PSPV-PSOE a la prov\u00edncia de Val\u00e8ncia i diputada en Les Corts, Mercedes Caballero i el secretari general de la <a class=\"mh-excerpt-more\" href=\"https:\/\/tucomarca.whitekongsoftware.com\/ca\/el-pspv-psoe-subratlla-la-agilitat-i-eficiencia-de-les-ajudes-parentesis-i-anuncia-que-els-serrans-ademus-rebra-586-75000-e\/\" title=\"El PSPV-PSOE subratlla la \u201cagilitat i efici\u00e8ncia\u201d de les Ajudes Par\u00e8ntesis i anuncia que Els Serrans-Adem\u00fas rebr\u00e0 586.750,00 \u20ac\">[+] <\/a><\/div>\n","protected":false},"author":1,"featured_media":127296,"comment_status":"open","ping_status":"open","sticky":false,"template":"","format":"standard","meta":{"footnotes":""},"categories":[10926,10890,11045,11044,11043,11042,11041,11040,11038,10923,10924,10925,11039,11036,11035,11046,10898,11034,11033,10948,10894,10904,10960,11023,11024,11025,10947,10896,11026,11027,10961,11028,10962,11029,11037],"tags":[11097,13944,11928,13670,11319],"class_list":["post-127299","post","type-post","status-publish","format-standard","has-post-thumbnail","category-ademus-ca","category-ademus","category-alcublas-ca","category-alpuente-ca","category-andilla-ca","category-aras-de-olmos-ca","category-benageber-ca","category-bugarra-ca","category-calles-ca","category-cases-altes","category-cases-baixes","category-castielfabib-ca","category-chelva-ca","category-chulilla-ca","category-domeno-ca","category-los-serranos-ca","category-ventana-ca","category-gestalgar-ca","category-higueruelas-ca","category-infraestructuras-ca","category-la-comarca-ca","category-sin-categorizar-ca","category-la-puebla-de-san-miguel-ca","category-la-yesa-ca","category-losa-del-obispo-ca","category-pedralba-ca","category-politica","category-seccion-ca","category-sot-de-chera-ca","category-titaguas-ca","category-torrebaja-ca","category-tuejar-ca","category-vallanca-ca","category-villar-del-arzobispo-ca","category-chera-los-serranos-ca","tag-ademuz-ca","tag-ayudas-resistir-ca","tag-la-serrania-ca","tag-plan-resistir-ca","tag-pspv-psoe-ca"],"_links":{"self":[{"href":"https:\/\/tucomarca.whitekongsoftware.com\/ca\/wp-json\/wp\/v2\/posts\/127299","targetHints":{"allow":["GET"]}}],"collection":[{"href":"https:\/\/tucomarca.whitekongsoftware.com\/ca\/wp-json\/wp\/v2\/posts"}],"about":[{"href":"https:\/\/tucomarca.whitekongsoftware.com\/ca\/wp-json\/wp\/v2\/types\/post"}],"author":[{"embeddable":true,"href":"https:\/\/tucomarca.whitekongsoftware.com\/ca\/wp-json\/wp\/v2\/users\/1"}],"replies":[{"embeddable":true,"href":"https:\/\/tucomarca.whitekongsoftware.com\/ca\/wp-json\/wp\/v2\/comments?post=127299"}],"version-history":[{"count":0,"href":"https:\/\/tucomarca.whitekongsoftware.com\/ca\/wp-json\/wp\/v2\/posts\/127299\/revisions"}],"wp:featuredmedia":[{"embeddable":true,"href":"https:\/\/tucomarca.whitekongsoftware.com\/ca\/wp-json\/wp\/v2\/media\/127296"}],"wp:attachment":[{"href":"https:\/\/tucomarca.whitekongsoftware.com\/ca\/wp-json\/wp\/v2\/media?parent=127299"}],"wp:term":[{"taxonomy":"category","embeddable":true,"href":"https:\/\/tucomarca.whitekongsoftware.com\/ca\/wp-json\/wp\/v2\/categories?post=127299"},{"taxonomy":"post_tag","embeddable":true,"href":"https:\/\/tucomarca.whitekongsoftware.com\/ca\/wp-json\/wp\/v2\/tags?post=127299"}],"curies":[{"name":"wp","href":"https:\/\/api.w.org\/{rel}","templated":true}]}}