{"id":127289,"date":"2021-02-28T12:00:00","date_gmt":"2021-02-28T11:00:00","guid":{"rendered":"http:\/\/www.tucomarca.com\/wordpress\/segunda\/?p=127289"},"modified":"2021-03-01T11:55:06","modified_gmt":"2021-03-01T10:55:06","slug":"el-pp-de-valencia-elegeix-als-primers-28-presidents-locals-del-periode-congressual-impulsat-per-vicente-mompo","status":"publish","type":"post","link":"https:\/\/tucomarca.whitekongsoftware.com\/ca\/el-pp-de-valencia-elegeix-als-primers-28-presidents-locals-del-periode-congressual-impulsat-per-vicente-mompo\/","title":{"rendered":"El PP de Val\u00e8ncia elegeix als primers 28 presidents locals del per\u00edode congressual impulsat per Vicente Momp\u00f3"},"content":{"rendered":"\n<h4 class=\"wp-block-heading\">La primera setmana d&#8217;aquesta fase que es desenvolupar\u00e0 fins al pr\u00f2xim 28 de mar\u00e7 ha transcorregut amb absoluta normalitat en els conclaves locals<\/h4>\n\n\n\n<h4 class=\"wp-block-heading\">Alzira \u00e9s la poblaci\u00f3 amb m\u00e9s habitants que ja ha finalitzat l&#8217;elecci\u00f3 i Jos\u00e9 Andr\u00e9s estar\u00e0 al capdavant de la direcci\u00f3 local<\/h4>\n\n\n\n<h4 class=\"wp-block-heading\">Momp\u00f3 agraeix la \u00absensatesa dels militants\u00bb a l&#8217;hora de respectar les normes per a emmotlar-se a la situaci\u00f3 sanit\u00e0ria que viu el pa\u00eds<\/h4>\n\n\n\n<p class=\"wp-block-paragraph\">El PP de la prov\u00edncia de Val\u00e8ncia ha finalitzat hui la primera setmana de celebraci\u00f3 de congressos locals que ha suposat l&#8217;elecci\u00f3 de 28 presidents dels 265 que s&#8217;han de sotmetre a votaci\u00f3 fins al pr\u00f2xim estiu. Aquest per\u00edode congressual impulsat pel president provincial, Vicente Momp\u00f3, com a part fonamental dels seus compromisos program\u00e0tics ha transcorregut amb absoluta normalitat i baix estrictes mesures de seguretat.<\/p>\n\n\n\n<p class=\"wp-block-paragraph\">Todos los congresos locales celebrados hasta la fecha han optado por la f\u00f3rmula presencial y en esta primera fase \u2013que se desarrollar\u00e1 hasta el 28 de marzo\u2013 tendr\u00e1n lugar casi otro centenar de elecciones, al margen de las citadas 28 de la presente semana.<\/p>\n\n\n\n<p class=\"wp-block-paragraph\">Momp\u00f3 ha podido acompa\u00f1ar a buena parte de los elegidos durante la celebraci\u00f3n de los congresos de esta semana y les ha agradecido personalmente la \u00abimplicaci\u00f3n en la construcci\u00f3n de un proyecto s\u00f3lido como es el del Partido Popular que tiene en el trabajo por los ciudadanos y la mejora de sus condiciones de vida su \u00fanico objetivo\u00bb.<\/p>\n\n\n\n<p class=\"wp-block-paragraph\">El presidente provincial ha querido destacar la \u00abdemostraci\u00f3n de sensatez de los militantes del partido que han seguido el estricto protocolo de celebraci\u00f3n de los congresos para amoldarse a las actuales condiciones sanitarias que vive nuestro pa\u00eds\u00bb.<\/p>\n\n\n\n<p class=\"wp-block-paragraph\">Este arranque de la fase congresual en el PP de la provincia de Valencia est\u00e1 permitiendo consolidar estructuras que por diversas coyunturas llevaban casi nueve a\u00f1os sin someterse a la validaci\u00f3n de nuevos proyectos emergentes, reeleciones y consolidaci\u00f3n de liderazgos.<\/p>\n\n\n\n<p class=\"wp-block-paragraph\">Para Momp\u00f3 lo m\u00e1s importante es que con estos congresos locales el Partido Popular \u00abcumple con el mandato de cuidar sus amplias estructuras y atender el sentir de sus bases que son la correa de transmisi\u00f3n en los municipios de sus principales postulados en defensa de los ciudadanos\u00bb.<\/p>\n\n\n\n<p class=\"wp-block-paragraph\"><strong>Recuperar las instituciones<\/strong><\/p>\n\n\n\n<p class=\"wp-block-paragraph\">Fortalecer y actualizar la estructuras locales \u00abresulta indispensable para poder encarar con unidad y fortaleza las pr\u00f3ximas citas electorales donde el Partido Popular de la provincia de Valencia tiene puestas grandes esperanzas en la recuperaci\u00f3n del gobierno en instituciones locales y provinciales\u00bb.<\/p>\n\n\n\n<p class=\"wp-block-paragraph\">Desde esos gobiernos, ha insistido Momp\u00f3, \u00abpodremos aplicar las pol\u00edticas del PP que impulsar\u00e1n, como siempre lo han hecho, a una recuperaci\u00f3n econ\u00f3mica y social que se antoja urgente frente a la inacci\u00f3n, el desgaste y el sectarismo que practican los partidos de izquierda\u00bb.<\/p>\n\n\n\n<p class=\"wp-block-paragraph\">Hasta la fecha la poblaci\u00f3n de Alzira es la m\u00e1s grande de todas en las que el PP ha elegido a una nueva direcci\u00f3n local. En este caso ser\u00e1 Jos\u00e9 Andr\u00e9s quien ocupe la presidencia local en una de las agrupaciones&nbsp; que se encuentra entre las diez m\u00e1s numerosas de la provincia.<\/p>\n\n\n\n<p class=\"wp-block-paragraph\">Tambi\u00e9n han tenido lugar los congresos de Chulilla donde Vicente Polo ha sido elegido presidente; El Perell\u00f3 donde se ha impuesto Juan Botella; Chelva, en el que ha ganado Sergio Mart\u00ednez o Calles que ha elegido como presidenta local a M\u00f3nica Castellote.<\/p>\n\n\n\n<p class=\"wp-block-paragraph\"><strong>Avelino Mascarell, pieza clave en la coordinaci\u00f3n<\/strong><\/p>\n\n\n\n<p class=\"wp-block-paragraph\">El Coordinador Territorial del PP de la provincia de Valencia y diputado provincial, Avelino Mascarell, ha dejado paso en la presidencia local de Xeraco a Bernardino Pellicer y se centrar\u00e1 as\u00ed en cuestiones org\u00e1nicas y ser\u00e1 el enlace directo entre las comarcas y el presidente provincial.<\/p>\n\n\n\n<p class=\"wp-block-paragraph\">Jos\u00e9 Juan Mascarell en Almisserat o Sebasti\u00e1n Mahiques en Simat de la Valldigna son otros de los elegidos durante esta semana.<\/p>\n\n\n\n<p class=\"wp-block-paragraph\"><strong>Ximo Segarra repite<\/strong><\/p>\n\n\n\n<p class=\"wp-block-paragraph\">Laura Chuli\u00e0 ha revalidado la confianza del PP de Benet\u00fasser al frente del cual seguir\u00e1 en los pr\u00f3ximos a\u00f1os, mientras que Ximo Segarra, diputado provincial y que adem\u00e1s encabeza el Consejo Asesor del presidente en el PP provincial repite al frente del partido en Benaguasil, localidad de la que es alcalde con su larga y exitosa trayectoria.<\/p>\n\n\n\n<p class=\"wp-block-paragraph\">En Vilamarxant es el coordinador comarcal de Camp de T\u00faria y alcalde del municipio, H\u00e9ctor Troyano quien encabeza la direcci\u00f3n local; al igual que en Higueruelas repite el coordinador comarcal de la Serran\u00eda, Melanio Esteban.<\/p>\n\n\n\n<p class=\"wp-block-paragraph\">Mar\u00eda Jes\u00fas Garc\u00eda Frigols, por su parte, ha sido elegida presidenta local de Estubeny; Salvador Ferrer se ha impuesto en la elecci\u00f3n de Carcaixent; Joaqu\u00edn Cresp\u00edn en Sumacarcer y Tamara Cant\u00f3 en Catadau.<\/p>\n\n\n\n<p class=\"wp-block-paragraph\">En Serra la nueva presidenta local es Rosario Mart\u00ednez; Teresa Benavent dirigir\u00e1 la junta local de Llutxent, al igual que har\u00e1 Susana Navarro en Bell\u00fas. Junto a ellas tambi\u00e9n se convierten en presidentes locales Jorge Escriv\u00e1 en Rugat y Jaime Soler en Aielo de Rugat.<\/p>\n\n\n\n<p class=\"wp-block-paragraph\">Miguel Mar\u00edn encabeza al PP de Anna; Esteban Vidal liderar\u00e1 la direcci\u00f3n local de Guadass\u00e8quies y Jorge Castell\u00f3 la de Montixelvo. Por \u00faltimo, Juan Antonio D\u00edaz encabezar\u00e1 la de Dos Aguas; Pedro Ca\u00f1ete presidir\u00e1 en Gestalgar y Gaspar P\u00e9rez en Font d&#8217;En Carr\u00f3s.<\/p>\n","protected":false},"excerpt":{"rendered":"<div class=\"mh-excerpt\">La primera setmana d&#8217;aquesta fase que es desenvolupar\u00e0 fins al pr\u00f2xim 28 de mar\u00e7 ha transcorregut amb absoluta normalitat en els conclaves locals Alzira \u00e9s la poblaci\u00f3 amb m\u00e9s habitants que ja ha finalitzat l&#8217;elecci\u00f3 <a class=\"mh-excerpt-more\" href=\"https:\/\/tucomarca.whitekongsoftware.com\/ca\/el-pp-de-valencia-elegeix-als-primers-28-presidents-locals-del-periode-congressual-impulsat-per-vicente-mompo\/\" title=\"El PP de Val\u00e8ncia elegeix als primers 28 presidents locals del per\u00edode congressual impulsat per Vicente Momp\u00f3\">[+] <\/a><\/div>\n","protected":false},"author":1,"featured_media":127288,"comment_status":"open","ping_status":"open","sticky":false,"template":"","format":"standard","meta":{"footnotes":""},"categories":[10964,10952,11038,10892,10991,11039,11036,10976,11046,10898,11034,11033,10948,10963,10894,10904,10912,10902,10947,10896,10933,11049,10927],"tags":[10899,13942,11094,10914,11077,11928,11978,11344,11454],"class_list":["post-127289","post","type-post","status-publish","format-standard","has-post-thumbnail","category-anna-ca","category-benaguasil-ca","category-calles-ca","category-camp-de-turia-ca","category-catadau-ca","category-chelva-ca","category-chulilla-ca","category-dos-aguas-ca","category-los-serranos-ca","category-ventana-ca","category-gestalgar-ca","category-higueruelas-ca","category-infraestructuras-ca","category-la-canal-de-navarres-ca","category-la-comarca-ca","category-sin-categorizar-ca","category-la-hoya-ca","category-la-ribera-ca","category-politica","category-seccion-ca","category-serra-ca","category-sumacarcer-ca","category-vilamarxant-ca","tag-camp-de-turia-ca","tag-congresos-ca","tag-la-canal-de-navarres","tag-la-hoya-de-bunol-chiva-ca","tag-la-ribera-alta-ca","tag-la-serrania-ca","tag-partido-popular-ca","tag-pp-ca","tag-valencia-ca"],"_links":{"self":[{"href":"https:\/\/tucomarca.whitekongsoftware.com\/ca\/wp-json\/wp\/v2\/posts\/127289","targetHints":{"allow":["GET"]}}],"collection":[{"href":"https:\/\/tucomarca.whitekongsoftware.com\/ca\/wp-json\/wp\/v2\/posts"}],"about":[{"href":"https:\/\/tucomarca.whitekongsoftware.com\/ca\/wp-json\/wp\/v2\/types\/post"}],"author":[{"embeddable":true,"href":"https:\/\/tucomarca.whitekongsoftware.com\/ca\/wp-json\/wp\/v2\/users\/1"}],"replies":[{"embeddable":true,"href":"https:\/\/tucomarca.whitekongsoftware.com\/ca\/wp-json\/wp\/v2\/comments?post=127289"}],"version-history":[{"count":0,"href":"https:\/\/tucomarca.whitekongsoftware.com\/ca\/wp-json\/wp\/v2\/posts\/127289\/revisions"}],"wp:featuredmedia":[{"embeddable":true,"href":"https:\/\/tucomarca.whitekongsoftware.com\/ca\/wp-json\/wp\/v2\/media\/127288"}],"wp:attachment":[{"href":"https:\/\/tucomarca.whitekongsoftware.com\/ca\/wp-json\/wp\/v2\/media?parent=127289"}],"wp:term":[{"taxonomy":"category","embeddable":true,"href":"https:\/\/tucomarca.whitekongsoftware.com\/ca\/wp-json\/wp\/v2\/categories?post=127289"},{"taxonomy":"post_tag","embeddable":true,"href":"https:\/\/tucomarca.whitekongsoftware.com\/ca\/wp-json\/wp\/v2\/tags?post=127289"}],"curies":[{"name":"wp","href":"https:\/\/api.w.org\/{rel}","templated":true}]}}