{"id":127267,"date":"2021-02-27T09:10:00","date_gmt":"2021-02-27T08:10:00","guid":{"rendered":"http:\/\/www.tucomarca.com\/wordpress\/segunda\/?p=127267"},"modified":"2021-02-27T20:51:02","modified_gmt":"2021-02-27T19:51:02","slug":"la-diputacio-i-la-universitat-de-valencia-fomenten-lemprenedoria-en-xicotets-municipis-a-traves-de-empren-rural","status":"publish","type":"post","link":"https:\/\/tucomarca.whitekongsoftware.com\/ca\/la-diputacio-i-la-universitat-de-valencia-fomenten-lemprenedoria-en-xicotets-municipis-a-traves-de-empren-rural\/","title":{"rendered":"La Diputaci\u00f3 i la Universitat de Val\u00e8ncia fomenten l&#8217;emprenedoria en xicotets municipis a trav\u00e9s de Empr\u00e9n Rural"},"content":{"rendered":"\n<h4 class=\"wp-block-heading\"><strong><strong>Despr\u00e9s de l&#8217;\u00e8xit de la primera edici\u00f3 d&#8217;esta iniciativa en la qual participa Divalterra, estudiants universitaris disposaran d&#8217;una nova convocat\u00f2ria per a posar en pr\u00e0ctica idees de negoci en \u00e0rees rurals<\/strong><\/strong><\/h4>\n\n\n\n<h4 class=\"wp-block-heading\"><strong><strong>Els projectes seleccionats dels alumnes matriculats en estudis de grau, m\u00e0ster o doctorat han d&#8217;estar alineats amb els objectius de desenvolupament sostenible de l&#8217;Agenda 2030<\/strong><\/strong><\/h4>\n\n\n\n<p class=\"wp-block-paragraph\">La Delegaci\u00f3 de Desenvolupament Rural i Pol\u00edtiques contra la despoblaci\u00f3 de la Diputaci\u00f3 de Val\u00e8ncia i la Universitat de Val\u00e8ncia (UV), amb la col\u00b7laboraci\u00f3 del Servei de Desenvolupament Local de Divalterra, han posat en marxa la segona edici\u00f3 de la iniciativa Empr\u00e9n Rural, un programa intensiu de formaci\u00f3 en emprenedoria rural per a estudiants universitaris amb beques i pr\u00e0ctiques en empreses, ajuntaments i mancomunitats de la prov\u00edncia de Val\u00e8ncia en municipis de menys de 3.000 habitants.<\/p>\n\n\n\n<p class=\"wp-block-paragraph\">Durant aquesta setmana, a trav\u00e9s de videoconfer\u00e8ncia, el diputat provincial Ramiro Rivera i la vicerectora d&#8217;Ocupaci\u00f3 i programes formatius de la UV, Adela Valero, han presentat UVEmpr\u00e8n Rural 2021 a m\u00e9s de 50 representants d&#8217;entitats locals de la prov\u00edncia interessats en la iniciativa.<\/p>\n\n\n\n<p class=\"wp-block-paragraph\">Este programa est\u00e0 dirigit a estudiants matriculats en estudis oficials de grau, m\u00e0ster o doctorat de la UV durant el curs acad\u00e8mic 2020\/21, i seleccionar\u00e0 les millors iniciatives emprenedores i idees de negoci aplicables a l&#8217;\u00e0mbit rural. Els projectes presentats hauran d&#8217;estar alineats amb els objectius i metes de desenvolupament sostenible (ODS 2030).<\/p>\n\n\n\n<p class=\"wp-block-paragraph\">A trav\u00e9s de Empr\u00e9n Rural, les persones que presenten les millors iniciatives podran accedir a un programa intensiu de formaci\u00f3 en emprenedoria rural i realitzar pr\u00e0ctiques en empreses, ajuntaments i mancomunitats de la prov\u00edncia de Val\u00e8ncia en municipis en risc de despoblaci\u00f3 per a madurar d&#8217;esta manera els seus projectes d&#8217;empresa.<\/p>\n\n\n\n<p class=\"wp-block-paragraph\">Tal com establixen les bases reguladores del programa, gr\u00e0cies a l&#8217;aportaci\u00f3 de la Diputaci\u00f3 de Val\u00e8ncia les pr\u00e0ctiques estaran remunerades amb 1.000 euros mensuals, i tindran una duraci\u00f3 d&#8217;entre un i tres mesos, a jornada completa, entre juny i desembre de 2021.<\/p>\n\n\n\n<p class=\"wp-block-paragraph\">La primera edici\u00f3 d&#8217;esta iniciativa, llan\u00e7ada a l&#8217;estiu de 2020, va captar l&#8217;inter\u00e9s de 40 entitats locals i quatre empreses de zones rurals de la prov\u00edncia, que van oferir un total de 61 places per a acollir estudiantat en pr\u00e0ctica.<\/p>\n\n\n\n<p class=\"wp-block-paragraph\">Entre les candidatures presentades per l&#8217;alumnat, es van seleccionar les 10 millor valorades per a participar en el programa, que ha donat lloc a la posada en marxa efectiva d&#8217;una empresa sota el format de cooperativa de serveis professionals, mentre que altres cinc projectes de negoci continuen madurant en la incubadora de UVEmpr\u00e8n.<\/p>\n\n\n\n<p class=\"wp-block-paragraph\"><strong>Difusi\u00f3 a trav\u00e9s de les ADL\u2019s<\/strong><\/p>\n\n\n\n<p class=\"wp-block-paragraph\">Des de Divalterra, a trav\u00e9s del seu servei de Desenvolupament Local, es d\u00f3na difusi\u00f3 a Empr\u00e9n Rural entre totes les Ag\u00e8ncies de Desenvolupament Local (ADL) integrades en la seua iniciativa Xarxa ADL, a trav\u00e9s de les 175 entitats locals adherides, entre ajuntaments i mancomunitats.<\/p>\n\n\n\n<p class=\"wp-block-paragraph\">En este sentit, l&#8217;empresa de la Diputaci\u00f3 de Val\u00e8ncia oferix als ADL una s\u00e8rie d&#8217;eines de gesti\u00f3 per a registrar i fer un seguiment dels assessoraments efectuats a empreses, emprenedors i associacions.<\/p>\n\n\n\n<p class=\"wp-block-paragraph\">Aix\u00ed mateix, tamb\u00e9 es poden confeccionar plans de viabilitat economicofinancera, gestionar ofertes i demandes d&#8217;ocupaci\u00f3 o accedir a dades estad\u00edstiques socioecon\u00f2miques a escala local, a trav\u00e9s del portal www.divaladl.es i la seua intranet de gesti\u00f3.<\/p>\n\n\n\n<p class=\"wp-block-paragraph\">D&#8217;esta manera, es fomenta el treball en xarxa de les Ag\u00e8ncies de Desenvolupament Local, mantenint-les informades mitjan\u00e7ant butlletins sobre ajudes, subvencions, jornades i estudis relacionats amb el desenvolupament local, aix\u00ed com a trav\u00e9s d&#8217;accions presencials de formaci\u00f3 espec\u00edfica.<\/p>\n","protected":false},"excerpt":{"rendered":"<div class=\"mh-excerpt\">Despr\u00e9s de l&#8217;\u00e8xit de la primera edici\u00f3 d&#8217;esta iniciativa en la qual participa Divalterra, estudiants universitaris disposaran d&#8217;una nova convocat\u00f2ria per a posar en pr\u00e0ctica idees de negoci en \u00e0rees rurals Els projectes seleccionats dels <a class=\"mh-excerpt-more\" href=\"https:\/\/tucomarca.whitekongsoftware.com\/ca\/la-diputacio-i-la-universitat-de-valencia-fomenten-lemprenedoria-en-xicotets-municipis-a-traves-de-empren-rural\/\" title=\"La Diputaci\u00f3 i la Universitat de Val\u00e8ncia fomenten l&#8217;emprenedoria en xicotets municipis a trav\u00e9s de Empr\u00e9n Rural\">[+] <\/a><\/div>\n","protected":false},"author":1,"featured_media":127265,"comment_status":"open","ping_status":"open","sticky":false,"template":"","format":"standard","meta":{"footnotes":""},"categories":[10890,10951,10892,11046,10898,10948,10963,10894,10904,10912,10947,10909,10896],"tags":[12279,11246],"class_list":["post-127267","post","type-post","status-publish","format-standard","has-post-thumbnail","category-ademus","category-ayora-cofrentes-ca","category-camp-de-turia-ca","category-los-serranos-ca","category-ventana-ca","category-infraestructuras-ca","category-la-canal-de-navarres-ca","category-la-comarca-ca","category-sin-categorizar-ca","category-la-hoya-ca","category-politica","category-requena-utiel-ca","category-seccion-ca","tag-despoblacion-ca","tag-diputacio-de-valencia-ca"],"_links":{"self":[{"href":"https:\/\/tucomarca.whitekongsoftware.com\/ca\/wp-json\/wp\/v2\/posts\/127267","targetHints":{"allow":["GET"]}}],"collection":[{"href":"https:\/\/tucomarca.whitekongsoftware.com\/ca\/wp-json\/wp\/v2\/posts"}],"about":[{"href":"https:\/\/tucomarca.whitekongsoftware.com\/ca\/wp-json\/wp\/v2\/types\/post"}],"author":[{"embeddable":true,"href":"https:\/\/tucomarca.whitekongsoftware.com\/ca\/wp-json\/wp\/v2\/users\/1"}],"replies":[{"embeddable":true,"href":"https:\/\/tucomarca.whitekongsoftware.com\/ca\/wp-json\/wp\/v2\/comments?post=127267"}],"version-history":[{"count":0,"href":"https:\/\/tucomarca.whitekongsoftware.com\/ca\/wp-json\/wp\/v2\/posts\/127267\/revisions"}],"wp:featuredmedia":[{"embeddable":true,"href":"https:\/\/tucomarca.whitekongsoftware.com\/ca\/wp-json\/wp\/v2\/media\/127265"}],"wp:attachment":[{"href":"https:\/\/tucomarca.whitekongsoftware.com\/ca\/wp-json\/wp\/v2\/media?parent=127267"}],"wp:term":[{"taxonomy":"category","embeddable":true,"href":"https:\/\/tucomarca.whitekongsoftware.com\/ca\/wp-json\/wp\/v2\/categories?post=127267"},{"taxonomy":"post_tag","embeddable":true,"href":"https:\/\/tucomarca.whitekongsoftware.com\/ca\/wp-json\/wp\/v2\/tags?post=127267"}],"curies":[{"name":"wp","href":"https:\/\/api.w.org\/{rel}","templated":true}]}}