{"id":127256,"date":"2021-02-27T09:15:00","date_gmt":"2021-02-27T08:15:00","guid":{"rendered":"http:\/\/www.tucomarca.com\/wordpress\/segunda\/?p=127256"},"modified":"2021-02-27T21:27:46","modified_gmt":"2021-02-27T20:27:46","slug":"benaguasil-obri-el-termini-per-a-sollicitar-les-ajudes-parentesi-per-a-autonoms-i-microempreses","status":"publish","type":"post","link":"https:\/\/tucomarca.whitekongsoftware.com\/ca\/benaguasil-obri-el-termini-per-a-sollicitar-les-ajudes-parentesi-per-a-autonoms-i-microempreses\/","title":{"rendered":"Benaguasil obri el termini per a sol\u00b7licitar les ajudes Par\u00e8ntesi per a aut\u00f2noms i microempreses"},"content":{"rendered":"\n<p class=\"wp-block-paragraph\">L&#8217;Ajuntament de Benaguasil ha obert el termini perqu\u00e8 aut\u00f2noms i microempreses locals sol\u00b7liciten les Ajudes Par\u00e8ntesis, emmarcades dins del Pla Resistir, i que destinaran 185.080 euros als sectors m\u00e9s afectats per les mesures imposades per la pand\u00e8mia, dels quals 27.762 euros els aportar\u00e0 l&#8217;Ajuntament.<\/p>\n\n\n\n<p class=\"wp-block-paragraph\">La finalitat d&#8217;aquestes ajudes \u00e9s contribuir al sosteniment de les despeses corrents habituals que aquests negocis han continuat suportant malgrat la manca o disminuci\u00f3 d&#8217;ingressos, han assenyalat fonts municipals.<\/p>\n\n\n\n<p class=\"wp-block-paragraph\">Aquestes ajudes directes de 2.000\u20ac, m\u00e9s 200 euros addicionals per cada treballador a c\u00e0rrec podran sol\u00b7licitar-les aut\u00f2noms, i microempreses de fins a deu treballadors, que tinguen el domicili fiscal a Benaguasil i l&#8217;activitat del qual estiga en funcionament a data 31 de desembre de 2020.<\/p>\n\n\n\n<p class=\"wp-block-paragraph\">Entre les despeses subvencionables es troben els del lloguer del local comercial, les compres de mercaderies i aprovisionaments, despeses de subministraments, reparacions i conservaci\u00f3 de material, despeses de personal contractat, els interessos de les hipoteques i altres despeses corrents vinculades a l&#8217;activitat.<\/p>\n\n\n\n<p class=\"wp-block-paragraph\">\u201cDes de l&#8217;Ajuntament ens hem adherit a aquestes ajudes per a evitar que s&#8217;originen conseq\u00fc\u00e8ncies irreversibles per a l&#8217;economia, el desenvolupament empresarial i comercial del municipi, i vetlar perqu\u00e8 una vegada finalitzada la crisi sanit\u00e0ria es produ\u00efsca al m\u00e9s prompte possible una reactivaci\u00f3 de l&#8217;economia local\u201d, han assenyalat fonts municipals.<\/p>\n\n\n\n<p class=\"wp-block-paragraph\">Aquestes ajudes es podran sol\u00b7licitar fins a l&#8217;11 de mar\u00e7 a trav\u00e9s de la seu electr\u00f2nica o de manera presencial amb Cita pr\u00e8via en l&#8217;Oficina d&#8217;Atenci\u00f3 Ciutadana de l&#8217;Ajuntament.<\/p>\n","protected":false},"excerpt":{"rendered":"<div class=\"mh-excerpt\">L&#8217;Ajuntament de Benaguasil ha obert el termini perqu\u00e8 aut\u00f2noms i microempreses locals sol\u00b7liciten les Ajudes Par\u00e8ntesis, emmarcades dins del Pla Resistir, i que destinaran 185.080 euros als sectors m\u00e9s afectats per les mesures imposades per <a class=\"mh-excerpt-more\" href=\"https:\/\/tucomarca.whitekongsoftware.com\/ca\/benaguasil-obri-el-termini-per-a-sollicitar-les-ajudes-parentesi-per-a-autonoms-i-microempreses\/\" title=\"Benaguasil obri el termini per a sol\u00b7licitar les ajudes Par\u00e8ntesi per a aut\u00f2noms i microempreses\">[+] <\/a><\/div>\n","protected":false},"author":1,"featured_media":127254,"comment_status":"open","ping_status":"open","sticky":false,"template":"","format":"standard","meta":{"footnotes":""},"categories":[10952,10892,12202,10948,10894,10903,10947,10896],"tags":[11136,10899,11939,11940],"class_list":["post-127256","post","type-post","status-publish","format-standard","has-post-thumbnail","category-benaguasil-ca","category-camp-de-turia-ca","category-covid-19-ca","category-infraestructuras-ca","category-la-comarca-ca","category-medio-ambiente-la-comarca-ca","category-politica","category-seccion-ca","tag-benaguasil-ca","tag-camp-de-turia-ca","tag-coronavirus-ca","tag-covid-19-ca"],"_links":{"self":[{"href":"https:\/\/tucomarca.whitekongsoftware.com\/ca\/wp-json\/wp\/v2\/posts\/127256","targetHints":{"allow":["GET"]}}],"collection":[{"href":"https:\/\/tucomarca.whitekongsoftware.com\/ca\/wp-json\/wp\/v2\/posts"}],"about":[{"href":"https:\/\/tucomarca.whitekongsoftware.com\/ca\/wp-json\/wp\/v2\/types\/post"}],"author":[{"embeddable":true,"href":"https:\/\/tucomarca.whitekongsoftware.com\/ca\/wp-json\/wp\/v2\/users\/1"}],"replies":[{"embeddable":true,"href":"https:\/\/tucomarca.whitekongsoftware.com\/ca\/wp-json\/wp\/v2\/comments?post=127256"}],"version-history":[{"count":0,"href":"https:\/\/tucomarca.whitekongsoftware.com\/ca\/wp-json\/wp\/v2\/posts\/127256\/revisions"}],"wp:featuredmedia":[{"embeddable":true,"href":"https:\/\/tucomarca.whitekongsoftware.com\/ca\/wp-json\/wp\/v2\/media\/127254"}],"wp:attachment":[{"href":"https:\/\/tucomarca.whitekongsoftware.com\/ca\/wp-json\/wp\/v2\/media?parent=127256"}],"wp:term":[{"taxonomy":"category","embeddable":true,"href":"https:\/\/tucomarca.whitekongsoftware.com\/ca\/wp-json\/wp\/v2\/categories?post=127256"},{"taxonomy":"post_tag","embeddable":true,"href":"https:\/\/tucomarca.whitekongsoftware.com\/ca\/wp-json\/wp\/v2\/tags?post=127256"}],"curies":[{"name":"wp","href":"https:\/\/api.w.org\/{rel}","templated":true}]}}