{"id":127250,"date":"2021-02-27T08:29:00","date_gmt":"2021-02-27T07:29:00","guid":{"rendered":"http:\/\/www.tucomarca.com\/wordpress\/segunda\/?p=127250"},"modified":"2021-02-27T20:32:25","modified_gmt":"2021-02-27T19:32:25","slug":"la-regidoria-de-cultura-de-bunyol-i-la-biblioteca-municipal-convoquen-un-certamen-literari-de-relats-i-poesia-amb-motiu-del-dia-del-llibre","status":"publish","type":"post","link":"https:\/\/tucomarca.whitekongsoftware.com\/ca\/la-regidoria-de-cultura-de-bunyol-i-la-biblioteca-municipal-convoquen-un-certamen-literari-de-relats-i-poesia-amb-motiu-del-dia-del-llibre\/","title":{"rendered":"La regidoria de Cultura de Bunyol i la biblioteca municipal convoquen un certamen literari de relats i poesia amb motiu del Dia del llibre"},"content":{"rendered":"\n<h4 class=\"wp-block-heading\"><strong>Es convoquen dues categories i es premiar\u00e0 al guanyador amb 100\u20ac per a comprar llibres, i dos acc\u00e8ssits de 50\u20ac. La decisi\u00f3 del jurat es far\u00e0 p\u00fablic el 23 d&#8217;Abril, Dia del Llibre.<\/strong><\/h4>\n\n\n\n<p class=\"wp-block-paragraph\">Juan Luis Pall\u00e1s, regidor de Cultura a l&#8217;Ajuntament de Bu\u00f1ol informa de la convocat\u00f2ria d&#8217;un Certamen Literari de relats i poesia amb motiu del Dia del Llibre 2021. El termini de presentaci\u00f3 \u00e9s fins al 9 d&#8217;abril i hi ha dues categories; una d&#8217;adults majors de 18 anys i una altra per a joves menors de 18 anys.<\/p>\n\n\n\n<p class=\"wp-block-paragraph\">Tanto en el concurso de Relato como en el de Poes\u00eda los premios son tres. 100\u20ac para el Relato ganador, que podr\u00e1 canjear en libros, y dos acc\u00e9sits consistentes en un vale de 50\u20ac para canjear en libros y entradas a todos los eventos culturales organizados por el Ayuntamiento de Bu\u00f1ol en este 2021. El fallo del jurado se har\u00e1 p\u00fablico el 23 de Abril, D\u00eda del Libro. La entrega de premios se llevar\u00e1 a cabo el 29 de mayo en la Clausura de la I Jornada Literaria Castillo de Bu\u00f1ol. &nbsp;<\/p>\n\n\n\n<p class=\"wp-block-paragraph\">Para presentar los relatos y poes\u00edas, deben llevarlos a la Biblioteca Municipal de Bu\u00f1ol Cronista Fernando Galarza de Bu\u00f1ol, o mandarlos por mail a <a href=\"mailto:bibliotecabunyol@gmail.com\">bibliotecabunyol@gmail.com<\/a>. Tambi\u00e9n pueden mandarse por correo ordinario a su direcci\u00f3n C\/Pelayo n\u00famero 10. Todos los que deseen recibir m\u00e1s informaci\u00f3n sobre las bases y sobre c\u00f3mo presentar aquellos relatos o poes\u00edas que puedan tener en sus cajones, pueden llamar al tel\u00e9fono de la Biblioteca, 96 250 07 51.<\/p>\n\n\n\n<p class=\"wp-block-paragraph\">Pall\u00e1s anima a la partipaci\u00f3n en este concurso, \u201cya que somos un pueblo lleno de artistas, m\u00fasicos, compositores y tambi\u00e9n escritores, as\u00ed que si tenemos alg\u00fan relato o poes\u00eda que tengamos guardada, es momento de presentarla, de mostrarla al mundo, y si no, seguro que tras este fat\u00eddico a\u00f1o tenemos mucho que reflexionar, acompa\u00f1arnos de historias nuestras o ficticias\u201d.<\/p>\n\n\n\n<p class=\"wp-block-paragraph\">El edil del ramo recuerda que un mismo participante puede presentar tanto relato como poes\u00eda y as\u00ed optar a cualquiera de los premios. Este es uno de los proyectos que desde la Biblioteca Municipal y la Concejal\u00eda de Cultura se tienen en marcha con motivo del D\u00eda del libro en la localidad, si la situaci\u00f3n de la pandemia sigue registrando datos tan positivos como los actuales.&nbsp;<\/p>\n","protected":false},"excerpt":{"rendered":"<div class=\"mh-excerpt\">Es convoquen dues categories i es premiar\u00e0 al guanyador amb 100\u20ac per a comprar llibres, i dos acc\u00e8ssits de 50\u20ac. La decisi\u00f3 del jurat es far\u00e0 p\u00fablic el 23 d&#8217;Abril, Dia del Llibre. Juan Luis <a class=\"mh-excerpt-more\" href=\"https:\/\/tucomarca.whitekongsoftware.com\/ca\/la-regidoria-de-cultura-de-bunyol-i-la-biblioteca-municipal-convoquen-un-certamen-literari-de-relats-i-poesia-amb-motiu-del-dia-del-llibre\/\" title=\"La regidoria de Cultura de Bunyol i la biblioteca municipal convoquen un certamen literari de relats i poesia amb motiu del Dia del llibre\">[+] <\/a><\/div>\n","protected":false},"author":1,"featured_media":127248,"comment_status":"open","ping_status":"open","sticky":false,"template":"","format":"standard","meta":{"footnotes":""},"categories":[11019,10911,10912,11007,10896],"tags":[10913,10914],"class_list":["post-127250","post","type-post","status-publish","format-standard","has-post-thumbnail","category-agenda-ca","category-bunol-ca","category-la-hoya-ca","category-ocio-y-cultura-ca","category-seccion-ca","tag-bunol-ca","tag-la-hoya-de-bunol-chiva-ca"],"_links":{"self":[{"href":"https:\/\/tucomarca.whitekongsoftware.com\/ca\/wp-json\/wp\/v2\/posts\/127250","targetHints":{"allow":["GET"]}}],"collection":[{"href":"https:\/\/tucomarca.whitekongsoftware.com\/ca\/wp-json\/wp\/v2\/posts"}],"about":[{"href":"https:\/\/tucomarca.whitekongsoftware.com\/ca\/wp-json\/wp\/v2\/types\/post"}],"author":[{"embeddable":true,"href":"https:\/\/tucomarca.whitekongsoftware.com\/ca\/wp-json\/wp\/v2\/users\/1"}],"replies":[{"embeddable":true,"href":"https:\/\/tucomarca.whitekongsoftware.com\/ca\/wp-json\/wp\/v2\/comments?post=127250"}],"version-history":[{"count":0,"href":"https:\/\/tucomarca.whitekongsoftware.com\/ca\/wp-json\/wp\/v2\/posts\/127250\/revisions"}],"wp:featuredmedia":[{"embeddable":true,"href":"https:\/\/tucomarca.whitekongsoftware.com\/ca\/wp-json\/wp\/v2\/media\/127248"}],"wp:attachment":[{"href":"https:\/\/tucomarca.whitekongsoftware.com\/ca\/wp-json\/wp\/v2\/media?parent=127250"}],"wp:term":[{"taxonomy":"category","embeddable":true,"href":"https:\/\/tucomarca.whitekongsoftware.com\/ca\/wp-json\/wp\/v2\/categories?post=127250"},{"taxonomy":"post_tag","embeddable":true,"href":"https:\/\/tucomarca.whitekongsoftware.com\/ca\/wp-json\/wp\/v2\/tags?post=127250"}],"curies":[{"name":"wp","href":"https:\/\/api.w.org\/{rel}","templated":true}]}}