{"id":127215,"date":"2021-02-26T17:05:00","date_gmt":"2021-02-26T16:05:00","guid":{"rendered":"http:\/\/www.tucomarca.com\/wordpress\/segunda\/?p=127215"},"modified":"2021-02-26T20:02:33","modified_gmt":"2021-02-26T19:02:33","slug":"bunyol-passa-dels-180-casos-actius-de-covid-19-al-gener-als-9-daquest-divendres","status":"publish","type":"post","link":"https:\/\/tucomarca.whitekongsoftware.com\/ca\/bunyol-passa-dels-180-casos-actius-de-covid-19-al-gener-als-9-daquest-divendres\/","title":{"rendered":"Bunyol passa dels 180 casos actius de covid-19 al gener als 9 d&#8217;aquest divendres"},"content":{"rendered":"\n<figure class=\"wp-block-image size-large\"><img loading=\"lazy\" decoding=\"async\" width=\"1024\" height=\"598\" src=\"http:\/\/www.tucomarca.com\/wordpress\/segunda\/wp-content\/uploads\/2021\/02\/CovidBunol1-1024x598.jpg\" alt=\"\" class=\"wp-image-127208\" srcset=\"https:\/\/tucomarca.whitekongsoftware.com\/wp-content\/uploads\/2021\/02\/CovidBunol1-1024x598.jpg 1024w, https:\/\/tucomarca.whitekongsoftware.com\/wp-content\/uploads\/2021\/02\/CovidBunol1-300x175.jpg 300w, https:\/\/tucomarca.whitekongsoftware.com\/wp-content\/uploads\/2021\/02\/CovidBunol1-768x448.jpg 768w, https:\/\/tucomarca.whitekongsoftware.com\/wp-content\/uploads\/2021\/02\/CovidBunol1.jpg 1048w\" sizes=\"auto, (max-width: 1024px) 100vw, 1024px\" \/><\/figure>\n\n\n\n<h4 class=\"wp-block-heading\"><strong>El Govern de Bunyol agraeix la &#8220;responsabilitat ciutadana a aconseguir doblegar la corba de contagis per Covid-19 en la localitat en poc m\u00e9s d&#8217;un mes en passar de m\u00e9s de 1.000 casos per cada 100.000 habitants a menys de 100 en l&#8217;actualitat&#8221;.<\/strong><\/h4>\n\n\n\n<h4 class=\"wp-block-heading\"><strong>Juncal Carrascosa, alcaldessa de Bunyol, agraeix &#8220;el compliment majoritari dels bunyolenses en l&#8217;autoconfinament exigit fa m\u00e9s d&#8217;un mes que ha perm\u00e9s doblegar la corba a una gran rapidesa. Actualment tan sols hi ha 9 casos actius&#8221;.<\/strong><\/h4>\n\n\n\n<p class=\"wp-block-paragraph\">La curva de incidencia del Covid19 en Bu\u00f1ol ha descendido considerablemente en el \u00faltimo mes, &#8220;debido a la correcta aplicaci\u00f3n de las medidas restrictivas por la ciudadan\u00eda y el buen hacer en la aplicaci\u00f3n de estas medidas por parte del equipo de gobierno municipal, que incluso se han endurecido con respecto a las aplicadas por parte del Consell, como la cancelaci\u00f3n de todos los actos culturales desde finales de diciembre, el cierre de todos los parques infantiles, as\u00ed como el libre acceso de los colaboradores de la radio municipal a sus instalaciones, que contin\u00faa cerrada y abierta exclusivamente para el personal laboral de esta emisora&#8221;, como han informado fuentes municipales.<\/p>\n\n\n\n<figure class=\"wp-block-image size-large\"><img loading=\"lazy\" decoding=\"async\" width=\"988\" height=\"411\" src=\"http:\/\/www.tucomarca.com\/wordpress\/segunda\/wp-content\/uploads\/2021\/02\/CovidBunol3.png\" alt=\"\" class=\"wp-image-127210\" srcset=\"https:\/\/tucomarca.whitekongsoftware.com\/wp-content\/uploads\/2021\/02\/CovidBunol3.png 988w, https:\/\/tucomarca.whitekongsoftware.com\/wp-content\/uploads\/2021\/02\/CovidBunol3-300x125.png 300w, https:\/\/tucomarca.whitekongsoftware.com\/wp-content\/uploads\/2021\/02\/CovidBunol3-768x319.png 768w\" sizes=\"auto, (max-width: 988px) 100vw, 988px\" \/><\/figure>\n\n\n\n<p class=\"wp-block-paragraph\">&#8220;Mientras que en enero se lleg\u00f3 a tener m\u00e1s de 180 casos activos, y tener una incidencia acumulada superior a los 1.000 casos por cada 100.000 habitantes, en la actualidad, a datos facilitados hoy viernes 26 de febrero, tan s\u00f3lo se ten\u00edan 9 casos activos y la incidencia era inferior a los 100 casos por cada 100.000 habitantes. De modo que el descenso en poco m\u00e1s de un mes ha sido muy significativo&#8221;.<\/p>\n\n\n\n<figure class=\"wp-block-image size-large\"><img loading=\"lazy\" decoding=\"async\" width=\"988\" height=\"406\" src=\"http:\/\/www.tucomarca.com\/wordpress\/segunda\/wp-content\/uploads\/2021\/02\/CovidBunol2.jpg\" alt=\"\" class=\"wp-image-127204\" srcset=\"https:\/\/tucomarca.whitekongsoftware.com\/wp-content\/uploads\/2021\/02\/CovidBunol2.jpg 988w, https:\/\/tucomarca.whitekongsoftware.com\/wp-content\/uploads\/2021\/02\/CovidBunol2-300x123.jpg 300w, https:\/\/tucomarca.whitekongsoftware.com\/wp-content\/uploads\/2021\/02\/CovidBunol2-768x316.jpg 768w\" sizes=\"auto, (max-width: 988px) 100vw, 988px\" \/><\/figure>\n\n\n\n<p class=\"wp-block-paragraph\">Juncal Carrascosa, alcaldesa de Bu\u00f1ol, se ha mostrado &#8220;muy satisfecha por la aplicaci\u00f3n de todas las medidas por parte de los vecinos del municipio despu\u00e9s de un a\u00f1o de pandemia, donde la fatiga psicol\u00f3gica comienza a hacer mella entre la poblaci\u00f3n. Hay que agradecer mucho a los bu\u00f1olenses que la gr\u00e1fica haya bajado tan r\u00e1pidamente, a pesar de que los especialistas siempre dicen que subir es muy r\u00e1pido pero bajar suele ser muy lento. \u00c9se no ha sido nuestro caso, as\u00ed que a partir de la semana que viene hemos decidido volver a reflotar y a revivir los actos culturales que tanto nos gustan, que forman parte de nuestro identidad, siempre siguiendo las medidas sanitarias, control de aforos, de temperatura y distancia entre los asistentes\u201d.&nbsp;<\/p>\n\n\n\n<p class=\"wp-block-paragraph\">Mati Mas, Concejala de Sanidad en el Ayuntamiento de Bu\u00f1ol, agradece &#8220;la implicaci\u00f3n de la ciudadan\u00eda en conseguir doblegar la curva de contagios en el municipio, pero a\u00fan as\u00ed debemos seguir extremando las precauciones y mantener con las medidas de distancia social hasta que hayamos conseguido que gran parte de la poblaci\u00f3n est\u00e9 vacunada; debemos protegernos y proteger a los dem\u00e1s; s\u00f3lo as\u00ed podremos volver a nuestra vida anterior\u201d, finalizaba.<\/p>\n\n\n\n<figure class=\"wp-block-image size-large is-resized\"><img loading=\"lazy\" decoding=\"async\" src=\"http:\/\/www.tucomarca.com\/wordpress\/segunda\/wp-content\/uploads\/2021\/02\/CovidBunol5.jpg\" alt=\"\" class=\"wp-image-127207\" width=\"576\" height=\"706\" srcset=\"https:\/\/tucomarca.whitekongsoftware.com\/wp-content\/uploads\/2021\/02\/CovidBunol5.jpg 337w, https:\/\/tucomarca.whitekongsoftware.com\/wp-content\/uploads\/2021\/02\/CovidBunol5-245x300.jpg 245w\" sizes=\"auto, (max-width: 576px) 100vw, 576px\" \/><\/figure>\n\n\n\n<figure class=\"wp-block-image size-large\"><img loading=\"lazy\" decoding=\"async\" width=\"195\" height=\"227\" src=\"http:\/\/www.tucomarca.com\/wordpress\/segunda\/wp-content\/uploads\/2021\/02\/CovidBunol4.jpg\" alt=\"\" class=\"wp-image-127212\"\/><\/figure>\n","protected":false},"excerpt":{"rendered":"<div class=\"mh-excerpt\">El Govern de Bunyol agraeix la &#8220;responsabilitat ciutadana a aconseguir doblegar la corba de contagis per Covid-19 en la localitat en poc m\u00e9s d&#8217;un mes en passar de m\u00e9s de 1.000 casos per cada 100.000 <a class=\"mh-excerpt-more\" href=\"https:\/\/tucomarca.whitekongsoftware.com\/ca\/bunyol-passa-dels-180-casos-actius-de-covid-19-al-gener-als-9-daquest-divendres\/\" title=\"Bunyol passa dels 180 casos actius de covid-19 al gener als 9 d&#8217;aquest divendres\">[+] <\/a><\/div>\n","protected":false},"author":1,"featured_media":127205,"comment_status":"open","ping_status":"open","sticky":false,"template":"","format":"standard","meta":{"footnotes":""},"categories":[10911,11010,12202,10948,10894,10912,10903,10947,10896,10897],"tags":[10913,11939,11940,10914],"class_list":["post-127215","post","type-post","status-publish","format-standard","has-post-thumbnail","category-bunol-ca","category-canal-salud","category-covid-19-ca","category-infraestructuras-ca","category-la-comarca-ca","category-la-hoya-ca","category-medio-ambiente-la-comarca-ca","category-politica","category-seccion-ca","category-sucesos-la-comarca-ca","tag-bunol-ca","tag-coronavirus-ca","tag-covid-19-ca","tag-la-hoya-de-bunol-chiva-ca"],"_links":{"self":[{"href":"https:\/\/tucomarca.whitekongsoftware.com\/ca\/wp-json\/wp\/v2\/posts\/127215","targetHints":{"allow":["GET"]}}],"collection":[{"href":"https:\/\/tucomarca.whitekongsoftware.com\/ca\/wp-json\/wp\/v2\/posts"}],"about":[{"href":"https:\/\/tucomarca.whitekongsoftware.com\/ca\/wp-json\/wp\/v2\/types\/post"}],"author":[{"embeddable":true,"href":"https:\/\/tucomarca.whitekongsoftware.com\/ca\/wp-json\/wp\/v2\/users\/1"}],"replies":[{"embeddable":true,"href":"https:\/\/tucomarca.whitekongsoftware.com\/ca\/wp-json\/wp\/v2\/comments?post=127215"}],"version-history":[{"count":0,"href":"https:\/\/tucomarca.whitekongsoftware.com\/ca\/wp-json\/wp\/v2\/posts\/127215\/revisions"}],"wp:featuredmedia":[{"embeddable":true,"href":"https:\/\/tucomarca.whitekongsoftware.com\/ca\/wp-json\/wp\/v2\/media\/127205"}],"wp:attachment":[{"href":"https:\/\/tucomarca.whitekongsoftware.com\/ca\/wp-json\/wp\/v2\/media?parent=127215"}],"wp:term":[{"taxonomy":"category","embeddable":true,"href":"https:\/\/tucomarca.whitekongsoftware.com\/ca\/wp-json\/wp\/v2\/categories?post=127215"},{"taxonomy":"post_tag","embeddable":true,"href":"https:\/\/tucomarca.whitekongsoftware.com\/ca\/wp-json\/wp\/v2\/tags?post=127215"}],"curies":[{"name":"wp","href":"https:\/\/api.w.org\/{rel}","templated":true}]}}