{"id":127155,"date":"2021-02-24T23:00:00","date_gmt":"2021-02-24T22:00:00","guid":{"rendered":"http:\/\/www.tucomarca.com\/wordpress\/segunda\/?p=127155"},"modified":"2021-02-25T13:23:31","modified_gmt":"2021-02-25T12:23:31","slug":"lajuntament-de-bunyol-mostra-el-seu-suport-absolut-a-la-continuitat-i-reforcament-dels-serveis-psicopedagogics-escolars","status":"publish","type":"post","link":"https:\/\/tucomarca.whitekongsoftware.com\/ca\/lajuntament-de-bunyol-mostra-el-seu-suport-absolut-a-la-continuitat-i-reforcament-dels-serveis-psicopedagogics-escolars\/","title":{"rendered":"L&#8217;Ajuntament de Bunyol mostra el seu &#8220;suport absolut&#8221; a la continu\u00eftat i refor\u00e7ament dels serveis psicopedag\u00f2gics escolars"},"content":{"rendered":"\n<p class=\"wp-block-paragraph\">Dilluns passat 22 de febrer en sessi\u00f3 plen\u00e0ria, amb tots els vots a favor dels representants pol\u00edtics del Consistori es va decidir el suport del poble de Bu\u00f1ol a demanar la retirada de l&#8217;esborrany del nou decret d&#8217;orientaci\u00f3 educativa i per al manteniment dels Serveis Psicopedag\u00f2gics Escolars.<br>En aquest decret, entre altres q\u00fcestions, es pret\u00e9n desmantellar el model actual dels Serveis Psicopedag\u00f2gics Escolars (*SPEs), formats per orientadores, mestres d&#8217;audici\u00f3 i llenguatge, treballadores socials i educadors d&#8217;educaci\u00f3 especial que atenen diferents centres educatius de les seues zones d&#8217;influ\u00e8ncia, normalment delimitades per comarques, realitzant la seua actuaci\u00f3 i intervenci\u00f3 directa amb l&#8217;alumnat amb necessitat espec\u00edfica de suport educatiu i de compensaci\u00f3 de desigualtats.<br>Aquesta atenci\u00f3 directa i continuada pels professionals, que encara que pertanyents als *SPEs estan destinades als propis centres educatius, en col\u00b7laboraci\u00f3 constant amb els professionals d&#8217;aquests, destaquen per la seua multidisciplinarietat i per tindre una visi\u00f3 externa, independent i imparcial, mitjan\u00e7ant actuacions col\u00b7legiades, permetent establir criteris comuns per a dur a terme una intervenci\u00f3\/atenci\u00f3 educativa inclusiva i de qualitat.<br>Aquest suport de les formacions pol\u00edtiques, amb quasi les mateixes sigles que les que formen el propi govern auton\u00f2mic, se sumen als suports rebuts p\u00fablicament per la representaci\u00f3 sindical en taula sectorial d&#8217;educaci\u00f3, organitzacions com els Col\u00b7legis Oficials de Psicologia, de Treball Social, de Psicopedagogia i Pedagogia, a m\u00e9s de diverses associacions de car\u00e0cter educatiu, social i sanitari, destacant el suport de la direcci\u00f3 dels centres educatius, de mestres i professors, *AMPAs, Serveis Socials d&#8217;ajuntaments i mancomunats, professionals de la medicina i la sanitat, i poblaci\u00f3 general, a trav\u00e9s de les signatures recollides i manifestos recollits.<br>EU va presentar una moci\u00f3 en la qual demanava l&#8217;adopci\u00f3 dels seg\u00fcents acords:<\/p>\n\n\n\n<ol class=\"wp-block-list\"><li>Petici\u00f3 de retirada de l&#8217;esborrany del Decret d&#8217;Orientaci\u00f3 Educativa, aix\u00ed com la de realitzar-lo novament amb el consens de tota la comunitat educativa sense prendre decisions de manera unilateral.<\/li><li>Demanar la continu\u00eftat, no supressi\u00f3, i el refor\u00e7 dels Serveis Psicopedag\u00f2gics Escolars (*SPEs).<\/li><li>Atorgar el suport un\u00e0nime d&#8217;aquesta corporaci\u00f3 municipal als components dels Serveis Psicopedag\u00f2gics Escolars per les actuacions realitzades en mat\u00e8ria d&#8217;educaci\u00f3 i soci-sanit\u00e0ries amb l&#8217;alumnat, les seues fam\u00edlies i poblaci\u00f3 general.<\/li><li>Notificar aquesta moci\u00f3 al *Molt Honorable President de la Comunitat Valenciana Ximo Puig i Ferrer, al *Molt Honorable Conseller d&#8217;Educaci\u00f3 Vicent *Marz\u00e1, Al Secretari Auton\u00f2mic d&#8217;Educaci\u00f3 de la Generalitat Valenciana, al Servei d&#8217;Inclusi\u00f3 educativa de la Generalitat Valenciana, a tots els partits representats en les Corts Valencianes, als ajuntaments dels pobles, al *S\u00edndic de *Greuges, i al Ministeri d&#8217;Educaci\u00f3.<\/li><\/ol>\n","protected":false},"excerpt":{"rendered":"<div class=\"mh-excerpt\">Dilluns passat 22 de febrer en sessi\u00f3 plen\u00e0ria, amb tots els vots a favor dels representants pol\u00edtics del Consistori es va decidir el suport del poble de Bu\u00f1ol a demanar la retirada de l&#8217;esborrany del <a class=\"mh-excerpt-more\" href=\"https:\/\/tucomarca.whitekongsoftware.com\/ca\/lajuntament-de-bunyol-mostra-el-seu-suport-absolut-a-la-continuitat-i-reforcament-dels-serveis-psicopedagogics-escolars\/\" title=\"L&#8217;Ajuntament de Bunyol mostra el seu &#8220;suport absolut&#8221; a la continu\u00eftat i refor\u00e7ament dels serveis psicopedag\u00f2gics escolars\">[+] <\/a><\/div>\n","protected":false},"author":1,"featured_media":113022,"comment_status":"open","ping_status":"open","sticky":false,"template":"","format":"standard","meta":{"footnotes":""},"categories":[10911,10948,10894,10912,10947,10896],"tags":[10914],"class_list":["post-127155","post","type-post","status-publish","format-standard","has-post-thumbnail","category-bunol-ca","category-infraestructuras-ca","category-la-comarca-ca","category-la-hoya-ca","category-politica","category-seccion-ca","tag-la-hoya-de-bunol-chiva-ca"],"_links":{"self":[{"href":"https:\/\/tucomarca.whitekongsoftware.com\/ca\/wp-json\/wp\/v2\/posts\/127155","targetHints":{"allow":["GET"]}}],"collection":[{"href":"https:\/\/tucomarca.whitekongsoftware.com\/ca\/wp-json\/wp\/v2\/posts"}],"about":[{"href":"https:\/\/tucomarca.whitekongsoftware.com\/ca\/wp-json\/wp\/v2\/types\/post"}],"author":[{"embeddable":true,"href":"https:\/\/tucomarca.whitekongsoftware.com\/ca\/wp-json\/wp\/v2\/users\/1"}],"replies":[{"embeddable":true,"href":"https:\/\/tucomarca.whitekongsoftware.com\/ca\/wp-json\/wp\/v2\/comments?post=127155"}],"version-history":[{"count":0,"href":"https:\/\/tucomarca.whitekongsoftware.com\/ca\/wp-json\/wp\/v2\/posts\/127155\/revisions"}],"wp:featuredmedia":[{"embeddable":true,"href":"https:\/\/tucomarca.whitekongsoftware.com\/ca\/wp-json\/wp\/v2\/media\/113022"}],"wp:attachment":[{"href":"https:\/\/tucomarca.whitekongsoftware.com\/ca\/wp-json\/wp\/v2\/media?parent=127155"}],"wp:term":[{"taxonomy":"category","embeddable":true,"href":"https:\/\/tucomarca.whitekongsoftware.com\/ca\/wp-json\/wp\/v2\/categories?post=127155"},{"taxonomy":"post_tag","embeddable":true,"href":"https:\/\/tucomarca.whitekongsoftware.com\/ca\/wp-json\/wp\/v2\/tags?post=127155"}],"curies":[{"name":"wp","href":"https:\/\/api.w.org\/{rel}","templated":true}]}}