{"id":127124,"date":"2021-02-25T10:00:00","date_gmt":"2021-02-25T09:00:00","guid":{"rendered":"http:\/\/www.tucomarca.com\/wordpress\/segunda\/?p=127124"},"modified":"2021-02-25T14:11:45","modified_gmt":"2021-02-25T13:11:45","slug":"la-vacunacio-de-la-covid-19-en-allergics-es-segura-segons-els-especialistes-de-lhospital-de-manises","status":"publish","type":"post","link":"https:\/\/tucomarca.whitekongsoftware.com\/ca\/la-vacunacio-de-la-covid-19-en-allergics-es-segura-segons-els-especialistes-de-lhospital-de-manises\/","title":{"rendered":"La vacunaci\u00f3 de la Covid-19 en al\u00b7l\u00e8rgics \u00e9s segura, segons els especialistes de l&#8217;Hospital de Manises"},"content":{"rendered":"\n<h4 class=\"wp-block-heading\">La Dra. Pilar Alba Jord\u00e1, al\u00b7lerg\u00f2loga del Servei de de el Servei de Alergolog\u00eda de l&#8217;Hospital de Manises afirma que \u201cno es pot generalitzar l&#8217;evitaci\u00f3 de la vacuna&nbsp;a totes aquelles persones que pateixen una al\u00b7l\u00e8rgia ja que cal cal valorar quins components produeixen la reacci\u00f3 i si aquests s\u00f3n components de la vacuna contra la Covid-19\u201d<\/h4>\n\n\n\n<h4 class=\"wp-block-heading\">Aquesta vacuna tampoc est\u00e0 contraindicada en les persones que tenen al\u00b7l\u00e8rgia a antibi\u00f2tics o en asm\u00e0tics<\/h4>\n\n\n\n<h4 class=\"wp-block-heading\">Quant als efectes secundaris d&#8217;aquesta vacuna, les especialistes recorden que s\u00f3n lleus i les m\u00e9s freq\u00fcents s\u00f3n dolor en la zona de la burxada, cansament o una mica de febre<\/h4>\n\n\n\n<p class=\"wp-block-paragraph\">L&#8217;esperada&nbsp;vacunaci\u00f3 contra al COVID-19&nbsp;porta sent administrada des de fa setmanes en resid\u00e8ncies, persones dependents i professionals sanitaris. Amb la novetat d&#8217;aquesta vacuna i la incertesa del virus existeixen uns certs dubtes entre la poblaci\u00f3 sobre els possibles efectes, la seua efectivitat i les condicions necess\u00e0ries per al seu subministrament. Una dels dubtes m\u00e9s recurrents entre la poblaci\u00f3 \u00e9s la compatibilitat entre la vacuna i les persones que pateixen d&#8217;alguna mena d&#8217;al\u00b7l\u00e8rgia a aliments o medicaments i entre la poblaci\u00f3 asm\u00e0tica. Malgrat uns certs dubtes entre els col\u00b7lectius de persones al\u00b7l\u00e8rgiques, la recomanaci\u00f3 dels experts perqu\u00e8 se sotmeten al proc\u00e9s de vacunaci\u00f3 enfront de la Covid-19 \u00e9s clara. Aix\u00ed ho expressen les Dres. Pilar Alba Jord\u00e1 i Susana *Calaforra, del Servei de *Alergolog\u00eda de el&nbsp;Hospital de Manises en concordan\u00e7a amb la Societat Espanyola de *Alergolog\u00eda.<\/p>\n\n\n\n<p class=\"wp-block-paragraph\">No es pot generalitzar l&#8217;evitaci\u00f3 de la vacuna&nbsp;a totes aquelles persones que pateixen una al\u00b7l\u00e8rgia a un aliment o medicament. \u201cLes vacunes poden tindre components diferents i els pacients al\u00b7l\u00e8rgics pateixen rebuig a un o diversos dels seus components.\u201d, explica la Dra. Pilar Alba Jord\u00e1, al\u00b7lerg\u00f2loga de l&#8217;Hospital de Manises. Per tant, com indiquen les especialistes, \u201ccal valorar quins components produeixen la reacci\u00f3 i si aquests formen part essencial de la vacuna contra la Covid-19. S\u00f3n aqueixos els pocs casos en els quals la vacuna no podr\u00e0 administrar-se\u201d.<\/p>\n\n\n\n<p class=\"wp-block-paragraph\">Una altra de les preocupacions m\u00e9s comunes entre la poblaci\u00f3 \u00e9s la relaci\u00f3 entre les dosis de la vacuna i els efectes secundaris que puga produir. Davant aix\u00f2, la Dra. Susana *Calaforra, al\u00b7lerg\u00f2loga de l&#8217;Hospital de Manises explica que \u201cs\u00f3n molt lleus en la gran majoria dels casos. S&#8217;han vist alguns casos de dolor en la zona de la burxada, un cert cansament, una mica de febre i algun dolor muscular\u201d.<\/p>\n\n\n\n<p class=\"wp-block-paragraph\"><strong>Hospital de Manises<\/strong><\/p>\n\n\n\n<p class=\"wp-block-paragraph\">El Departament de Salut de Manises d\u00f3na cobertura i assist\u00e8ncia sanit\u00e0ria p\u00fablica, tant ambulat\u00f2ria com domicili\u00e0ria a m\u00e9s de 193.000 persones de 14 localitats a trav\u00e9s de l&#8217;Hospital de Manises, 10 centres de salut, 9 consultoris locals, 2 centres d&#8217;especialitats i l&#8217;Hospital de Cr\u00f2nics situat a Mislata. Des del seu naixement en 2009, el Departament de Salut ha consolidat un equip professional centrat en l&#8217;assist\u00e8ncia sanit\u00e0ria segura i de qualitat, amb uns excel\u00b7lents indicadors en accessibilitat i temps d&#8217;espera. Ara, amb la crisi sanit\u00e0ria derivada de la Covid-19, el Departament de Salut de Manises cont\u00ednua la seua activitat ateses les instruccions de la Conselleria de *Sanitat Universal i *Salut P\u00fablica, mantenint-se en els habituals nivells d&#8217;accessibilitat, qualitat i excel\u00b7l\u00e8ncia assistencial que li s\u00f3n propis des dels seus inicis, incorporant la tecnologia al servei d&#8217;atenci\u00f3 sanit\u00e0ria per a estar prop de les persones.<\/p>\n","protected":false},"excerpt":{"rendered":"<div class=\"mh-excerpt\">La Dra. Pilar Alba Jord\u00e1, al\u00b7lerg\u00f2loga del Servei de de el Servei de Alergolog\u00eda de l&#8217;Hospital de Manises afirma que \u201cno es pot generalitzar l&#8217;evitaci\u00f3 de la vacuna&nbsp;a totes aquelles persones que pateixen una al\u00b7l\u00e8rgia <a class=\"mh-excerpt-more\" href=\"https:\/\/tucomarca.whitekongsoftware.com\/ca\/la-vacunacio-de-la-covid-19-en-allergics-es-segura-segons-els-especialistes-de-lhospital-de-manises\/\" title=\"La vacunaci\u00f3 de la Covid-19 en al\u00b7l\u00e8rgics \u00e9s segura, segons els especialistes de l&#8217;Hospital de Manises\">[+] <\/a><\/div>\n","protected":false},"author":1,"featured_media":127123,"comment_status":"open","ping_status":"open","sticky":false,"template":"","format":"standard","meta":{"footnotes":""},"categories":[10973,10911,10892,11010,12202,10898,10977,10980,10948,10894,10904,10912,10902,10931,10978,10906,10896,10897,11047,10974,10975],"tags":[10899,11939,11940,10914,11093],"class_list":["post-127124","post","type-post","status-publish","format-standard","has-post-thumbnail","category-alborache-ca","category-bunol-ca","category-camp-de-turia-ca","category-canal-salud","category-covid-19-ca","category-ventana-ca","category-godelleta-ca","category-yatova-ca","category-infraestructuras-ca","category-la-comarca-ca","category-sin-categorizar-ca","category-la-hoya-ca","category-la-ribera-ca","category-loriguilla-ca","category-macastre-ca","category-riba-roja-ca","category-seccion-ca","category-sucesos-la-comarca-ca","category-turis-ca","category-cheste-ca","category-chiva-ca","tag-camp-de-turia-ca","tag-coronavirus-ca","tag-covid-19-ca","tag-la-hoya-de-bunol-chiva-ca","tag-turis-ca"],"_links":{"self":[{"href":"https:\/\/tucomarca.whitekongsoftware.com\/ca\/wp-json\/wp\/v2\/posts\/127124","targetHints":{"allow":["GET"]}}],"collection":[{"href":"https:\/\/tucomarca.whitekongsoftware.com\/ca\/wp-json\/wp\/v2\/posts"}],"about":[{"href":"https:\/\/tucomarca.whitekongsoftware.com\/ca\/wp-json\/wp\/v2\/types\/post"}],"author":[{"embeddable":true,"href":"https:\/\/tucomarca.whitekongsoftware.com\/ca\/wp-json\/wp\/v2\/users\/1"}],"replies":[{"embeddable":true,"href":"https:\/\/tucomarca.whitekongsoftware.com\/ca\/wp-json\/wp\/v2\/comments?post=127124"}],"version-history":[{"count":0,"href":"https:\/\/tucomarca.whitekongsoftware.com\/ca\/wp-json\/wp\/v2\/posts\/127124\/revisions"}],"wp:featuredmedia":[{"embeddable":true,"href":"https:\/\/tucomarca.whitekongsoftware.com\/ca\/wp-json\/wp\/v2\/media\/127123"}],"wp:attachment":[{"href":"https:\/\/tucomarca.whitekongsoftware.com\/ca\/wp-json\/wp\/v2\/media?parent=127124"}],"wp:term":[{"taxonomy":"category","embeddable":true,"href":"https:\/\/tucomarca.whitekongsoftware.com\/ca\/wp-json\/wp\/v2\/categories?post=127124"},{"taxonomy":"post_tag","embeddable":true,"href":"https:\/\/tucomarca.whitekongsoftware.com\/ca\/wp-json\/wp\/v2\/tags?post=127124"}],"curies":[{"name":"wp","href":"https:\/\/api.w.org\/{rel}","templated":true}]}}