{"id":127118,"date":"2021-02-24T19:00:00","date_gmt":"2021-02-24T18:00:00","guid":{"rendered":"http:\/\/www.tucomarca.com\/wordpress\/segunda\/?p=127118"},"modified":"2021-02-25T12:02:44","modified_gmt":"2021-02-25T11:02:44","slug":"la-comunitat-valenciana-supera-les-100-000-persones-immunitzades","status":"publish","type":"post","link":"https:\/\/tucomarca.whitekongsoftware.com\/ca\/la-comunitat-valenciana-supera-les-100-000-persones-immunitzades\/","title":{"rendered":"La Comunitat Valenciana supera les 100.000 persones immunitzades"},"content":{"rendered":"\n<p class=\"wp-block-paragraph\"><strong>Sanitat registra 530 casos nous de coronavirus i 2.052 altes<\/strong><\/p>\n\n\n\n<p class=\"wp-block-paragraph\"><strong>Nous positius per prov\u00edncies: 37 a Castell\u00f3, 228 a Alacant i 265 a Val\u00e8nciaa<\/strong><\/p>\n\n\n\n<p class=\"wp-block-paragraph\">La Comunitat Valenciana ha administrat un total de 288.735 dosi de la vacuna contra el coronavirus. Per prov\u00edncies, 35.942 a Castell\u00f3, 103.319 a Alacant i 149.474 a Val\u00e8ncia. Han rebut les dues dosis de la vacuna 100.996 persones. D&#8217;altra banda, s&#8217;han notificat 530 casos nous de coronavirus confirmats per prova *PCR o a trav\u00e9s de test d&#8217;ant\u00edgens des de l&#8217;\u00faltima actualitzaci\u00f3, que situen la xifra total de positius en 376.582 persones.<\/p>\n\n\n\n<p class=\"wp-block-paragraph\">Per prov\u00edncies, la distribuci\u00f3 de nous positius \u00e9s la seg\u00fcent: 37 a Castell\u00f3 (38.551 en total), 228 a Alacant (141.636 en total) i 265 a la prov\u00edncia de Val\u00e8ncia (196.393). A m\u00e9s, el total de casos sense assignar en tota la Comunitat Valenciana es mant\u00e9 en 2.<\/p>\n\n\n\n<p class=\"wp-block-paragraph\">Des de l&#8217;\u00faltima actualitzaci\u00f3 s&#8217;han registrat 2.052 altes a pacients amb coronavirus. D&#8217;aquesta manera, ja s\u00f3n 369.154 persones en la Comunitat Valenciana les que han superat la malaltia des que va comen\u00e7ar la pand\u00e8mia. Per prov\u00edncies, les altes es distribueixen de la seg\u00fcent manera: 37.810 a Castell\u00f3, 138.523 a Alacant i 192.765 a Val\u00e8ncia, a m\u00e9s de 56 no assignades.<\/p>\n\n\n\n<p class=\"wp-block-paragraph\">Els hospitals valencians tenen, actualment, 1.351 persones ingressades: 128 a la prov\u00edncia de Castell\u00f3, amb 20 pacients en UCI; 581 a la prov\u00edncia d&#8217;Alacant, 133 d&#8217;ells en l&#8217;UCI; i 642 a la prov\u00edncia de Val\u00e8ncia, 165 d&#8217;ells en UCI.<\/p>\n\n\n\n<p class=\"wp-block-paragraph\">A m\u00e9s, s&#8217;han registrat 63 defuncions per coronavirus des de l&#8217;\u00faltima actualitzaci\u00f3, per la qual cosa el total de defuncions des de l&#8217;inici de la pand\u00e8mia \u00e9s de 6.553 persones: 749 a la prov\u00edncia de Castell\u00f3, 2.462 en la d&#8217;Alacant i 3.342 en la de Val\u00e8ncia.<\/p>\n\n\n\n<p class=\"wp-block-paragraph\">D&#8217;acord amb les dades registrades, en aquests moments hi ha 12.356 casos actius, la qual cosa suposa un 3,18% del total de positius.<\/p>\n\n\n\n<p class=\"wp-block-paragraph\">Actualitzaci\u00f3 de la situaci\u00f3 en resid\u00e8ncies<\/p>\n\n\n\n<p class=\"wp-block-paragraph\">Des de l&#8217;\u00faltima actualitzaci\u00f3, els casos positius en resid\u00e8ncies de majors s&#8217;han redu\u00eft a 99 (9 a la prov\u00edncia de Castell\u00f3, 31 a la prov\u00edncia d&#8217;Alacant i 59 a la prov\u00edncia de Val\u00e8ncia), 17 centres de diversitat funcional (2 a la prov\u00edncia de Castell\u00f3, 3 a la prov\u00edncia d&#8217;Alacant i 12 a la prov\u00edncia de Val\u00e8ncia) i 3 centres de menors (1 a la prov\u00edncia d&#8217;Alacant i 2 a la prov\u00edncia de Val\u00e8ncia).<\/p>\n\n\n\n<p class=\"wp-block-paragraph\">\u00b7 Residents nous positius: 18<\/p>\n\n\n\n<p class=\"wp-block-paragraph\">\u00b7 Treballadors i treballadores nous positius: 34<\/p>\n\n\n\n<p class=\"wp-block-paragraph\">\u00b7 Residents que han mort: 12<\/p>\n\n\n\n<p class=\"wp-block-paragraph\">Actualment, es troben sota vigil\u00e0ncia activa de control sanitari 47 resid\u00e8ncies en la Comunitat Valenciana: 6 a la prov\u00edncia de Castell\u00f3, 17 a la prov\u00edncia d&#8217;Alacant i 24 a la prov\u00edncia de Val\u00e8ncia.<\/p>\n\n\n\n<p class=\"wp-block-paragraph\">Actualitzaci\u00f3 brolles de coronavirus<\/p>\n\n\n\n<p class=\"wp-block-paragraph\">S&#8217;han registrat 18 nous brots des de l&#8217;\u00faltima actualitzaci\u00f3: 1 a la prov\u00edncia de Castell\u00f3, 10 a la prov\u00edncia d&#8217;Alacant i 7 a la prov\u00edncia de Val\u00e8ncia.<\/p>\n\n\n\n<p class=\"wp-block-paragraph\">\u00b7 la Vila Joiosa: 4 casos. Origen social<\/p>\n\n\n\n<p class=\"wp-block-paragraph\">\u00b7 Finestrat: 5 casos. Origen social<\/p>\n\n\n\n<p class=\"wp-block-paragraph\">\u00b7 Alfafar: 6 casos. Origen social<\/p>\n\n\n\n<p class=\"wp-block-paragraph\">\u00b7 Elx: 7 casos. Origen social<\/p>\n\n\n\n<p class=\"wp-block-paragraph\">\u00b7 Ontinyent: 9 casos. Origen social<\/p>\n\n\n\n<p class=\"wp-block-paragraph\">\u00b7 Almassora: 3 casos. \u00c0mbit educatiu<\/p>\n\n\n\n<p class=\"wp-block-paragraph\">\u00b7 la Vila Joiosa: 4 casos. Origen social<\/p>\n\n\n\n<p class=\"wp-block-paragraph\">\u00b7 Beniarj\u00f3: 6 casos. Origen social<\/p>\n\n\n\n<p class=\"wp-block-paragraph\">\u00b7 Quart de Poblet: 6 casos. Origen social<\/p>\n\n\n\n<p class=\"wp-block-paragraph\">\u00b7 Altea: 4 casos. Origen social<\/p>\n\n\n\n<p class=\"wp-block-paragraph\">\u00b7 Val\u00e8ncia: 3 casos. Origen laboral<\/p>\n\n\n\n<p class=\"wp-block-paragraph\">\u00b7 Alacant: 5 casos. \u00c0mbit educatiu<\/p>\n\n\n\n<p class=\"wp-block-paragraph\">\u00b7 la Vila Joiosa: 4 casos. Origen social<\/p>\n\n\n\n<p class=\"wp-block-paragraph\">\u00b7 Benidorm: 3 casos. Origen social<\/p>\n\n\n\n<p class=\"wp-block-paragraph\">\u00b7 Silla: 4 casos. Origen social<\/p>\n\n\n\n<p class=\"wp-block-paragraph\">\u00b7 Burjassot: 4 casos. Origen social<\/p>\n\n\n\n<p class=\"wp-block-paragraph\">\u00b7 Elx: 4 casos. Origen social<\/p>\n\n\n\n<p class=\"wp-block-paragraph\">\u00b7 Elx: 6 casos. Origen social<\/p>\n","protected":false},"excerpt":{"rendered":"<div class=\"mh-excerpt\">Sanitat registra 530 casos nous de coronavirus i 2.052 altes Nous positius per prov\u00edncies: 37 a Castell\u00f3, 228 a Alacant i 265 a Val\u00e8nciaa La Comunitat Valenciana ha administrat un total de 288.735 dosi de <a class=\"mh-excerpt-more\" href=\"https:\/\/tucomarca.whitekongsoftware.com\/ca\/la-comunitat-valenciana-supera-les-100-000-persones-immunitzades\/\" title=\"La Comunitat Valenciana supera les 100.000 persones immunitzades\">[+] <\/a><\/div>\n","protected":false},"author":1,"featured_media":124151,"comment_status":"open","ping_status":"open","sticky":false,"template":"","format":"standard","meta":{"footnotes":""},"categories":[11010,12202,10898,10948,10894,10904,10903,10947,10896,10897],"tags":[11939,11940,11199],"class_list":["post-127118","post","type-post","status-publish","format-standard","has-post-thumbnail","category-canal-salud","category-covid-19-ca","category-ventana-ca","category-infraestructuras-ca","category-la-comarca-ca","category-sin-categorizar-ca","category-medio-ambiente-la-comarca-ca","category-politica","category-seccion-ca","category-sucesos-la-comarca-ca","tag-coronavirus-ca","tag-covid-19-ca","tag-la-comunitat-ca"],"_links":{"self":[{"href":"https:\/\/tucomarca.whitekongsoftware.com\/ca\/wp-json\/wp\/v2\/posts\/127118","targetHints":{"allow":["GET"]}}],"collection":[{"href":"https:\/\/tucomarca.whitekongsoftware.com\/ca\/wp-json\/wp\/v2\/posts"}],"about":[{"href":"https:\/\/tucomarca.whitekongsoftware.com\/ca\/wp-json\/wp\/v2\/types\/post"}],"author":[{"embeddable":true,"href":"https:\/\/tucomarca.whitekongsoftware.com\/ca\/wp-json\/wp\/v2\/users\/1"}],"replies":[{"embeddable":true,"href":"https:\/\/tucomarca.whitekongsoftware.com\/ca\/wp-json\/wp\/v2\/comments?post=127118"}],"version-history":[{"count":0,"href":"https:\/\/tucomarca.whitekongsoftware.com\/ca\/wp-json\/wp\/v2\/posts\/127118\/revisions"}],"wp:featuredmedia":[{"embeddable":true,"href":"https:\/\/tucomarca.whitekongsoftware.com\/ca\/wp-json\/wp\/v2\/media\/124151"}],"wp:attachment":[{"href":"https:\/\/tucomarca.whitekongsoftware.com\/ca\/wp-json\/wp\/v2\/media?parent=127118"}],"wp:term":[{"taxonomy":"category","embeddable":true,"href":"https:\/\/tucomarca.whitekongsoftware.com\/ca\/wp-json\/wp\/v2\/categories?post=127118"},{"taxonomy":"post_tag","embeddable":true,"href":"https:\/\/tucomarca.whitekongsoftware.com\/ca\/wp-json\/wp\/v2\/tags?post=127118"}],"curies":[{"name":"wp","href":"https:\/\/api.w.org\/{rel}","templated":true}]}}