{"id":127080,"date":"2021-02-24T09:00:00","date_gmt":"2021-02-24T08:00:00","guid":{"rendered":"http:\/\/www.tucomarca.com\/wordpress\/segunda\/?p=127080"},"modified":"2021-02-24T13:55:56","modified_gmt":"2021-02-24T12:55:56","slug":"ava-asaja-preveu-que-lagricultura-valenciana-perdra-90-milions-amb-la-pac-2023-27-proposta","status":"publish","type":"post","link":"https:\/\/tucomarca.whitekongsoftware.com\/ca\/ava-asaja-preveu-que-lagricultura-valenciana-perdra-90-milions-amb-la-pac-2023-27-proposta\/","title":{"rendered":"AVA-Asaja preveu que l&#8217;agricultura valenciana perdr\u00e0 90 milions amb la PAC 2023-27 proposta"},"content":{"rendered":"\n<h4 class=\"wp-block-heading\"><strong>Reclama al Ministeri que tinga en compte les particularitats del camp valenci\u00e0 perqu\u00e8 amena\u00e7a amb deixar fora de les ajudes directes a la meitat dels perceptors. Concretament uns 25.000.<\/strong><\/h4>\n\n\n\n<p class=\"wp-block-paragraph\">L&#8217;Associaci\u00f3 Valenciana d&#8217;Agricultors (<em>AVA-<\/em>ASAJA) alerta que l&#8217;actual model que proposa el Ministeri d&#8217;Agricultura per a l&#8217;aplicaci\u00f3 a Espanya de la futura Pol\u00edtica Agr\u00edcola Comuna (PAC) corresponent al per\u00edode 2023-2027 suposaria un vertader daltabaix per a l&#8217;agricultura valenciana en contemplar una retallada aproximada del 20% de les ajudes directes en comparaci\u00f3 amb les percebudes en l&#8217;actualitat. Segons les estimacions de <em>AVA-<\/em>ASAJA, de confirmar-se la nova reforma del Govern central, els agricultors de la Comunitat Valenciana patirien una p\u00e8rdua de 18 milions d&#8217;euros cada any en ajudes directes o, cosa que \u00e9s el mateix, una disminuci\u00f3 global de 90 milions durant els cinc exercicis referits.<br>El president de <em>AVA-<\/em>ASAJA, Crist\u00f3bal Aguado, acusa el ministre d&#8217;Agricultura, Luis Planas, de \u201cimpulsar diverses modificacions amb una perspectiva fonamentalment enfocada a l&#8217;agricultura continental que no tenen en compte les particularitats del camp valenci\u00e0, ni als seus cultius, ni a la seua estructura minifundista, ni als seus m\u00e8todes de producci\u00f3 respectuosos amb el medi ambient. Els textos als quals hem tingut acc\u00e9s incompleixen les promeses que va anunciar Planas en la seua \u00faltima visita a Val\u00e8ncia com la que la PAC tindria un accent mediterrani o la que tots els productors de fruites i hortalisses per fi accedirien a les ajudes directes\u201d.<br>En primer lloc, l&#8217;organitzaci\u00f3 agr\u00e0ria rebutja la definici\u00f3 d&#8217;agricultor genu\u00ed plantejada pel Ministeri, que estableix un llindar m\u00ednim d&#8217;ingressos agraris respecte als totals per a percebre ajudes fins a tal extrem que pot deixar fora de les mateixes a uns 25.000 agricultors valencians, \u00e9s a dir, m\u00e9s de la meitat dels actuals perceptors, d&#8217;acord amb un informe que va realitzar el propi departament agrari del Govern central en 2017. <em>AVA-<\/em>ASAJA demana contemplar, en el seu lloc, la figura d&#8217;agricultor pluriactiu \u2013propietaris agraris que tinguen altres activitats diferents i es dediquen al camp a temps parcial\u2013 per a donar suport a la seua contribuci\u00f3 *socioambiental i la seua lluita contra el despoblament.<br>En la mateixa l\u00ednia, l&#8217;entitat presidida per Crist\u00f3bal Aguado tamb\u00e9 exigeix un r\u00e8gim de xicotets agricultors espec\u00edfic i simplificat, tal com es troba actualment, a fi d&#8217;evitar m\u00e9s c\u00e0rrega burocr\u00e0tica. Aix\u00ed mateix, sol\u00b7licita al Ministeri que no embulle amb altres conceptes difusos com la superf\u00edcie admissible que donaria prioritat als beneficiaris hist\u00f2rics en detriment d&#8217;agricultors que mai abans han rebut ajudes directes de la PAC.<br>Dos de les mesures estreles de la pol\u00edtica agr\u00e0ria europea, els *ecoesquemas i la converg\u00e8ncia, tampoc beneficiaran als agricultors valencians d&#8217;emportar-se a la pr\u00e0ctica segons les directrius del Govern espanyol. D&#8217;una banda, <em>AVA-<\/em>ASAJA critica que dels nou *ecoesquemas proposats a Espanya pr\u00e0cticament s\u00f3n aplicables de manera generalitzada tres en l&#8217;agricultura valenciana i, a m\u00e9s, impliquen en molts casos restriccions irrealitzables i sobrecostos econ\u00f2mics dif\u00edcilment assumibles perqu\u00e8 van m\u00e9s enll\u00e0 de la condicionalitat refor\u00e7ada.<br>Quant a la converg\u00e8ncia plantejada a partir de 2023, *AVA-*ASAJA demana mesures compensat\u00f2ries per a aquells sectors m\u00e9s afectats, especialment la ramaderia i l&#8217;arr\u00f2s, ja que la brutal retallada que s&#8217;albira, de fins al 50% respecte a l&#8217;import de 2019, posa en risc la continu\u00eftat de les explotacions. En el cas de l&#8217;arr\u00f2s, l&#8217;associaci\u00f3 tem a m\u00e9s el tremend impacte mediambiental que provocaria la mesura en el manteniment del parc natural de l&#8217;Albufera, on el cultiu exerceix un paper clau.<br>Finalment, *AVA-*ASAJA adverteix de la incertesa que existeix respecte a les ajudes incloses en el segon pilar de Desenvolupament Rural, ja que la lletra xicoteta del Pla Estrat\u00e8gic del Ministeri encara no es coneix. Informa, <strong>Luis Ib\u00e1\u00f1ez<\/strong>.<\/p>\n","protected":false},"excerpt":{"rendered":"<div class=\"mh-excerpt\">Reclama al Ministeri que tinga en compte les particularitats del camp valenci\u00e0 perqu\u00e8 amena\u00e7a amb deixar fora de les ajudes directes a la meitat dels perceptors. Concretament uns 25.000. L&#8217;Associaci\u00f3 Valenciana d&#8217;Agricultors (AVA-ASAJA) alerta que <a class=\"mh-excerpt-more\" href=\"https:\/\/tucomarca.whitekongsoftware.com\/ca\/ava-asaja-preveu-que-lagricultura-valenciana-perdra-90-milions-amb-la-pac-2023-27-proposta\/\" title=\"AVA-Asaja preveu que l&#8217;agricultura valenciana perdr\u00e0 90 milions amb la PAC 2023-27 proposta\">[+] <\/a><\/div>\n","protected":false},"author":1,"featured_media":72099,"comment_status":"open","ping_status":"open","sticky":false,"template":"","format":"standard","meta":{"footnotes":""},"categories":[10890,10905,10951,10892,11046,10898,10948,10963,10894,10904,10912,10902,10947,10909,10896],"tags":[11309,11924,13933],"class_list":["post-127080","post","type-post","status-publish","format-standard","has-post-thumbnail","category-ademus","category-agricultura-la-comarca-ca","category-ayora-cofrentes-ca","category-camp-de-turia-ca","category-los-serranos-ca","category-ventana-ca","category-infraestructuras-ca","category-la-canal-de-navarres-ca","category-la-comarca-ca","category-sin-categorizar-ca","category-la-hoya-ca","category-la-ribera-ca","category-politica","category-requena-utiel-ca","category-seccion-ca","tag-agricultura-ca","tag-ava-asaja-ca","tag-campo-ca"],"_links":{"self":[{"href":"https:\/\/tucomarca.whitekongsoftware.com\/ca\/wp-json\/wp\/v2\/posts\/127080","targetHints":{"allow":["GET"]}}],"collection":[{"href":"https:\/\/tucomarca.whitekongsoftware.com\/ca\/wp-json\/wp\/v2\/posts"}],"about":[{"href":"https:\/\/tucomarca.whitekongsoftware.com\/ca\/wp-json\/wp\/v2\/types\/post"}],"author":[{"embeddable":true,"href":"https:\/\/tucomarca.whitekongsoftware.com\/ca\/wp-json\/wp\/v2\/users\/1"}],"replies":[{"embeddable":true,"href":"https:\/\/tucomarca.whitekongsoftware.com\/ca\/wp-json\/wp\/v2\/comments?post=127080"}],"version-history":[{"count":0,"href":"https:\/\/tucomarca.whitekongsoftware.com\/ca\/wp-json\/wp\/v2\/posts\/127080\/revisions"}],"wp:featuredmedia":[{"embeddable":true,"href":"https:\/\/tucomarca.whitekongsoftware.com\/ca\/wp-json\/wp\/v2\/media\/72099"}],"wp:attachment":[{"href":"https:\/\/tucomarca.whitekongsoftware.com\/ca\/wp-json\/wp\/v2\/media?parent=127080"}],"wp:term":[{"taxonomy":"category","embeddable":true,"href":"https:\/\/tucomarca.whitekongsoftware.com\/ca\/wp-json\/wp\/v2\/categories?post=127080"},{"taxonomy":"post_tag","embeddable":true,"href":"https:\/\/tucomarca.whitekongsoftware.com\/ca\/wp-json\/wp\/v2\/tags?post=127080"}],"curies":[{"name":"wp","href":"https:\/\/api.w.org\/{rel}","templated":true}]}}